{"id":112828,"date":"2025-12-10T15:34:08","date_gmt":"2025-12-10T15:34:08","guid":{"rendered":"https:\/\/www.europesays.com\/fi\/112828\/"},"modified":"2025-12-10T15:34:08","modified_gmt":"2025-12-10T15:34:08","slug":"tanska-lupaa-gronlantilaisille-naisille-noin-40-000-euron-hyvityksia-pakkokierukoista-uutisia-lyhyesti","status":"publish","type":"post","link":"https:\/\/www.europesays.com\/fi\/112828\/","title":{"rendered":"Tanska lupaa gr\u00f6nlantilaisille naisille noin 40\u00a0000 euron hyvityksi\u00e4 pakkokierukoista | Uutisia lyhyesti"},"content":{"rendered":"<p class=\"aw-1gybjub aw-5vja16 kEtdKx kmuxyA yle__article__paragraph\">Tanskan hallitus ja kansank\u00e4r\u00e4jien laaja enemmist\u00f6 ovat nyt p\u00e4\u00e4sseet sopimukseen sovintorahaston perustamisesta.<\/p>\n<p class=\"aw-1gybjub aw-1p7kakr kEtdKx cEmitX yle__article__paragraph\">Gr\u00f6nlantilaiset naiset, jotka pakotettiin k\u00e4ytt\u00e4m\u00e4\u00e4n kierukkaa, voivat hakea Tanskan valtiolta 300\u00a0000 kruunun eli noin 40\u00a0000 euron hyvityst\u00e4. Asiasta kertoo <a class=\"aw-iao6s4 iHOxEa yle__article__link\" href=\"https:\/\/www.ism.dk\/nyheder\/2025\/december\/politisk-aftale-sikrer-oekonomisk-godtgoerelse-til-groenlandske-kvinder-i-spiralsagen\" role=\"link\" rel=\"nofollow noopener\" target=\"_blank\">Tanskan terveysministeri\u00f6 tiedotteessa<\/a>.<\/p>\n<p class=\"aw-1gybjub aw-1p7kakr kEtdKx cEmitX yle__article__paragraph\">Kaikkiaan noin 4\u00a0500 gr\u00f6nlantilaiselle naiselle asennettiin kierukka vuosien 1960 ja 1991 v\u00e4lill\u00e4 heid\u00e4n tiet\u00e4m\u00e4tt\u00e4\u00e4n tai antamatta suostumustaan.<\/p>\n<p class=\"aw-1gybjub aw-1p7kakr kEtdKx cEmitX yle__article__paragraph\">Tanskan hallitus ja kansank\u00e4r\u00e4jien laaja enemmist\u00f6 ovat nyt p\u00e4\u00e4sseet sopimukseen sovintorahaston perustamisesta gr\u00f6nlantilaisille naisille, terveysministeri\u00f6 kertoo. Naiset voivat hakea rahastosta hyvityst\u00e4 ensi vuoden huhtikuusta alkaen.<\/p>\n<p class=\"aw-1gybjub aw-1p7kakr kEtdKx cEmitX yle__article__paragraph\">\u2013 Emme valitettavasti voi poistaa naisten tuskaa, mutta hyvitys auttaa tunnustamaan naisten kokemukset ja pyyt\u00e4m\u00e4\u00e4n anteeksi niit\u00e4. Olen iloinen, ett\u00e4 suuri enemmist\u00f6 kansank\u00e4r\u00e4jiss\u00e4 nyt varmistaa, ett\u00e4 n\u00e4m\u00e4 naiset voivat saada taloudellisen hyvityksen, terveysministeri <strong class=\"aw-ak79eh KyCXm yle__article__strong\">Sophie L\u00f8hde<\/strong> sanoi tiedotteessa.<\/p>\n<p class=\"aw-1gybjub aw-1p7kakr kEtdKx cEmitX yle__article__paragraph\">Hyvitykseen ovat oikeutettuja naiset, jotka ovat asuneet Gr\u00f6nlannissa tai olleet koulussa Tanskassa vuosina 1960\u20131991. Naisen tulee pysty\u00e4 osoittamaan, ett\u00e4 h\u00e4nelle asennettiin kierukka ja vakuuttaa kunniansa kautta, ett\u00e4 se asetettiin h\u00e4nen tiet\u00e4m\u00e4tt\u00e4\u00e4n tai ilman suostumusta.<\/p>\n","protected":false},"excerpt":{"rendered":"Tanskan hallitus ja kansank\u00e4r\u00e4jien laaja enemmist\u00f6 ovat nyt p\u00e4\u00e4sseet sopimukseen sovintorahaston perustamisesta. Gr\u00f6nlantilaiset naiset, jotka pakotettiin k\u00e4ytt\u00e4m\u00e4\u00e4n kierukkaa,&hellip;\n","protected":false},"author":2,"featured_media":74,"comment_status":"","ping_status":"","sticky":false,"template":"","format":"standard","meta":{"footnotes":""},"categories":[14],"tags":[22,23,26,27,33,31,30,4538,17,20819,24,25,28,29,15,18,21,32,1014,167,19,20,56,16,59,60,61],"class_list":{"0":"post-112828","1":"post","2":"type-post","3":"status-publish","4":"format-standard","5":"has-post-thumbnail","7":"category-ulkomaat","8":"tag-breaking-news","9":"tag-breakingnews","10":"tag-featured-news","11":"tag-featurednews","12":"tag-fi","13":"tag-finland","14":"tag-finnish","15":"tag-gronlanti","16":"tag-headlines","17":"tag-kierukat","18":"tag-latest-news","19":"tag-latestnews","20":"tag-main-news","21":"tag-mainnews","22":"tag-news","23":"tag-otsikot","24":"tag-paauutiset","25":"tag-suomi","26":"tag-tanska","27":"tag-terveys","28":"tag-top-stories","29":"tag-topstories","30":"tag-ulkomaat","31":"tag-uutiset","32":"tag-world","33":"tag-world-news","34":"tag-worldnews"},"share_on_mastodon":{"url":"https:\/\/pubeurope.com\/@fi\/115696006886801320","error":""},"_links":{"self":[{"href":"https:\/\/www.europesays.com\/fi\/wp-json\/wp\/v2\/posts\/112828","targetHints":{"allow":["GET"]}}],"collection":[{"href":"https:\/\/www.europesays.com\/fi\/wp-json\/wp\/v2\/posts"}],"about":[{"href":"https:\/\/www.europesays.com\/fi\/wp-json\/wp\/v2\/types\/post"}],"author":[{"embeddable":true,"href":"https:\/\/www.europesays.com\/fi\/wp-json\/wp\/v2\/users\/2"}],"replies":[{"embeddable":true,"href":"https:\/\/www.europesays.com\/fi\/wp-json\/wp\/v2\/comments?post=112828"}],"version-history":[{"count":0,"href":"https:\/\/www.europesays.com\/fi\/wp-json\/wp\/v2\/posts\/112828\/revisions"}],"wp:featuredmedia":[{"embeddable":true,"href":"https:\/\/www.europesays.com\/fi\/wp-json\/wp\/v2\/media\/74"}],"wp:attachment":[{"href":"https:\/\/www.europesays.com\/fi\/wp-json\/wp\/v2\/media?parent=112828"}],"wp:term":[{"taxonomy":"category","embeddable":true,"href":"https:\/\/www.europesays.com\/fi\/wp-json\/wp\/v2\/categories?post=112828"},{"taxonomy":"post_tag","embeddable":true,"href":"https:\/\/www.europesays.com\/fi\/wp-json\/wp\/v2\/tags?post=112828"}],"curies":[{"name":"wp","href":"https:\/\/api.w.org\/{rel}","templated":true}]}}