{"id":112829,"date":"2025-12-10T15:35:10","date_gmt":"2025-12-10T15:35:10","guid":{"rendered":"https:\/\/www.europesays.com\/fi\/112829\/"},"modified":"2025-12-10T15:35:10","modified_gmt":"2025-12-10T15:35:10","slug":"keha-illa-ketjukolari-mtv-uutiset","status":"publish","type":"post","link":"https:\/\/www.europesays.com\/fi\/112829\/","title":{"rendered":"Keh\u00e4 I:ll\u00e4 ketjukolari | MTV Uutiset"},"content":{"rendered":"<p><strong class=\"typography-bold\">Onnettomuudessa on ollut osallisena viisi henkil\u00f6\u00e4.<\/strong><\/p>\n<p>Poliisi kertoo saaneensa ilmoituksen tieliikenneonnettomuudesta 10. joulukuuta kello 16.30. Onnettomuuspaikka on Keh\u00e4 I:ll\u00e4 Pakilasta l\u00e4nteen.<\/p>\n<p>Pelastuslaitoksen tilannehuoneesta sanotaan, ett\u00e4 kolarissa on ollut osallisena nelj\u00e4 autoa. Ensitietojen mukaan osallisena oli viisi autoa, mutta ensimm\u00e4isen yksik\u00f6n saavuttua paikalle autojen m\u00e4\u00e4r\u00e4 varmistui.<\/p>\n<p>Tilannehuoneelta kerrotaan, ett\u00e4 onnettomuudessa on ollut osallisena viisi henkil\u00f6\u00e4. Mahdollisista loukkaantumista ei ollut viel\u00e4 hieman viiden j\u00e4lkeen tietoa.<\/p>\n<p>Pelastuslaitoksen mukaan yksi autoista on jouduttu siirt\u00e4m\u00e4\u00e4n tien sivuun, mutta muut kolme autoa on pystytty ajamaan pois onnettomuuspaikalta.<\/p>\n<p>Poliisin mukaan kaksi kaistaa on suljettu pelastust\u00f6iden takia. Vain yksi kaista l\u00e4nteen on k\u00e4yt\u00f6ss\u00e4.\u00a0Pelastuslaitoksen tiedotteen mukaan kaistat on suljettu l\u00e4nteen p\u00e4in Pakilan ja Pirkkolan liittymien kohdalla. Raivaaminen oli edelleen kesken viiden j\u00e4lkeen.<\/p>\n<p>Onnettomuus aiheuttaa ruuhkaa. Poliisi ohjaa liikennett\u00e4.<\/p>\n<p><img decoding=\"async\" fetchpriority=\"low\" loading=\"lazy\" alt=\"Olitko paikalla UUSI VERSIO\" class=\"block h-auto w-full\" src=\"https:\/\/www.europesays.com\/fi\/wp-content\/uploads\/2025\/09\/olitko-paikalla-uusi-versio.png\"\/><\/p>\n","protected":false},"excerpt":{"rendered":"Onnettomuudessa on ollut osallisena viisi henkil\u00f6\u00e4. Poliisi kertoo saaneensa ilmoituksen tieliikenneonnettomuudesta 10. joulukuuta kello 16.30. Onnettomuuspaikka on Keh\u00e4&hellip;\n","protected":false},"author":2,"featured_media":1576,"comment_status":"","ping_status":"","sticky":false,"template":"","format":"standard","meta":{"footnotes":""},"categories":[12],"tags":[22,23,26,27,33,31,30,17,24,25,28,29,15,18,21,32,19,20,16],"class_list":{"0":"post-112829","1":"post","2":"type-post","3":"status-publish","4":"format-standard","5":"has-post-thumbnail","7":"category-suomi","8":"tag-breaking-news","9":"tag-breakingnews","10":"tag-featured-news","11":"tag-featurednews","12":"tag-fi","13":"tag-finland","14":"tag-finnish","15":"tag-headlines","16":"tag-latest-news","17":"tag-latestnews","18":"tag-main-news","19":"tag-mainnews","20":"tag-news","21":"tag-otsikot","22":"tag-paauutiset","23":"tag-suomi","24":"tag-top-stories","25":"tag-topstories","26":"tag-uutiset"},"share_on_mastodon":{"url":"https:\/\/pubeurope.com\/@fi\/115696010934124978","error":""},"_links":{"self":[{"href":"https:\/\/www.europesays.com\/fi\/wp-json\/wp\/v2\/posts\/112829","targetHints":{"allow":["GET"]}}],"collection":[{"href":"https:\/\/www.europesays.com\/fi\/wp-json\/wp\/v2\/posts"}],"about":[{"href":"https:\/\/www.europesays.com\/fi\/wp-json\/wp\/v2\/types\/post"}],"author":[{"embeddable":true,"href":"https:\/\/www.europesays.com\/fi\/wp-json\/wp\/v2\/users\/2"}],"replies":[{"embeddable":true,"href":"https:\/\/www.europesays.com\/fi\/wp-json\/wp\/v2\/comments?post=112829"}],"version-history":[{"count":0,"href":"https:\/\/www.europesays.com\/fi\/wp-json\/wp\/v2\/posts\/112829\/revisions"}],"wp:featuredmedia":[{"embeddable":true,"href":"https:\/\/www.europesays.com\/fi\/wp-json\/wp\/v2\/media\/1576"}],"wp:attachment":[{"href":"https:\/\/www.europesays.com\/fi\/wp-json\/wp\/v2\/media?parent=112829"}],"wp:term":[{"taxonomy":"category","embeddable":true,"href":"https:\/\/www.europesays.com\/fi\/wp-json\/wp\/v2\/categories?post=112829"},{"taxonomy":"post_tag","embeddable":true,"href":"https:\/\/www.europesays.com\/fi\/wp-json\/wp\/v2\/tags?post=112829"}],"curies":[{"name":"wp","href":"https:\/\/api.w.org\/{rel}","templated":true}]}}