{"id":112830,"date":"2025-12-10T15:36:08","date_gmt":"2025-12-10T15:36:08","guid":{"rendered":"https:\/\/www.europesays.com\/fi\/112830\/"},"modified":"2025-12-10T15:36:08","modified_gmt":"2025-12-10T15:36:08","slug":"hiihtoliiton-taloudesta-synkka-uutinen-ilta-sanomat","status":"publish","type":"post","link":"https:\/\/www.europesays.com\/fi\/112830\/","title":{"rendered":"Hiihtoliiton taloudesta synkk\u00e4 uutinen &#8211; Ilta-Sanomat"},"content":{"rendered":"<p class=\"article-body mb-nof-24 px-nof-16\">Rukan maailmacup j\u00e4\u00e4 vahvasti tappiolliseksi surkeiden s\u00e4\u00e4olosuhteiden vuoksi, kertoo Hiihtoliitto.<\/p>\n<p class=\"article-body mb-nof-24 px-nof-16\">Maailmancup-viikonlopun aikana jouduttiin perumaan yksi m\u00e4kikilpailu ja yksi yhdistetyn kilpailu. Sen lis\u00e4ksi yksi m\u00e4kikilpailu typistyi vain yhden kierroksen mittaiseksi.<\/p>\n<p class=\"article-body mb-nof-24 px-nof-16\">Peruuntuneet kisat aiheuttavat isot tulonmenetykset. Uutiset ovat huonoja talouskurimuksessa kamppailleelle lajiliitolle.<\/p>\n<p class=\"article-body mb-nof-24 px-nof-16\">Hiihtoliiton puheenjohtaja <a class=\"article-personlink\" href=\"https:\/\/www.is.fi\/haku\/?query=Sirpa%20Korkatti\" rel=\"nofollow noopener\" target=\"_blank\">Sirpa Korkatti<\/a> kertoo tiedotteessa, ett\u00e4 tilikauden suunnitteluvaiheessa hyv\u00e4ksyttiin niukasti voitollinen budjetti.<\/p>\n<p class=\"article-body mb-nof-24 px-nof-16\">\u2013 Olemme talouden vakauttamisen tiell\u00e4, mutta koska ty\u00f6 on viel\u00e4 kesken ja negatiivisen oman p\u00e4\u00e4oman vuoksi kykymme siet\u00e4\u00e4 tappioita on heikko, tuo t\u00e4m\u00e4 meille ylim\u00e4\u00e4r\u00e4isen haasteen ratkottavaksi, Korkatti toteaa.<\/p>\n<p class=\"article-body mb-nof-24 px-nof-16\">\u2013 Hyv\u00e4\u00e4 tilanteessa on se, ett\u00e4 kassatilanteemme on toistaiseksi vakaa. Olemme jo k\u00e4ynnist\u00e4neet neuvottelut eri tahojen kanssa lis\u00e4rahoituksesta, Korkatti jatkaa.<\/p>\n<p class=\"article-body mb-nof-24 px-nof-16\">Tapahtuman j\u00e4rjestelyvastuussa on tapahtumayhti\u00f6 Ruka Nordic Oy, josta Hiihtoliitto omistaa 51 prosenttia ja Kuusamon Er\u00e4veikot 49 prosenttia. Hiihtoliiton mukaan yhteisty\u00f6 ei ole vastannut odotuksia.<\/p>\n<p class=\"article-body mb-nof-24 px-nof-16\">Tiedotteessa kerrotaan, ett\u00e4 vallitsevan luottamuspulan vuoksi Hiihtoliitto n\u00e4kee tarpeen tarkastella yhteisty\u00f6mallia uudelleen.<\/p>\n<p class=\"article-body mb-nof-24 px-nof-16\">\u2013 Meill\u00e4 on loistava, monien keskeisten tahojen kiitt\u00e4m\u00e4 ja lumivarma tapahtuma, jonka kehityspotentiaali on viel\u00e4 paljolti mittaamatta. Valitettavasti olemme kuitenkin tilanteessa, jossa joudumme etsim\u00e4\u00e4n vaihtoehtoista ratkaisua tapahtumaj\u00e4rjest\u00e4misen malliin.<\/p>\n<p class=\"article-body mb-nof-24 px-nof-16\">\u2013 Olemme olleet yhteydess\u00e4 Kuusamon Er\u00e4veikkoihin sek\u00e4 Kuusamon kaupunkiin vied\u00e4ksemme asiaa ripe\u00e4sti eteenp\u00e4in, Korkatti kommentoi.<\/p>\n","protected":false},"excerpt":{"rendered":"Rukan maailmacup j\u00e4\u00e4 vahvasti tappiolliseksi surkeiden s\u00e4\u00e4olosuhteiden vuoksi, kertoo Hiihtoliitto. Maailmancup-viikonlopun aikana jouduttiin perumaan yksi m\u00e4kikilpailu ja yksi&hellip;\n","protected":false},"author":2,"featured_media":112831,"comment_status":"","ping_status":"","sticky":false,"template":"","format":"standard","meta":{"footnotes":""},"categories":[5],"tags":[22,23,26,27,33,31,30,17,34,24,25,28,29,15,18,21,32,19,20,16],"class_list":{"0":"post-112830","1":"post","2":"type-post","3":"status-publish","4":"format-standard","5":"has-post-thumbnail","7":"category-otsikot","8":"tag-breaking-news","9":"tag-breakingnews","10":"tag-featured-news","11":"tag-featurednews","12":"tag-fi","13":"tag-finland","14":"tag-finnish","15":"tag-headlines","16":"tag-ilta-sanomat","17":"tag-latest-news","18":"tag-latestnews","19":"tag-main-news","20":"tag-mainnews","21":"tag-news","22":"tag-otsikot","23":"tag-paauutiset","24":"tag-suomi","25":"tag-top-stories","26":"tag-topstories","27":"tag-uutiset"},"share_on_mastodon":{"url":"https:\/\/pubeurope.com\/@fi\/115696014654832398","error":""},"_links":{"self":[{"href":"https:\/\/www.europesays.com\/fi\/wp-json\/wp\/v2\/posts\/112830","targetHints":{"allow":["GET"]}}],"collection":[{"href":"https:\/\/www.europesays.com\/fi\/wp-json\/wp\/v2\/posts"}],"about":[{"href":"https:\/\/www.europesays.com\/fi\/wp-json\/wp\/v2\/types\/post"}],"author":[{"embeddable":true,"href":"https:\/\/www.europesays.com\/fi\/wp-json\/wp\/v2\/users\/2"}],"replies":[{"embeddable":true,"href":"https:\/\/www.europesays.com\/fi\/wp-json\/wp\/v2\/comments?post=112830"}],"version-history":[{"count":0,"href":"https:\/\/www.europesays.com\/fi\/wp-json\/wp\/v2\/posts\/112830\/revisions"}],"wp:featuredmedia":[{"embeddable":true,"href":"https:\/\/www.europesays.com\/fi\/wp-json\/wp\/v2\/media\/112831"}],"wp:attachment":[{"href":"https:\/\/www.europesays.com\/fi\/wp-json\/wp\/v2\/media?parent=112830"}],"wp:term":[{"taxonomy":"category","embeddable":true,"href":"https:\/\/www.europesays.com\/fi\/wp-json\/wp\/v2\/categories?post=112830"},{"taxonomy":"post_tag","embeddable":true,"href":"https:\/\/www.europesays.com\/fi\/wp-json\/wp\/v2\/tags?post=112830"}],"curies":[{"name":"wp","href":"https:\/\/api.w.org\/{rel}","templated":true}]}}