{"id":112834,"date":"2025-12-10T15:55:10","date_gmt":"2025-12-10T15:55:10","guid":{"rendered":"https:\/\/www.europesays.com\/fi\/112834\/"},"modified":"2025-12-10T15:55:10","modified_gmt":"2025-12-10T15:55:10","slug":"norja-selvittaa-alkoholilain-muuttamista-jalkapallon-mm-kisojen-ajaksi-urheilua-lyhyesti","status":"publish","type":"post","link":"https:\/\/www.europesays.com\/fi\/112834\/","title":{"rendered":"Norja selvitt\u00e4\u00e4 alkoholilain muuttamista jalkapallon MM-kisojen ajaksi | Urheilua lyhyesti"},"content":{"rendered":"<p class=\"aw-1gybjub aw-5vja16 kEtdKx kmuxyA yle__article__paragraph\">Norja haluaisi my\u00f6nt\u00e4\u00e4 pidennettyj\u00e4 anniskeluaikoja ravintoloihin, kun miesten jalkapallo\u00admaajoukkue pelaa MM-kisoissa ensi kes\u00e4n\u00e4.<\/p>\n<p><img decoding=\"async\" alt=\"Norjalaiset fanit kannustavat joukkuettaan jalkapallo-ottelussa pit\u00e4en ylpe\u00e4n\u00e4 esill\u00e4 punaisia huiveja ja Norjan lippuja.\" src=\"https:\/\/www.europesays.com\/fi\/wp-content\/uploads\/2025\/12\/39-1567640693982aa9571d.jpeg\" class=\"aw-1l9m598 hKVVvP\"\/><\/p>\n<p>Avaa kuvien katselu<\/p>\n<p>Norjan fanit kannustivat omiaan Italiaa vastaan pelatussa MM-karsintaottelussa 11. marraskuuta Milanossa. Kuva: Federico Serra \/ AOP<\/p>\n<p class=\"aw-1gybjub aw-1p7kakr kEtdKx cEmitX yle__article__paragraph\">Norja pelaa ensi kes\u00e4n\u00e4 ensimm\u00e4ist\u00e4 kertaa miesten jalkapallon MM-kisojen lopputurnauksessa sitten vuoden 1998.<\/p>\n<p class=\"aw-1gybjub aw-1p7kakr kEtdKx cEmitX yle__article__paragraph\">Maa on todellisessa jalkapallohurmiossa, sill\u00e4 joukkue voitti kaikki kahdeksan karsintaotteluaan tekem\u00e4ll\u00e4 huikeat 37 maalia ja p\u00e4\u00e4st\u00e4m\u00e4ll\u00e4 omiin vain viisi. Manchester Cityn maalitykki <strong class=\"aw-ak79eh KyCXm yle__article__strong\">Erling Haaland<\/strong> oli Euroopan karsintojen ylivoimaisesti tehokkain pelaaja 16 osumalla.<\/p>\n<p class=\"aw-1gybjub aw-1p7kakr kEtdKx cEmitX yle__article__paragraph\">MM-kisojen lopputurnaus pelataan Kanadassa, Yhdysvalloissa ja Meksikossa 11.6.\u201319.7.2026. Harmittavasti osa otteluista tulee eurooppalaisten n\u00e4k\u00f6kulmasta hyvin hankalaan aikaan. Esimerkiksi Norjan ja Senegalin v\u00e4linen alkulohkon ottelu alkaa suunnitelmien mukaan kello 2 y\u00f6ll\u00e4 Norjan aikaa.<\/p>\n<p class=\"aw-1gybjub aw-1p7kakr kEtdKx cEmitX yle__article__paragraph\">Ep\u00e4edulliset ajankohdat on her\u00e4tt\u00e4nyt vuonomaassa keskustelua siit\u00e4, miten k\u00e4y julkisten kisakatsomoiden. Maassa on hyvin tiukat lait, jotka kielt\u00e4v\u00e4t alkoholin myymisen kello 3 j\u00e4lkeen poikkeuksetta.<\/p>\n<p><img decoding=\"async\" alt=\"Pukumies ojentaa pokaalia juhlivalla jalkapallopelaajalle.\" src=\"https:\/\/www.europesays.com\/fi\/wp-content\/uploads\/2025\/12\/39-1567641693983103af8a.jpeg\" loading=\"lazy\" class=\"aw-1l9m598 hKVVvP\"\/><\/p>\n<p>Avaa kuvien katselu<\/p>\n<p>Norjan p\u00e4\u00e4ministeri Jonas Gahr St\u00f8re jakoi palkinnot jalkapallon Norjan Cupin voittaneelle Lillestr\u00f8min pelaajille 8. joulukuuta. Kuva: Frode Arnesen \/ AOP<\/p>\n<p class=\"aw-1gybjub aw-1p7kakr kEtdKx cEmitX yle__article__paragraph\">Tiistaina Norjan p\u00e4\u00e4ministeri <strong class=\"aw-ak79eh KyCXm yle__article__strong\">Jonas Gahr St\u00f8re<\/strong> kertoi yleisradioyhti\u00f6 <a class=\"aw-iao6s4 iHOxEa yle__article__link\" href=\"https:\/\/www.nrk.no\/norge\/skal-vurdere-a-utvide-skjenketida-under-vm-1.17685458\" role=\"link\" rel=\"nofollow noopener\" target=\"_blank\">NRK:lle<\/a>, ett\u00e4 hallitus aikoo tehd\u00e4 kaikkensa, ett\u00e4 otteluiden seuraaminen julkisilla paikoilla on mahdollista kisojen aikana.<\/p>\n<p class=\"aw-1gybjub aw-1p7kakr kEtdKx cEmitX yle__article__paragraph\">\u2013 Selvit\u00e4mme, mit\u00e4 asian eteen t\u00e4ytyy tehd\u00e4, oli kyse sitten s\u00e4\u00e4nt\u00f6jen muuttamisesta tai muista tarvittavista toimenpiteist\u00e4, St\u00f8re lupasi.<\/p>\n<p class=\"aw-1gybjub aw-1p7kakr kEtdKx cEmitX yle__article__paragraph\">P\u00e4\u00e4ministeri sanoi pit\u00e4v\u00e4ns\u00e4 t\u00e4rke\u00e4n\u00e4 sit\u00e4 perinnett\u00e4, ett\u00e4 norjalaiset kokoontuvat seuraamaan urheilijoiden otteita julkisille paikoille. H\u00e4nest\u00e4 t\u00e4t\u00e4 yhteis\u00f6llisyytt\u00e4 ei saa rikkoa kesken otteluiden ensi kes\u00e4n kisoissa.<\/p>\n<p class=\"aw-1gybjub aw-1p7kakr kEtdKx cEmitX yle__article__paragraph\">\u2013 L\u00f6yd\u00e4mme t\u00e4h\u00e4n ratkaisun hyviss\u00e4 ajoin ennen MM-kisoja.<\/p>\n","protected":false},"excerpt":{"rendered":"Norja haluaisi my\u00f6nt\u00e4\u00e4 pidennettyj\u00e4 anniskeluaikoja ravintoloihin, kun miesten jalkapallo\u00admaajoukkue pelaa MM-kisoissa ensi kes\u00e4n\u00e4. Avaa kuvien katselu Norjan fanit&hellip;\n","protected":false},"author":2,"featured_media":112835,"comment_status":"","ping_status":"","sticky":false,"template":"","format":"standard","meta":{"footnotes":""},"categories":[158],"tags":[33,31,30,43,8854,385,20820,159,32,160,161],"class_list":{"0":"post-112834","1":"post","2":"type-post","3":"status-publish","4":"format-standard","5":"has-post-thumbnail","7":"category-urheilu","8":"tag-fi","9":"tag-finland","10":"tag-finnish","11":"tag-jalkapallo","12":"tag-miesten-jalkapallon-mm-kisat","13":"tag-norja","14":"tag-penkkiurheilu","15":"tag-sports","16":"tag-suomi","17":"tag-urheilu","18":"tag-urheilutapahtumat"},"share_on_mastodon":{"url":"https:\/\/pubeurope.com\/@fi\/115696089830777976","error":""},"_links":{"self":[{"href":"https:\/\/www.europesays.com\/fi\/wp-json\/wp\/v2\/posts\/112834","targetHints":{"allow":["GET"]}}],"collection":[{"href":"https:\/\/www.europesays.com\/fi\/wp-json\/wp\/v2\/posts"}],"about":[{"href":"https:\/\/www.europesays.com\/fi\/wp-json\/wp\/v2\/types\/post"}],"author":[{"embeddable":true,"href":"https:\/\/www.europesays.com\/fi\/wp-json\/wp\/v2\/users\/2"}],"replies":[{"embeddable":true,"href":"https:\/\/www.europesays.com\/fi\/wp-json\/wp\/v2\/comments?post=112834"}],"version-history":[{"count":0,"href":"https:\/\/www.europesays.com\/fi\/wp-json\/wp\/v2\/posts\/112834\/revisions"}],"wp:featuredmedia":[{"embeddable":true,"href":"https:\/\/www.europesays.com\/fi\/wp-json\/wp\/v2\/media\/112835"}],"wp:attachment":[{"href":"https:\/\/www.europesays.com\/fi\/wp-json\/wp\/v2\/media?parent=112834"}],"wp:term":[{"taxonomy":"category","embeddable":true,"href":"https:\/\/www.europesays.com\/fi\/wp-json\/wp\/v2\/categories?post=112834"},{"taxonomy":"post_tag","embeddable":true,"href":"https:\/\/www.europesays.com\/fi\/wp-json\/wp\/v2\/tags?post=112834"}],"curies":[{"name":"wp","href":"https:\/\/api.w.org\/{rel}","templated":true}]}}