{"id":112842,"date":"2025-12-10T16:01:10","date_gmt":"2025-12-10T16:01:10","guid":{"rendered":"https:\/\/www.europesays.com\/fi\/112842\/"},"modified":"2025-12-10T16:01:10","modified_gmt":"2025-12-10T16:01:10","slug":"pelottava-tilanne-yolla-espoossa-uhri-paasi-nipin-napin-turvaan","status":"publish","type":"post","link":"https:\/\/www.europesays.com\/fi\/112842\/","title":{"rendered":"Pelottava tilanne y\u00f6ll\u00e4 Espoossa \u2013 Uhri p\u00e4\u00e4si nipin napin turvaan"},"content":{"rendered":"<p>V\u00e4likohtaus sattui maanantain ja tiistain v\u00e4lisen\u00e4 y\u00f6n\u00e4.<\/p>\n<p><img decoding=\"async\" class=\"image image-show image-preview\" src=\"https:\/\/www.europesays.com\/fi\/wp-content\/uploads\/2025\/11\/51a4510eaf4b5ff94962a3844f064d075c3be096b50b6924c84aff70963ee765.jpg\" alt=\"\"\/><img decoding=\"async\" class=\"image image-show\" src=\"https:\/\/www.europesays.com\/fi\/wp-content\/uploads\/2025\/11\/1764346210_703_51a4510eaf4b5ff94962a3844f064d075c3be096b50b6924c84aff70963ee765.jpg\" alt=\"\"\/><\/p>\n<p>Poliisi tutkii tapausta t\u00f6rke\u00e4n\u00e4 ry\u00f6st\u00f6n yrityksen\u00e4. Sami Kuusivirta<\/p>\n<p class=\"paragraph\">Espoossa tapahtui maanantaina t\u00f6rke\u00e4 ry\u00f6st\u00f6n yritys maanantain ja tiistain v\u00e4lisen\u00e4 y\u00f6n\u00e4, tiedottaa L\u00e4nsi-Uudenmaan poliisilaitos..<\/p>\n<p class=\"paragraph\">Poliisin tietojen mukaan Latokaskessa asuva asukas oli ollut ulkona talon roskakatoksen luona, kun h\u00e4n huomasi kaksi tummiin vaatteisiin pukeutunutta miest\u00e4 aamuy\u00f6ll\u00e4 kello 01 kieppeill\u00e4.<\/p>\n<p class=\"paragraph\">T\u00e4m\u00e4nhetkisten tietojen mukaan miehet olivat l\u00e4hestyneet asukasta ja ottaneet lopulta h\u00e4nen takistaan kiinni. He olivat vaatineet asukasta luovuttamaan taskuissaan olevan omaisuuden heille.<\/p>\n<p class=\"paragraph\">Toisen miehen ep\u00e4ill\u00e4\u00e4n ottaneen veitsen esiin ja viilt\u00e4neen uhrin takia useita kertoja. Asukas sai rihtaistua itsens\u00e4 irti miehist\u00e4 ja p\u00e4\u00e4si pakenemaan turvaan talon rappuk\u00e4yt\u00e4v\u00e4\u00e4n. H\u00e4n v\u00e4lttyi poliisin mukaan tilanteessa fyysisilt\u00e4 vammoilta.<\/p>\n<p class=\"paragraph\">T\u00f6rke\u00e4st\u00e4 ry\u00f6st\u00f6n yrityksest\u00e4 ep\u00e4illyt miehet pakenivat Kaskitiet\u00e4 pohjoiseen p\u00e4in juosten. Toinen miehist\u00e4 on noin 190 sentti\u00e4 pitk\u00e4 ja parrakas. Toinen miehist\u00e4 on noin 170 sentti\u00e4 pitk\u00e4. Poliisi ei ole tavoittanut ep\u00e4iltyj\u00e4.<\/p>\n<p class=\"paragraph\">Poliisi tutkii tapausta t\u00f6rke\u00e4n\u00e4 ry\u00f6st\u00f6n yrityksen\u00e4 ja pyyt\u00e4\u00e4 yleis\u00f6lt\u00e4 havaintoja. Tapauksesta jotain tiet\u00e4v\u00e4t voivat ilmoittaa havaintonsa s\u00e4hk\u00f6postiosoitteeseen vihjeet.lansi-uusimaa@poliisi.fi tai vihjepuhelimeen (ymp\u00e4rivuorokautinen puhelinvastaaja) 0295 438 488.<\/p>\n","protected":false},"excerpt":{"rendered":"V\u00e4likohtaus sattui maanantain ja tiistain v\u00e4lisen\u00e4 y\u00f6n\u00e4. Poliisi tutkii tapausta t\u00f6rke\u00e4n\u00e4 ry\u00f6st\u00f6n yrityksen\u00e4. Sami Kuusivirta Espoossa tapahtui maanantaina&hellip;\n","protected":false},"author":2,"featured_media":102507,"comment_status":"","ping_status":"","sticky":false,"template":"","format":"standard","meta":{"footnotes":""},"categories":[12],"tags":[35,22,23,26,27,33,31,30,17,55,24,25,28,29,15,18,21,122,54,52,32,19,20,546,16],"class_list":{"0":"post-112842","1":"post","2":"type-post","3":"status-publish","4":"format-standard","5":"has-post-thumbnail","7":"category-suomi","8":"tag-24h","9":"tag-breaking-news","10":"tag-breakingnews","11":"tag-featured-news","12":"tag-featurednews","13":"tag-fi","14":"tag-finland","15":"tag-finnish","16":"tag-headlines","17":"tag-lainvalvonta","18":"tag-latest-news","19":"tag-latestnews","20":"tag-main-news","21":"tag-mainnews","22":"tag-news","23":"tag-otsikot","24":"tag-paauutiset","25":"tag-pelastaminen","26":"tag-pelastuspalvelut","27":"tag-poliisi","28":"tag-suomi","29":"tag-top-stories","30":"tag-topstories","31":"tag-turvallisuus","32":"tag-uutiset"},"share_on_mastodon":{"url":"https:\/\/pubeurope.com\/@fi\/115696113270194404","error":""},"_links":{"self":[{"href":"https:\/\/www.europesays.com\/fi\/wp-json\/wp\/v2\/posts\/112842","targetHints":{"allow":["GET"]}}],"collection":[{"href":"https:\/\/www.europesays.com\/fi\/wp-json\/wp\/v2\/posts"}],"about":[{"href":"https:\/\/www.europesays.com\/fi\/wp-json\/wp\/v2\/types\/post"}],"author":[{"embeddable":true,"href":"https:\/\/www.europesays.com\/fi\/wp-json\/wp\/v2\/users\/2"}],"replies":[{"embeddable":true,"href":"https:\/\/www.europesays.com\/fi\/wp-json\/wp\/v2\/comments?post=112842"}],"version-history":[{"count":0,"href":"https:\/\/www.europesays.com\/fi\/wp-json\/wp\/v2\/posts\/112842\/revisions"}],"wp:featuredmedia":[{"embeddable":true,"href":"https:\/\/www.europesays.com\/fi\/wp-json\/wp\/v2\/media\/102507"}],"wp:attachment":[{"href":"https:\/\/www.europesays.com\/fi\/wp-json\/wp\/v2\/media?parent=112842"}],"wp:term":[{"taxonomy":"category","embeddable":true,"href":"https:\/\/www.europesays.com\/fi\/wp-json\/wp\/v2\/categories?post=112842"},{"taxonomy":"post_tag","embeddable":true,"href":"https:\/\/www.europesays.com\/fi\/wp-json\/wp\/v2\/tags?post=112842"}],"curies":[{"name":"wp","href":"https:\/\/api.w.org\/{rel}","templated":true}]}}