{"id":112843,"date":"2025-12-10T16:02:07","date_gmt":"2025-12-10T16:02:07","guid":{"rendered":"https:\/\/www.europesays.com\/fi\/112843\/"},"modified":"2025-12-10T16:02:07","modified_gmt":"2025-12-10T16:02:07","slug":"lansiradasta-repesi-riita-perussuomalaisten-ja-kokoomuksen-valilla-nyt-kantaa-ottaa-orpo","status":"publish","type":"post","link":"https:\/\/www.europesays.com\/fi\/112843\/","title":{"rendered":"L\u00e4nsiradasta repesi riita perussuomalaisten ja kokoomuksen v\u00e4lill\u00e4 \u2013 nyt kantaa ottaa Orpo"},"content":{"rendered":"<p>P\u00e4\u00e4ministeri muistuttaa, ett\u00e4 my\u00f6s Adlercreutzin Rkp on sitoutunut hallitusohjelmaan.<\/p>\n<p class=\"article-body mb-nof-24 px-nof-16\">P\u00e4\u00e4ministeri <a class=\"article-personlink\" href=\"https:\/\/www.is.fi\/haku\/?query=Petteri%20Orpo\" rel=\"nofollow noopener\" target=\"_blank\">Petteri Orpo<\/a> (kok) linjaa, ett\u00e4 hallitus keskustelee L\u00e4nsiradan jatkosta sitten, kun kaikkien radan varren kunnat ovat ottaneet kantaa osakassopimukseen.<\/p>\n<p class=\"article-body mb-nof-24 px-nof-16\">\u2013 Sen j\u00e4lkeen, kun kaikki kaupungit ovat k\u00e4sitelleet sen, sen j\u00e4lkeen valtioneuvosto arvioi tilanteen, Orpo sanoi IS:lle eduskunnassa.<\/p>\n<p class=\"article-body mb-nof-24 px-nof-16\">Orpon viesti on samansis\u00e4lt\u00f6inen kuin sosiaaliturvaministeri <a class=\"article-personlink\" href=\"https:\/\/www.is.fi\/haku\/?query=Sanni%20Grahn-Laasosen\" rel=\"nofollow noopener\" target=\"_blank\">Sanni Grahn-Laasosen<\/a> (kok). Grahn-Laasosen mukaan hallitus keskustelee asiasta.<\/p>\n<p class=\"article-body mb-nof-24 px-nof-16\">\u2013 Seuraavaksi vuorossa on hallituksen sis\u00e4inen keskustelu. T\u00e4m\u00e4 on hallitusohjelman mukainen hanke, Grahn-Laasonen sanoi tiistaina IS:lle.<\/p>\n<p class=\"article-body mb-nof-24 px-nof-16\">Kirkkonummi hylk\u00e4si ehdokassopimuksen maanantaina. Kunnan osuus on 15 miljoonaa euroa. Osakassopimuksen mukaan kunnat panostavat rataan 400 miljoonaa euroa ja valtio panostaa toiset 400 miljoonaa.<\/p>\n<p class=\"article-body mb-nof-24 px-nof-16\">Liikenne- ja viestint\u00e4ministeri <a class=\"article-personlink\" href=\"https:\/\/www.is.fi\/haku\/?query=Lulu%20Ranne\" rel=\"nofollow noopener\" target=\"_blank\">Lulu Ranne<\/a> (ps) totesi tiistaina eduskunnassa, ett\u00e4 t\u00e4lt\u00e4 osin osakassopimus ei ole en\u00e4\u00e4 \u201dvalidi\u201d.<\/p>\n<p class=\"article-body mb-nof-24 px-nof-16\">Orpon mukaan Kirkkonummen p\u00e4\u00e4t\u00f6s ei vaikuta radan toteutumiseen.<\/p>\n<p class=\"article-body mb-nof-24 px-nof-16\">\u2013 Kirkkonummen osuus on suhteellisen pieni osa siit\u00e4 kokonaisuudesta. Se ei hankkeen toteuttamiseen vaikuta, mutta varmaan se edellytt\u00e4\u00e4 jotain tarkasteluja sitten aikanaan.<\/p>\n<p class=\"article-body mb-nof-24 px-nof-16\">My\u00f6s opetusministeri <a class=\"article-personlink\" href=\"https:\/\/www.is.fi\/haku\/?query=Anders%20Adlercreutz\" rel=\"nofollow noopener\" target=\"_blank\">Anders Adlercreutz<\/a> (r) \u00e4\u00e4nesti Kirkkonummen valtuustossa L\u00e4nsirataa vastaan. H\u00e4n totesi <a class=\"article-genericlink\" href=\"https:\/\/www.hs.fi\/politiikka\/art-2000011679164.html\" rel=\"nofollow noopener\" target=\"_blank\">HS:lle<\/a>, ett\u00e4 pit\u00e4\u00e4 radan hy\u00f6tyj\u00e4 Kirkkonummen kannalta rajallisina.<\/p>\n<p class=\"article-body mb-nof-24 px-nof-16\">Orpo muistuttaa, ett\u00e4 L\u00e4nsiradasta on sovittu hallitusohjelmassa.<\/p>\n<p class=\"article-body mb-nof-24 px-nof-16\">\u2013 No, Rkp on sitoutunut hallitusohjelmaan, ja h\u00e4n on Rkp:n puheenjohtaja.<\/p>\n<p class=\"article-body mb-nof-24 px-nof-16\">Orpo ei ottanut kantaa siihen, mist\u00e4 puuttuvat rahat nyt hankitaan. Kirkkonummen osuus sopimuksesta on 15 miljoonaa euroa.<\/p>\n<p class=\"article-body mb-nof-24 px-nof-16\">Ranteen mukaan L\u00e4nsiradan kohtalo on nyt kuntien vastuulla.<\/p>\n<p class=\"article-body mb-nof-24 px-nof-16\">Ensi viikolla L\u00e4nsirataa k\u00e4sitell\u00e4\u00e4n Salon ja Lohjan kaupunginvaltuustoissa. Turun ja Espoon valtuustot ovat osakassopimuksen hyv\u00e4ksyneet.<\/p>\n","protected":false},"excerpt":{"rendered":"P\u00e4\u00e4ministeri muistuttaa, ett\u00e4 my\u00f6s Adlercreutzin Rkp on sitoutunut hallitusohjelmaan. P\u00e4\u00e4ministeri Petteri Orpo (kok) linjaa, ett\u00e4 hallitus keskustelee L\u00e4nsiradan&hellip;\n","protected":false},"author":2,"featured_media":112844,"comment_status":"","ping_status":"","sticky":false,"template":"","format":"standard","meta":{"footnotes":""},"categories":[5],"tags":[22,23,26,27,33,31,30,17,34,24,25,28,29,15,18,21,32,19,20,16],"class_list":{"0":"post-112843","1":"post","2":"type-post","3":"status-publish","4":"format-standard","5":"has-post-thumbnail","7":"category-otsikot","8":"tag-breaking-news","9":"tag-breakingnews","10":"tag-featured-news","11":"tag-featurednews","12":"tag-fi","13":"tag-finland","14":"tag-finnish","15":"tag-headlines","16":"tag-ilta-sanomat","17":"tag-latest-news","18":"tag-latestnews","19":"tag-main-news","20":"tag-mainnews","21":"tag-news","22":"tag-otsikot","23":"tag-paauutiset","24":"tag-suomi","25":"tag-top-stories","26":"tag-topstories","27":"tag-uutiset"},"share_on_mastodon":{"url":"https:\/\/pubeurope.com\/@fi\/115696116896152791","error":""},"_links":{"self":[{"href":"https:\/\/www.europesays.com\/fi\/wp-json\/wp\/v2\/posts\/112843","targetHints":{"allow":["GET"]}}],"collection":[{"href":"https:\/\/www.europesays.com\/fi\/wp-json\/wp\/v2\/posts"}],"about":[{"href":"https:\/\/www.europesays.com\/fi\/wp-json\/wp\/v2\/types\/post"}],"author":[{"embeddable":true,"href":"https:\/\/www.europesays.com\/fi\/wp-json\/wp\/v2\/users\/2"}],"replies":[{"embeddable":true,"href":"https:\/\/www.europesays.com\/fi\/wp-json\/wp\/v2\/comments?post=112843"}],"version-history":[{"count":0,"href":"https:\/\/www.europesays.com\/fi\/wp-json\/wp\/v2\/posts\/112843\/revisions"}],"wp:featuredmedia":[{"embeddable":true,"href":"https:\/\/www.europesays.com\/fi\/wp-json\/wp\/v2\/media\/112844"}],"wp:attachment":[{"href":"https:\/\/www.europesays.com\/fi\/wp-json\/wp\/v2\/media?parent=112843"}],"wp:term":[{"taxonomy":"category","embeddable":true,"href":"https:\/\/www.europesays.com\/fi\/wp-json\/wp\/v2\/categories?post=112843"},{"taxonomy":"post_tag","embeddable":true,"href":"https:\/\/www.europesays.com\/fi\/wp-json\/wp\/v2\/tags?post=112843"}],"curies":[{"name":"wp","href":"https:\/\/api.w.org\/{rel}","templated":true}]}}