{"id":112845,"date":"2025-12-10T16:14:11","date_gmt":"2025-12-10T16:14:11","guid":{"rendered":"https:\/\/www.europesays.com\/fi\/112845\/"},"modified":"2025-12-10T16:14:11","modified_gmt":"2025-12-10T16:14:11","slug":"tallaisesta-terveysmurheesta-kalle-rovanpera-karsii-ei-mikaan-pikkuvaiva","status":"publish","type":"post","link":"https:\/\/www.europesays.com\/fi\/112845\/","title":{"rendered":"T\u00e4llaisesta terveysmurheesta Kalle Rovanper\u00e4 k\u00e4rsii \u2013 Ei mik\u00e4\u00e4n pikkuvaiva"},"content":{"rendered":"<p>L\u00e4\u00e4k\u00e4ri m\u00e4\u00e4r\u00e4si Kalle Rovanper\u00e4n ajokieltoon.<\/p>\n<p class=\"paragraph\"><strong>Kalle Rovanper\u00e4n<\/strong> formulatestit p\u00e4\u00e4ttyiv\u00e4t lyhyeen ik\u00e4v\u00e4n terveysvaivan takia<\/p>\n<p class=\"paragraph\">25-vuotias suomalainen kertoi k\u00e4rsiv\u00e4ns\u00e4 huimausoireista. Rovanper\u00e4 kertoi l\u00e4\u00e4k\u00e4rin m\u00e4\u00e4r\u00e4nneen h\u00e4net oireiden takia ajokieltoon.<\/p>\n<p class=\"paragraph\">Rovanper\u00e4 ehti ajaa Suzukan moottoriradalla aamup\u00e4iv\u00e4n aikana 32 kierrosta.<\/p>\n<p class=\"paragraph\">\u2013 Keskip\u00e4iv\u00e4n tauon aikana sain oireita hyv\u00e4nlaatuisesta asentohuimauksesta, joka vaikuttaa tasapainoaistiini. L\u00e4\u00e4k\u00e4ri m\u00e4\u00e4r\u00e4si minut ajokieltoon, Rovanper\u00e4 kertoo.<\/p>\n<p class=\"paragraph\"><a href=\"https:\/\/www.terveyskirjasto.fi\/dlk00224\" rel=\"noopener nofollow\" target=\"_blank\">Duodecim-terveyskirjaston<\/a> mukaan hyv\u00e4nlaatuisessa asentohuimauksessa oireena tuntuu kiertohuimaus 2\u201320 sekuntia asennon muutoksen j\u00e4lkeen.<\/p>\n<p class=\"paragraph\">\u2013 Huimaus tulee usein vain p\u00e4\u00e4n ollessa tietyss\u00e4 asennossa siirrytt\u00e4ess\u00e4 esimerkiksi istualta makuulle tai taivutettaessa p\u00e4\u00e4t\u00e4 esimerkiksi kasvoja pestess\u00e4. Sen sijaan huimaus ei yleens\u00e4 est\u00e4 liikkumista. Vaikka oireet ovat joskus melko voimakkaat ja niihin voi liitty\u00e4 pahoinvointia, vaiva ei johdu vakavasta keskushermostoper\u00e4isest\u00e4 sairaudesta, ja se on luonteeltaan hyv\u00e4nlaatuinen, sivustolla todetaan.<\/p>\n<p class=\"paragraph\">Rovanper\u00e4 m\u00e4\u00e4r\u00e4ttiin lepoon, jotta vaiva paranisi. Toipuminen on yksil\u00f6llist\u00e4, eik\u00e4 vaivan ehk\u00e4isyyn tunneta mink\u00e4\u00e4nlaisia keinoja.<\/p>\n<p>Ei ainut laatuaan<img decoding=\"async\" class=\"image image-show image-preview\" src=\"https:\/\/www.europesays.com\/fi\/wp-content\/uploads\/2025\/12\/add43468aa4f7eb083d07470213a5c1a0cc56c3f8481addcd1e89582cbad0b72.jpg\" alt=\"\"\/><img decoding=\"async\" class=\"image image-show\" src=\"https:\/\/www.europesays.com\/fi\/wp-content\/uploads\/2025\/12\/1765383251_461_add43468aa4f7eb083d07470213a5c1a0cc56c3f8481addcd1e89582cbad0b72.jpg\" alt=\"\"\/><\/p>\n<p>Kalle Rovanper\u00e4 ehti ajaa 32 kierrosta, ennen kuin terveysmurheet p\u00e4\u00e4ttiv\u00e4t formulatestit. Red Bull Content Pool<\/p>\n<p class=\"paragraph\">Rovanper\u00e4 tekee taatusti kaikkensa saadakseen itsens\u00e4 kuntoon, sill\u00e4 terveyskirjaston mukaan kyse ei ole mist\u00e4\u00e4n pikkuvaivasta.<\/p>\n<p class=\"paragraph\">\u2013 Vaiva kest\u00e4\u00e4 useiden viikkojen ajan, keskim\u00e4\u00e4rin 10 viikkoa, mutta voi kest\u00e4\u00e4 huomattavasti kauemminkin. Se voi my\u00f6s parannuttuaan uusia.<\/p>\n<p class=\"paragraph\">Rovanper\u00e4 ei ole ensimm\u00e4inen huippu-urheilija, joka k\u00e4rsii kyseisist\u00e4 huimausoireista. Yleisurheilussa moukarinheiton maailmanmestari <strong>Brooke Andersen<\/strong> <a href=\"https:\/\/www.iltalehti.fi\/yleisurheilun-mm-2025\/c8f278d7-f91f-4154-9e9a-9ae11ce83796\" rel=\"nofollow noopener\" target=\"_blank\">kertoi syyskuussa Iltalehdelle<\/a> k\u00e4rsiv\u00e4ns\u00e4 huimausoireista. Yhdysvaltalaisen oireena heitt\u00e4j\u00e4 tuntee py\u00f6riv\u00e4ns\u00e4 jo ennen kuin todella py\u00f6rii.<\/p>\n<p class=\"paragraph\">My\u00f6s norjalainen kest\u00e4vyysjuoksija ja moninkertainen arvokisamitalisti <strong>Henrik Ingebrigtsen<\/strong> <a href=\"https:\/\/www.iltalehti.fi\/yleisurheilun-em-2024\/250b9aab-b8a5-4dfd-af7e-e517d8250168\" rel=\"nofollow noopener\" target=\"_blank\">on k\u00e4rsinyt<\/a> t\u00e4sm\u00e4lleen samasta vaivasta kuin Rovanper\u00e4.<\/p>\n<p class=\"paragraph\">Keih\u00e4\u00e4nheitt\u00e4j\u00e4 <strong>Tuomas Sepp\u00e4sen<\/strong> huimaus oli pahimmillaan sit\u00e4 luokkaa, ett\u00e4 h\u00e4nen t\u00e4ytyi kilpailla aurinkolasit p\u00e4\u00e4ss\u00e4.<\/p>\n<p class=\"paragraph\">\u2013 Kirkkaus provosoi sairautta. En m\u00e4 muuten k\u00e4ytt\u00e4isi laseja heitt\u00e4ess\u00e4, Sepp\u00e4nen kertoi vuonna 2017.<\/p>\n","protected":false},"excerpt":{"rendered":"L\u00e4\u00e4k\u00e4ri m\u00e4\u00e4r\u00e4si Kalle Rovanper\u00e4n ajokieltoon. Kalle Rovanper\u00e4n formulatestit p\u00e4\u00e4ttyiv\u00e4t lyhyeen ik\u00e4v\u00e4n terveysvaivan takia 25-vuotias suomalainen kertoi k\u00e4rsiv\u00e4ns\u00e4 huimausoireista.&hellip;\n","protected":false},"author":2,"featured_media":112846,"comment_status":"","ping_status":"","sticky":false,"template":"","format":"standard","meta":{"footnotes":""},"categories":[136],"tags":[35,407,137,33,31,30,1391,408,41,764,32,765,167,128,109],"class_list":{"0":"post-112845","1":"post","2":"type-post","3":"status-publish","4":"format-standard","5":"has-post-thumbnail","7":"category-julkkikset","8":"tag-24h","9":"tag-celebrities","10":"tag-entertainment","11":"tag-fi","12":"tag-finland","13":"tag-finnish","14":"tag-ihmisten-ja-elainten-ruumiit","15":"tag-julkkikset","16":"tag-liikunta-ja-urheilu","17":"tag-sairaudet","18":"tag-suomi","19":"tag-taudit-ja-hairiot","20":"tag-terveys","21":"tag-tieliikenne","22":"tag-viihde"},"share_on_mastodon":{"url":"https:\/\/pubeurope.com\/@fi\/115696164369978979","error":""},"_links":{"self":[{"href":"https:\/\/www.europesays.com\/fi\/wp-json\/wp\/v2\/posts\/112845","targetHints":{"allow":["GET"]}}],"collection":[{"href":"https:\/\/www.europesays.com\/fi\/wp-json\/wp\/v2\/posts"}],"about":[{"href":"https:\/\/www.europesays.com\/fi\/wp-json\/wp\/v2\/types\/post"}],"author":[{"embeddable":true,"href":"https:\/\/www.europesays.com\/fi\/wp-json\/wp\/v2\/users\/2"}],"replies":[{"embeddable":true,"href":"https:\/\/www.europesays.com\/fi\/wp-json\/wp\/v2\/comments?post=112845"}],"version-history":[{"count":0,"href":"https:\/\/www.europesays.com\/fi\/wp-json\/wp\/v2\/posts\/112845\/revisions"}],"wp:featuredmedia":[{"embeddable":true,"href":"https:\/\/www.europesays.com\/fi\/wp-json\/wp\/v2\/media\/112846"}],"wp:attachment":[{"href":"https:\/\/www.europesays.com\/fi\/wp-json\/wp\/v2\/media?parent=112845"}],"wp:term":[{"taxonomy":"category","embeddable":true,"href":"https:\/\/www.europesays.com\/fi\/wp-json\/wp\/v2\/categories?post=112845"},{"taxonomy":"post_tag","embeddable":true,"href":"https:\/\/www.europesays.com\/fi\/wp-json\/wp\/v2\/tags?post=112845"}],"curies":[{"name":"wp","href":"https:\/\/api.w.org\/{rel}","templated":true}]}}