{"id":112854,"date":"2025-12-10T16:26:09","date_gmt":"2025-12-10T16:26:09","guid":{"rendered":"https:\/\/www.europesays.com\/fi\/112854\/"},"modified":"2025-12-10T16:26:09","modified_gmt":"2025-12-10T16:26:09","slug":"pekka-haavisto-tallainen-kompromissi-voi-olla-edessa-ukrainassa","status":"publish","type":"post","link":"https:\/\/www.europesays.com\/fi\/112854\/","title":{"rendered":"Pekka Haavisto: T\u00e4llainen kompromissi voi olla edess\u00e4 Ukrainassa"},"content":{"rendered":"<p>Pekka Haavisto torjuu ajatuksen, ett\u00e4 Euroopan pit\u00e4isi keskustella Ven\u00e4j\u00e4n kanssa ennen tulitaukoa.<\/p>\n<p>Naton ex-p\u00e4\u00e4sihteerin Jens Stoltenbergin mukaan Ven\u00e4j\u00e4n kanssa on ennemmin tai my\u00f6hemmin keskusteltava.<\/p>\n<p class=\"article-body mb-nof-24 px-nof-16\">Kansanedustaja, entinen ulkoministeri <a class=\"article-personlink\" href=\"https:\/\/www.is.fi\/haku\/?query=Pekka%20Haavisto\" rel=\"nofollow noopener\" target=\"_blank\">Pekka Haavisto<\/a> (vihr) arvioi IS:lle, ett\u00e4 Ukraina saattaa tulitauossa joutua nielem\u00e4\u00e4n kompromissin. H\u00e4n toteaa, ett\u00e4 Ven\u00e4j\u00e4 ja Ukraina tuskin ovat per\u00e4\u00e4ntym\u00e4ss\u00e4 nykyiselt\u00e4 rintamalinjalta mihink\u00e4\u00e4n.<\/p>\n<p class=\"article-body mb-nof-24 px-nof-16\">\u2013 Lopputulos voisi olla sellainenkin, ett\u00e4 tulee tilanne, jossa k\u00e4yt\u00e4nn\u00f6ss\u00e4 Ven\u00e4j\u00e4 hallitsee niit\u00e4 valtaamiaan alueita ilman, ett\u00e4 Ukraina tunnustaa alueita pysyv\u00e4sti Ven\u00e4j\u00e4n hallussa oleviksi. Eli tulee t\u00e4llainen v\u00e4lirauha, jossa sitten elet\u00e4\u00e4n t\u00e4m\u00e4n status quon mukaan siten, ett\u00e4 Ven\u00e4j\u00e4 on vallannut tietyt alueet ilman, ett\u00e4 Ukraina valtausta hyv\u00e4ksyy.<\/p>\n<p><img decoding=\"async\" src=\"https:\/\/www.europesays.com\/fi\/wp-content\/uploads\/2025\/12\/1765383969_953_468.jpg\" alt=\"\" class=\"_Img_1rerz_1\" style=\"aspect-ratio:1.5\" loading=\"eager\"\/><\/p>\n<p class=\"article-picture-caption\">Kuva:\u00a0Pete Aarre-Ahtio \/ IS<\/p>\n<p class=\"article-body mb-nof-24 px-nof-16\">Haavisto huomauttaa, ett\u00e4 my\u00f6s Euroopassa on puhuttu ajatuksesta, ett\u00e4 sotiminen loppuisi nykyisille rintamalinjoille. Eurooppalaiset johtajat ovat ehdottaneet tulitaukoa nykyisen rintaman kohdalla.<\/p>\n<p class=\"article-body mb-nof-24 px-nof-16\">Haaviston mukaan nykyinen tilanne on Ukrainalle \u201dvaltavan haasteellinen\u201d. Ukrainan kyky jatkaa sotimista riippuu paljolti siit\u00e4, saadaanko aikaan sopu Ukrainan rahoittamisesta.<\/p>\n<p class=\"article-body mb-nof-24 px-nof-16\">Haavisto listaa avoimiksi kysymyksiksi Ven\u00e4j\u00e4lt\u00e4 j\u00e4\u00e4dytettyjen varojen k\u00e4ytt\u00e4misen ja eri rauhansuunnitelmien yksityiskohdat. H\u00e4n muistuttaa, ett\u00e4 Euroopan johdolla muodostetun 20 kohdan rauhansuunnitelman yksityiskohdista ei viel\u00e4 tiedet\u00e4 kaikkea.<\/p>\n<p class=\"article-body mb-nof-24 px-nof-16\">Haaviston mukaan Ven\u00e4j\u00e4n ja Yhdysvaltain v\u00e4linen suhde on avain siihen, miten Ven\u00e4j\u00e4 saadaan hyv\u00e4ksym\u00e4\u00e4n kompromissi Ukrainassa. Haaviston mukaan avainasemassa ovat talousmahdollisuudet, joita Yhdysvallat voi Ven\u00e4j\u00e4lle tarjota.<\/p>\n<p class=\"article-body mb-nof-24 px-nof-16\">\u2013 Jossain varmaan on sellaisia taloudellisia houkuttimia, joita Yhdysvallat pystyy Ven\u00e4j\u00e4lle tarjoamaan. T\u00e4m\u00e4 on varmaan raaka totuus t\u00e4ss\u00e4 tilanteessa.<\/p>\n<p class=\"article-body mb-nof-24 px-nof-16\">Haavisto kuvaa, ett\u00e4 kaiken kaikkiaan Ukrainassa on kyse \u201dmonimutkaisesta neuvotteluarkkitehtuurista\u201d, jossa Ukraina puhuu Euroopan kanssa, Eurooppa v\u00e4litt\u00e4\u00e4 Ukrainan viestit Washingtoniin ja lopulta Yhdysvallat neuvottelee Moskovan kanssa.<\/p>\n<p class=\"article-body mb-nof-24 px-nof-16\">\u2013 Neuvotteluarkkitehtuurina t\u00e4m\u00e4 on aika hankala. Miten viestit sitten menev\u00e4t perille ja mill\u00e4 tavalla l\u00f6ytyisi Ukrainan ja Ven\u00e4j\u00e4n yhteinen n\u00e4kemys, Haavisto pohtii.<\/p>\n<p class=\"article-body mb-nof-24 px-nof-16\">Toisaalta h\u00e4n tyrm\u00e4\u00e4 \u201duuden neuvottelurintaman\u201d avaamisen eli sen, ett\u00e4 Eurooppa alkaisi neuvotella suoraan Ven\u00e4j\u00e4n kanssa. Sen sijaan Haavisto per\u00e4\u00e4nkuuluttaa yhten\u00e4isyytt\u00e4 Euroopan, Ukrainan ja Yhdysvaltain neuvottelustrategiaan.<\/p>\n<p class=\"article-body mb-nof-24 px-nof-16\">Yhteydenpitoa Ven\u00e4j\u00e4\u00e4n on viimeksi pit\u00e4nyt esill\u00e4 Naton entinen p\u00e4\u00e4sihteeri <a class=\"article-personlink\" href=\"https:\/\/www.is.fi\/haku\/?query=Jens%20Stoltenberg\" rel=\"nofollow noopener\" target=\"_blank\">Jens Stoltenberg<\/a>.<\/p>\n<p class=\"article-body mb-nof-24 px-nof-16\">Eli pit\u00e4isik\u00f6 Ven\u00e4j\u00e4\u00e4n olla yhteydess\u00e4 ja miss\u00e4 vaiheessa?<\/p>\n<p class=\"article-body mb-nof-24 px-nof-16\">\u2013 Yhteydenpito sitten varmaan normalisoituu, kun rauhansopimus tai tulitaukosopimus on syntynyt tai syntym\u00e4ss\u00e4, jos sotatilanne saadaan loppumaan. Me olemme rajamaa, niin varmaan rajan ylitse on erilaisia asioita, joita pit\u00e4\u00e4 k\u00e4sitell\u00e4. Riippuu aika paljon siit\u00e4, mink\u00e4laiseksi Yhdysvaltain ja Ven\u00e4j\u00e4n suhde muodostuu t\u00e4ss\u00e4 tilanteessa.<\/p>\n<p class=\"article-body mb-nof-24 px-nof-16\">\u2013 Varmasti t\u00e4ytyy katsoa Euroopan yhteinen kanta siihen, miten suhtaudutaan sotakorvauksiin ja kompensaatioihin.<\/p>\n<p class=\"article-body mb-nof-24 px-nof-16\">Haavisto painottaa l\u00e4nnen yhten\u00e4isyyden merkityst\u00e4.<\/p>\n<p class=\"article-body mb-nof-24 px-nof-16\">\u2013 Mit\u00e4\u00e4n t\u00e4llaisia irtiottoja, joissa tulisi Ven\u00e4j\u00e4lle toisenlaisia tarjouksia Washingtonista tai Brysselist\u00e4, ei kannata mietti\u00e4.<\/p>\n<p class=\"article-body mb-nof-24 px-nof-16\">Eik\u00f6 olla siin\u00e4 tilanteessa, ett\u00e4 Ven\u00e4j\u00e4lle tulee toisenlaisia tarjouksia Washingtonista?<\/p>\n<p class=\"article-body mb-nof-24 px-nof-16\">\u2013 Washington n\u00e4ytt\u00e4\u00e4 aina ottavan takaisin, kun kuulee Euroopan unionin \u00e4\u00e4nen. Eli kyll\u00e4 t\u00e4ss\u00e4 kannattaisi Euroopan ja Yhdysvaltain esitt\u00e4\u00e4 yhteisi\u00e4 kantoja. Meid\u00e4n pit\u00e4isi tehd\u00e4 kaikkemme sen eteen, ett\u00e4 n\u00e4m\u00e4 kannat pysyv\u00e4t yhten\u00e4isin\u00e4.<\/p>\n","protected":false},"excerpt":{"rendered":"Pekka Haavisto torjuu ajatuksen, ett\u00e4 Euroopan pit\u00e4isi keskustella Ven\u00e4j\u00e4n kanssa ennen tulitaukoa. Naton ex-p\u00e4\u00e4sihteerin Jens Stoltenbergin mukaan Ven\u00e4j\u00e4n&hellip;\n","protected":false},"author":2,"featured_media":112855,"comment_status":"","ping_status":"","sticky":false,"template":"","format":"standard","meta":{"footnotes":""},"categories":[14],"tags":[22,23,26,27,33,31,30,17,34,24,25,28,29,15,18,21,32,19,20,56,16,59,60,61],"class_list":{"0":"post-112854","1":"post","2":"type-post","3":"status-publish","4":"format-standard","5":"has-post-thumbnail","7":"category-ulkomaat","8":"tag-breaking-news","9":"tag-breakingnews","10":"tag-featured-news","11":"tag-featurednews","12":"tag-fi","13":"tag-finland","14":"tag-finnish","15":"tag-headlines","16":"tag-ilta-sanomat","17":"tag-latest-news","18":"tag-latestnews","19":"tag-main-news","20":"tag-mainnews","21":"tag-news","22":"tag-otsikot","23":"tag-paauutiset","24":"tag-suomi","25":"tag-top-stories","26":"tag-topstories","27":"tag-ulkomaat","28":"tag-uutiset","29":"tag-world","30":"tag-world-news","31":"tag-worldnews"},"share_on_mastodon":{"url":"https:\/\/pubeurope.com\/@fi\/115696211530807531","error":""},"_links":{"self":[{"href":"https:\/\/www.europesays.com\/fi\/wp-json\/wp\/v2\/posts\/112854","targetHints":{"allow":["GET"]}}],"collection":[{"href":"https:\/\/www.europesays.com\/fi\/wp-json\/wp\/v2\/posts"}],"about":[{"href":"https:\/\/www.europesays.com\/fi\/wp-json\/wp\/v2\/types\/post"}],"author":[{"embeddable":true,"href":"https:\/\/www.europesays.com\/fi\/wp-json\/wp\/v2\/users\/2"}],"replies":[{"embeddable":true,"href":"https:\/\/www.europesays.com\/fi\/wp-json\/wp\/v2\/comments?post=112854"}],"version-history":[{"count":0,"href":"https:\/\/www.europesays.com\/fi\/wp-json\/wp\/v2\/posts\/112854\/revisions"}],"wp:featuredmedia":[{"embeddable":true,"href":"https:\/\/www.europesays.com\/fi\/wp-json\/wp\/v2\/media\/112855"}],"wp:attachment":[{"href":"https:\/\/www.europesays.com\/fi\/wp-json\/wp\/v2\/media?parent=112854"}],"wp:term":[{"taxonomy":"category","embeddable":true,"href":"https:\/\/www.europesays.com\/fi\/wp-json\/wp\/v2\/categories?post=112854"},{"taxonomy":"post_tag","embeddable":true,"href":"https:\/\/www.europesays.com\/fi\/wp-json\/wp\/v2\/tags?post=112854"}],"curies":[{"name":"wp","href":"https:\/\/api.w.org\/{rel}","templated":true}]}}