{"id":112856,"date":"2025-12-10T16:27:10","date_gmt":"2025-12-10T16:27:10","guid":{"rendered":"https:\/\/www.europesays.com\/fi\/112856\/"},"modified":"2025-12-10T16:27:10","modified_gmt":"2025-12-10T16:27:10","slug":"poistoimuri-syttyi-palamaan-wipron-tehtaalla-keskiviikkona","status":"publish","type":"post","link":"https:\/\/www.europesays.com\/fi\/112856\/","title":{"rendered":"Poistoimuri syttyi palamaan Wipron tehtaalla keskiviikkona"},"content":{"rendered":"<p><img fetchpriority=\"high\" decoding=\"async\" aria-describedby=\"caption-attachment-28859\" class=\" wp-image-28859\" src=\"https:\/\/www.europesays.com\/fi\/wp-content\/uploads\/2025\/12\/DSC6707-300x200.jpg\" alt=\"\" width=\"716\" height=\"477\"  \/><\/p>\n<p id=\"caption-attachment-28859\" class=\"wp-caption-text\">Paloautoja Wipron tehtaan edustalla keskiviikkona.<\/p>\n<p>Teollisuusrakennuksessa palamaan syttynyt hitsauspisteen poistoimuri toi useita pelastuslaitoksen yksik\u00f6it\u00e4 Perni\u00f6\u00f6n keskiviikkona iltap\u00e4iv\u00e4ll\u00e4.<\/p>\n<p>Varsinais-Suomen pelastuslaitos sai h\u00e4lytyksen ennen puoli kahta suuresta rakennuspalosta Perni\u00f6n Torpanm\u00e4entiell\u00e4. Torpanm\u00e4entiell\u00e4 sijaitsevalla kippihydrauliikan osia valmistavalla Wipron tehtaalla oli syttynyt hitsauspisteen poistoimuri putkistoineen. Wiprolla esihenkil\u00f6asemassa ty\u00f6skentelev\u00e4<strong> Jani Moukolainen<\/strong> kertoi aikaisemmin palopaikalla Perni\u00f6nseudun Lehdelle, ett\u00e4 paloh\u00e4lytyksen aiheutti kiinteist\u00f6n katolla palamaan syttynyt imuri. Varsinais-Suomen pelastuslaitoksen p\u00e4ivyst\u00e4v\u00e4 palomestari <strong>Iina Virnes<\/strong> vahvistaa, ett\u00e4 kyseinen palamaan syttynyt poistoimuri sijaitsi juuri rakennuksen katolla.<\/p>\n<p>Palon my\u00f6t\u00e4 yrityksen ty\u00f6ntekij\u00e4t olivat poistuneet rakennuksesta oikeaoppisesti, eik\u00e4 kukaan loukkaantunut tapahtumassa. Pelastuslaitos sammutti ja raivasi palokohteen, mink\u00e4 j\u00e4lkeen konehalli tuuletettiin.<\/p>\n<p>Teht\u00e4v\u00e4 ty\u00f6llisti nelj\u00e4\u00e4 pelastuslaitoksen yksikk\u00f6\u00e4. Wipron tehtaan vieress\u00e4 sijaitsee Perni\u00f6n VPK:n asema, jonka yksikk\u00f6 oli my\u00f6s Virneksen mukaan ensimm\u00e4isen\u00e4 kohteessa paikalla.<\/p>\n<p>Uutista\u00a0 ja otsikkoa p\u00e4ivitetty kauttaaltaan tuoreimpien tietojen pohjalta 10.12. kello 15.44.<\/p>\n<p>Uutista p\u00e4ivitetty palomestarin kommenteilla 10.12. kello 16.10.<\/p>\n","protected":false},"excerpt":{"rendered":"Paloautoja Wipron tehtaan edustalla keskiviikkona. Teollisuusrakennuksessa palamaan syttynyt hitsauspisteen poistoimuri toi useita pelastuslaitoksen yksik\u00f6it\u00e4 Perni\u00f6\u00f6n keskiviikkona iltap\u00e4iv\u00e4ll\u00e4. Varsinais-Suomen&hellip;\n","protected":false},"author":2,"featured_media":112857,"comment_status":"","ping_status":"","sticky":false,"template":"","format":"standard","meta":{"footnotes":""},"categories":[12],"tags":[22,23,26,27,33,31,30,17,24,25,28,29,15,18,21,32,19,20,16],"class_list":{"0":"post-112856","1":"post","2":"type-post","3":"status-publish","4":"format-standard","5":"has-post-thumbnail","7":"category-suomi","8":"tag-breaking-news","9":"tag-breakingnews","10":"tag-featured-news","11":"tag-featurednews","12":"tag-fi","13":"tag-finland","14":"tag-finnish","15":"tag-headlines","16":"tag-latest-news","17":"tag-latestnews","18":"tag-main-news","19":"tag-mainnews","20":"tag-news","21":"tag-otsikot","22":"tag-paauutiset","23":"tag-suomi","24":"tag-top-stories","25":"tag-topstories","26":"tag-uutiset"},"share_on_mastodon":{"url":"https:\/\/pubeurope.com\/@fi\/115696215508323993","error":""},"_links":{"self":[{"href":"https:\/\/www.europesays.com\/fi\/wp-json\/wp\/v2\/posts\/112856","targetHints":{"allow":["GET"]}}],"collection":[{"href":"https:\/\/www.europesays.com\/fi\/wp-json\/wp\/v2\/posts"}],"about":[{"href":"https:\/\/www.europesays.com\/fi\/wp-json\/wp\/v2\/types\/post"}],"author":[{"embeddable":true,"href":"https:\/\/www.europesays.com\/fi\/wp-json\/wp\/v2\/users\/2"}],"replies":[{"embeddable":true,"href":"https:\/\/www.europesays.com\/fi\/wp-json\/wp\/v2\/comments?post=112856"}],"version-history":[{"count":0,"href":"https:\/\/www.europesays.com\/fi\/wp-json\/wp\/v2\/posts\/112856\/revisions"}],"wp:featuredmedia":[{"embeddable":true,"href":"https:\/\/www.europesays.com\/fi\/wp-json\/wp\/v2\/media\/112857"}],"wp:attachment":[{"href":"https:\/\/www.europesays.com\/fi\/wp-json\/wp\/v2\/media?parent=112856"}],"wp:term":[{"taxonomy":"category","embeddable":true,"href":"https:\/\/www.europesays.com\/fi\/wp-json\/wp\/v2\/categories?post=112856"},{"taxonomy":"post_tag","embeddable":true,"href":"https:\/\/www.europesays.com\/fi\/wp-json\/wp\/v2\/tags?post=112856"}],"curies":[{"name":"wp","href":"https:\/\/api.w.org\/{rel}","templated":true}]}}