{"id":112858,"date":"2025-12-10T16:28:13","date_gmt":"2025-12-10T16:28:13","guid":{"rendered":"https:\/\/www.europesays.com\/fi\/112858\/"},"modified":"2025-12-10T16:28:13","modified_gmt":"2025-12-10T16:28:13","slug":"kauhukuva-toteutui-hiihtoliitossa-erittain-vakava-tilanne","status":"publish","type":"post","link":"https:\/\/www.europesays.com\/fi\/112858\/","title":{"rendered":"Kauhukuva toteutui \u2013 Hiihtoliitossa eritt\u00e4in vakava tilanne"},"content":{"rendered":"<p>Rukan maailmancup aiheutti merkitt\u00e4v\u00e4t tappiot Hiihtoliitolle.<\/p>\n<p><img decoding=\"async\" class=\"image image-show image-preview\" src=\"https:\/\/www.europesays.com\/fi\/wp-content\/uploads\/2025\/12\/eefaaae576ffefe01d10fad7d60feaf62f9b02be7e7237681ecd7780787dc75d.jpg\" alt=\"\"\/><img decoding=\"async\" class=\"image image-show\" src=\"https:\/\/www.europesays.com\/fi\/wp-content\/uploads\/2025\/12\/1765384091_515_eefaaae576ffefe01d10fad7d60feaf62f9b02be7e7237681ecd7780787dc75d.jpg\" alt=\"\"\/><\/p>\n<p>Tuuli aiheutti ongelmia Rukalla.  Pasi Liesimaa<\/p>\n<p class=\"paragraph\">Marraskuun lopulla j\u00e4rjestetty Ruka Nordic j\u00e4i taloudellisesti merkitt\u00e4v\u00e4sti miinukselle, kertoo Suomen Hiihtoliitto.<\/p>\n<p class=\"paragraph\">Rukalla <a href=\"https:\/\/www.iltalehti.fi\/talviurheilu\/4b346ceb-3fe0-4869-8f8c-93544f4ee581\" rel=\"nofollow noopener\" target=\"_blank\">jouduttiin perumaan <\/a>s\u00e4\u00e4olosuhteiden takia kokonaan yksi m\u00e4kikilpailu ja yksi yhdistetyn kilpailu. My\u00f6s toinen m\u00e4kikilpailu typistyi yhden kierroksen mittaiseksi.<\/p>\n<p class=\"paragraph\">\u2013\u2009Peruutuksista aiheutuvat tulonmenetykset asettavat Hiihtoliiton kuluvan tilikauden talouden eritt\u00e4in haasteelliseen asemaan, tiedotteessa todetaan.<\/p>\n<p class=\"paragraph\">Hiihtoliiton mukaan vastaavanlaista tappioita aiheuttavaa ongelmaa kisojen peruuntumisissa ei ole koettu sitten vuoden 2015.<\/p>\n<p class=\"paragraph\">\u2013 Historiamme vuoksi suhtaudumme tilanteeseen eritt\u00e4in suurella vakavuudella. Olemme talouden vakauttamisen tiell\u00e4, mutta koska ty\u00f6 on viel\u00e4 kesken ja negatiivisen oman p\u00e4\u00e4oman vuoksi kykymme siet\u00e4\u00e4 tappioita on heikko, tuo t\u00e4m\u00e4 meille ylim\u00e4\u00e4r\u00e4isen haasteen ratkottavaksi, toteaa Hiihtoliiton puheenjohtaja <strong>Sirpa Korkatti<\/strong> tiedotteessa.<\/p>\n<p>Sirpa Korkatti toimii Hiihtoliiton puheenjohtajana. PASI LIESIMAA<\/p>\n<p class=\"paragraph\">Tiedotteessa kerrotaan, ett\u00e4 tilikauden suunnitteluvaiheessa budjetti oli niukasti voitollinen, mik\u00e4 olisi mahdollistanut talouden pitk\u00e4n t\u00e4ht\u00e4imen tasapainottamisen. Nyt Hiihtoliitto kertoo k\u00e4ynnist\u00e4neens\u00e4 neuvottelut lis\u00e4rahoituksesta.<\/p>\n<p class=\"paragraph\">\u2013 Hyv\u00e4\u00e4 tilanteessa on se, ett\u00e4 kassatilanteemme on toistaiseksi vakaa. Olemme jo k\u00e4ynnist\u00e4neet neuvottelut eri tahojen kanssa lis\u00e4rahoituksesta. Koska olemme viimeisen puolentoista vuoden aikana onnistuneet ratkaisemaan suurempiakin taloushaasteita, suhtaudumme t\u00e4h\u00e4nkin tilanteeseen pragmaattisesti ja ratkaisukeskeisesti, Korkatti lis\u00e4si.<\/p>\n<p class=\"paragraph\">Tapahtuma onnistui Hiihtoliiton mukaan kuitenkin monilla muilla mittareilla. Yleis\u00f6m\u00e4\u00e4r\u00e4t, lipunmyynti ja kumppanimyynti olivat tiedotteen mukaan enn\u00e4tystasolla.<\/p>\n<p>Yhteisty\u00f6 ei vastaa odotuksia<\/p>\n<p>Hiihtoliitto tarkastelee tapahtumamallia uudelleen. Pasi Liesimaa<\/p>\n<p class=\"paragraph\">Suomen Hiihtoliitto omistaa Fisin my\u00f6nt\u00e4m\u00e4t Ruka Nordicin j\u00e4rjestelyoikeudet ja kantaa suurimmat taloudelliset riskit, vaikka tapahtumayhti\u00f6 Ruka Nordic Oy hoitaa k\u00e4yt\u00e4nn\u00f6n j\u00e4rjestelyt yhdess\u00e4 Kuusamon Er\u00e4-Veikkojen kanssa.<\/p>\n<p class=\"paragraph\">Hiihtoliitto kertoo tarkastelevansa nyt tapahtumamallia uudelleen, sill\u00e4 yhteisty\u00f6 ei ole vastannut odotuksia. Hiihtoliitto puhuu luottamuspulasta.<\/p>\n<p class=\"paragraph\">\u2013 Meill\u00e4 on loistava, monien keskeisten tahojen kiitt\u00e4m\u00e4 ja lumivarma tapahtuma, jonka kehityspotentiaali on viel\u00e4 paljolti mittaamatta. Valitettavasti olemme kuitenkin tilanteessa, jossa joudumme etsim\u00e4\u00e4n vaihtoehtoista ratkaisua tapahtumaj\u00e4rjest\u00e4misen malliin. Olemme olleet yhteydess\u00e4 Kuusamon Er\u00e4-Veikkoihin sek\u00e4 Kuusamon kaupunkiin vied\u00e4ksemme asiaa ripe\u00e4sti eteenp\u00e4in, Korkatti kommentoi tiedotteessa.<\/p>\n<p><a href=\"https:\/\/www.iltalehti.fi\/telkku\/?utm_source=iltalehti.fi&amp;utm_medium=almainternal&amp;utm_campaign=urheilu_artikkelibanneri&amp;utm_content=banner_612_a\" rel=\"nofollow noopener\" target=\"_blank\"><img decoding=\"async\" src=\"https:\/\/www.europesays.com\/fi\/wp-content\/uploads\/2025\/08\/7ef604e47d46ca174b7df4149bd3557dbde56a86d520f8e1b2125548b0a2e03a.png\" alt=\"TV-ohjelmat t\u00e4n\u00e4\u00e4n, TV-opas\"\/><\/a><\/p>\n","protected":false},"excerpt":{"rendered":"Rukan maailmancup aiheutti merkitt\u00e4v\u00e4t tappiot Hiihtoliitolle. Tuuli aiheutti ongelmia Rukalla. Pasi Liesimaa Marraskuun lopulla j\u00e4rjestetty Ruka Nordic j\u00e4i&hellip;\n","protected":false},"author":2,"featured_media":112859,"comment_status":"","ping_status":"","sticky":false,"template":"","format":"standard","meta":{"footnotes":""},"categories":[5],"tags":[35,22,23,26,27,33,31,30,17,2096,24,25,1320,41,28,29,15,18,21,721,32,19,20,1319,16],"class_list":{"0":"post-112858","1":"post","2":"type-post","3":"status-publish","4":"format-standard","5":"has-post-thumbnail","7":"category-otsikot","8":"tag-24h","9":"tag-breaking-news","10":"tag-breakingnews","11":"tag-featured-news","12":"tag-featurednews","13":"tag-fi","14":"tag-finland","15":"tag-finnish","16":"tag-headlines","17":"tag-hiihtolajit","18":"tag-latest-news","19":"tag-latestnews","20":"tag-liikevaihto","21":"tag-liikunta-ja-urheilu","22":"tag-main-news","23":"tag-mainnews","24":"tag-news","25":"tag-otsikot","26":"tag-paauutiset","27":"tag-rahoitus","28":"tag-suomi","29":"tag-top-stories","30":"tag-topstories","31":"tag-tulostiedot","32":"tag-uutiset"},"share_on_mastodon":{"url":"https:\/\/pubeurope.com\/@fi\/115696219411415519","error":""},"_links":{"self":[{"href":"https:\/\/www.europesays.com\/fi\/wp-json\/wp\/v2\/posts\/112858","targetHints":{"allow":["GET"]}}],"collection":[{"href":"https:\/\/www.europesays.com\/fi\/wp-json\/wp\/v2\/posts"}],"about":[{"href":"https:\/\/www.europesays.com\/fi\/wp-json\/wp\/v2\/types\/post"}],"author":[{"embeddable":true,"href":"https:\/\/www.europesays.com\/fi\/wp-json\/wp\/v2\/users\/2"}],"replies":[{"embeddable":true,"href":"https:\/\/www.europesays.com\/fi\/wp-json\/wp\/v2\/comments?post=112858"}],"version-history":[{"count":0,"href":"https:\/\/www.europesays.com\/fi\/wp-json\/wp\/v2\/posts\/112858\/revisions"}],"wp:featuredmedia":[{"embeddable":true,"href":"https:\/\/www.europesays.com\/fi\/wp-json\/wp\/v2\/media\/112859"}],"wp:attachment":[{"href":"https:\/\/www.europesays.com\/fi\/wp-json\/wp\/v2\/media?parent=112858"}],"wp:term":[{"taxonomy":"category","embeddable":true,"href":"https:\/\/www.europesays.com\/fi\/wp-json\/wp\/v2\/categories?post=112858"},{"taxonomy":"post_tag","embeddable":true,"href":"https:\/\/www.europesays.com\/fi\/wp-json\/wp\/v2\/tags?post=112858"}],"curies":[{"name":"wp","href":"https:\/\/api.w.org\/{rel}","templated":true}]}}