{"id":112860,"date":"2025-12-10T16:40:12","date_gmt":"2025-12-10T16:40:12","guid":{"rendered":"https:\/\/www.europesays.com\/fi\/112860\/"},"modified":"2025-12-10T16:40:12","modified_gmt":"2025-12-10T16:40:12","slug":"monacon-ruhtinasperheesta-julkaistiin-kuva-some-hurmaantui","status":"publish","type":"post","link":"https:\/\/www.europesays.com\/fi\/112860\/","title":{"rendered":"Monacon ruhtinasperheest\u00e4 julkaistiin kuva \u2013 Some hurmaantui"},"content":{"rendered":"<p>Monacon ruhtinasperheen uusin kuva ker\u00e4\u00e4 kehuja sosiaalisessa mediassa.<\/p>\n<p><img decoding=\"async\" class=\"image image-show image-preview\" src=\"https:\/\/www.europesays.com\/fi\/wp-content\/uploads\/2025\/12\/fcb45fd003cf14202423d9c2282ada9dd8c12f7d989a49c47b95da9739828711.jpg\" alt=\"\"\/><img decoding=\"async\" class=\"image image-show\" src=\"https:\/\/www.europesays.com\/fi\/wp-content\/uploads\/2025\/12\/1765384812_663_fcb45fd003cf14202423d9c2282ada9dd8c12f7d989a49c47b95da9739828711.jpg\" alt=\"\"\/><\/p>\n<p>Monacon ruhtinasperhe vieraili Monacon joulumarkkinoilla 5. joulukuuta. AOP<\/p>\n<p class=\"paragraph\">Monacon ruhtinasperheest\u00e4 on julkaistu tuore kuva Instagramissa.<\/p>\n<p class=\"paragraph\">Kuvassa poseeraavat ruhtinas <a href=\"https:\/\/www.iltalehti.fi\/henkilot\/Albert II\" class=\"article-link-person-page\" rel=\"nofollow noopener\" target=\"_blank\">Albert II<\/a>, ruhtinatar <a href=\"https:\/\/www.iltalehti.fi\/henkilot\/Charlene\" class=\"article-link-person-page\" rel=\"nofollow noopener\" target=\"_blank\">Charlene<\/a> sek\u00e4 parin lapset <a href=\"https:\/\/www.iltalehti.fi\/henkilot\/Jacques\" class=\"article-link-person-page\" rel=\"nofollow noopener\" target=\"_blank\">Jacques<\/a> ja <a href=\"https:\/\/www.iltalehti.fi\/henkilot\/Gabriella\" class=\"article-link-person-page\" rel=\"nofollow noopener\" target=\"_blank\">Gabriella<\/a>. Albert ja Jacques ovat pukeutuneet sinisiin pukuihin.<\/p>\n<p class=\"paragraph\">Ruhtinatar on pukeutunut harmaaseen asuun, jota koristaa paksu ruskea vy\u00f6. Gabriella puolestaan on pinkiss\u00e4 juhlamekossa. Kuvassa on hyvin jouluinen tunnelma, sill\u00e4 taustalla n\u00e4kyy koristeltu joulukuusi sek\u00e4 takka, jossa palaa tuli.<\/p>\n<p class=\"paragraph\">\u2013 Ruhtinasperhe on iloinen voidessaan jakaa teille tervehdyksens\u00e4, p\u00e4ivityksess\u00e4 kerrotaan.<\/p>\n<p class=\"paragraph\">Jos p\u00e4ivitys ei n\u00e4y, voit katsoa sen <a href=\"https:\/\/www.instagram.com\/p\/DR9Gs4SCEvr\/\" target=\"_blank\" rel=\"noopener nofollow\">t\u00e4st\u00e4<\/a>.<\/p>\n<p class=\"paragraph\">Ruhtinasperheen someseuraajat ovat ihastelleet kuvaa. Lukuisat kommentoijat ovat j\u00e4tt\u00e4neet syd\u00e4n-emojin kommenttikentt\u00e4\u00e4n.<\/p>\n<p class=\"paragraph\">\u2013 Prinsessa Gabriella on todella kaunis, er\u00e4s seuraaja kehuu.<\/p>\n<p class=\"paragraph\">\u2013 Onpa todella upea kuva, kommenttikent\u00e4ss\u00e4 ihastellaan.<\/p>\n<p class=\"paragraph\">\u2013 Olette niin kaunis perhe. Jumala suojelkoon t\u00e4t\u00e4 perhett\u00e4, Instagram-k\u00e4ytt\u00e4j\u00e4 kirjoittaa.<\/p>\n<p class=\"paragraph\">Albert ja Charlene ovat olleet naimisissa vuodesta 2011 l\u00e4htien. Ruhtinas kommentoi lyhyesti yksityisel\u00e4m\u00e4\u00e4ns\u00e4 t\u00e4m\u00e4n vuoden <a href=\"https:\/\/www.iltalehti.fi\/kuninkaalliset\/ac211520-bd86-4c7c-92e1-c360dbec03c9\" rel=\"nofollow noopener\" target=\"_blank\">toukokuussa<\/a>.<\/p>\n<p class=\"paragraph\">\u2013 Olen ylpein avioliitostani ja lapsistani. Se on kaikista t\u00e4rkeint\u00e4, h\u00e4n kertoi La Gazette de Monaco -lehden mukaan.<\/p>\n<p class=\"paragraph\">Samassa tilaisuudessa mukana ollut Charlene kertoi lehdist\u00f6lle Princess Charlene Foundation -s\u00e4\u00e4ti\u00f6n toiminnasta.<\/p>\n<p class=\"paragraph\">\u2013 Olemme laajentaneet projektejamme, nyt mukana on ensiapukursseja ja opettamista. Yrit\u00e4mme ehk\u00e4ist\u00e4 hukkumisia, h\u00e4n kertoi.<\/p>\n<p class=\"paragraph\"><a href=\"https:\/\/www.iltalehti.fi\/kuninkaalliset\/32ebadbb-b6cb-4fab-a6a7-5ef772b784b1\" rel=\"nofollow noopener\" target=\"_blank\">Vuosi sitten<\/a> ruhtinatar avautui terveydest\u00e4\u00e4n.<\/p>\n<p class=\"paragraph\">\u2013 K\u00e4velen, py\u00f6r\u00e4ilen ja uin my\u00f6s, mutta en niin paljon kuin ennen. Kun olin nuori, treenasin todella kovaa ja haastoin itseni fyysisesti. Nyky\u00e4\u00e4n kyse on vain maltillisuudesta.<\/p>\n<p class=\"paragraph\">\u2013 Se voi olla vaikeaa, sill\u00e4 luonteelleni on ominaista rikkoa enn\u00e4tyksi\u00e4, voittaa mitaleja ja ylitt\u00e4\u00e4 rajani. Melkein 47-vuotiaana en voi tehd\u00e4 sit\u00e4&#8230; kehoni ei anna minun tehd\u00e4 sit\u00e4. Sieluni ja syd\u00e4meni voisivat, mutta kehoni sanoo ei, Charlene sanoi.<\/p>\n<p><script async src=\"\/\/www.instagram.com\/embed.js\"><\/script><\/p>\n","protected":false},"excerpt":{"rendered":"Monacon ruhtinasperheen uusin kuva ker\u00e4\u00e4 kehuja sosiaalisessa mediassa. Monacon ruhtinasperhe vieraili Monacon joulumarkkinoilla 5. joulukuuta. AOP Monacon ruhtinasperheest\u00e4&hellip;\n","protected":false},"author":2,"featured_media":112861,"comment_status":"","ping_status":"","sticky":false,"template":"","format":"standard","meta":{"footnotes":""},"categories":[136],"tags":[35,407,2110,137,33,31,30,101,3674,408,99,98,32,109],"class_list":{"0":"post-112860","1":"post","2":"type-post","3":"status-publish","4":"format-standard","5":"has-post-thumbnail","7":"category-julkkikset","8":"tag-24h","9":"tag-celebrities","10":"tag-elamantapa-ja-vapaa-aika","11":"tag-entertainment","12":"tag-fi","13":"tag-finland","14":"tag-finnish","15":"tag-ihmissuhteet","16":"tag-juhla-ja-vapaapaivat","17":"tag-julkkikset","18":"tag-lapset","19":"tag-perhe","20":"tag-suomi","21":"tag-viihde"},"share_on_mastodon":{"url":"https:\/\/pubeurope.com\/@fi\/115696266783897835","error":""},"_links":{"self":[{"href":"https:\/\/www.europesays.com\/fi\/wp-json\/wp\/v2\/posts\/112860","targetHints":{"allow":["GET"]}}],"collection":[{"href":"https:\/\/www.europesays.com\/fi\/wp-json\/wp\/v2\/posts"}],"about":[{"href":"https:\/\/www.europesays.com\/fi\/wp-json\/wp\/v2\/types\/post"}],"author":[{"embeddable":true,"href":"https:\/\/www.europesays.com\/fi\/wp-json\/wp\/v2\/users\/2"}],"replies":[{"embeddable":true,"href":"https:\/\/www.europesays.com\/fi\/wp-json\/wp\/v2\/comments?post=112860"}],"version-history":[{"count":0,"href":"https:\/\/www.europesays.com\/fi\/wp-json\/wp\/v2\/posts\/112860\/revisions"}],"wp:featuredmedia":[{"embeddable":true,"href":"https:\/\/www.europesays.com\/fi\/wp-json\/wp\/v2\/media\/112861"}],"wp:attachment":[{"href":"https:\/\/www.europesays.com\/fi\/wp-json\/wp\/v2\/media?parent=112860"}],"wp:term":[{"taxonomy":"category","embeddable":true,"href":"https:\/\/www.europesays.com\/fi\/wp-json\/wp\/v2\/categories?post=112860"},{"taxonomy":"post_tag","embeddable":true,"href":"https:\/\/www.europesays.com\/fi\/wp-json\/wp\/v2\/tags?post=112860"}],"curies":[{"name":"wp","href":"https:\/\/api.w.org\/{rel}","templated":true}]}}