{"id":112864,"date":"2025-12-10T16:44:09","date_gmt":"2025-12-10T16:44:09","guid":{"rendered":"https:\/\/www.europesays.com\/fi\/112864\/"},"modified":"2025-12-10T16:44:09","modified_gmt":"2025-12-10T16:44:09","slug":"islanti-ei-osallistu-euroviisuihin-uutisia-lyhyesti","status":"publish","type":"post","link":"https:\/\/www.europesays.com\/fi\/112864\/","title":{"rendered":"Islanti ei osallistu Euroviisuihin | Uutisia lyhyesti"},"content":{"rendered":"<p class=\"aw-1gybjub aw-5vja16 kEtdKx kmuxyA yle__article__paragraph\">T\u00e4h\u00e4n menness\u00e4 viisi maata on ilmoittanut j\u00e4\u00e4v\u00e4ns\u00e4 pois ensi vuoden Euroviisuista. <\/p>\n<p><img decoding=\"async\" alt=\"Islannin edustajat n\u00e4ytt\u00e4v\u00e4t Islannin lippua Euroviisufinaalissa Baselissa 2025.\" src=\"https:\/\/www.europesays.com\/fi\/wp-content\/uploads\/2025\/12\/39-1567702693998b42c071.jpeg\" class=\"aw-1l9m598 hKVVvP\"\/><\/p>\n<p>Avaa kuvien katselu<\/p>\n<p>Vuonna 2025 Islantia edusti V\u00c6B. Kuva: Sebastian Reuter \/ Getty Images<\/p>\n<p>18:23\u2022P\u00e4ivitetty 18:39<\/p>\n<p class=\"aw-1gybjub aw-1p7kakr kEtdKx cEmitX yle__article__paragraph\">Islanti ei osallistu Euroviisuihin ensi vuonna.<\/p>\n<p class=\"aw-1gybjub aw-1p7kakr kEtdKx cEmitX yle__article__paragraph\">Asiasta kertoo <a class=\"aw-iao6s4 iHOxEa yle__article__link\" href=\"https:\/\/www.ruv.is\/frettir\/innlent\/2025-12-10-island-tekur-ekki-thatt-i-eurovision-2026-461235\" role=\"link\" rel=\"nofollow noopener\" target=\"_blank\">Islannin yleisradioyhti\u00f6 R\u00daV<\/a>.<\/p>\n<p class=\"aw-1gybjub aw-1p7kakr kEtdKx cEmitX yle__article__paragraph\">R\u00daV:n hallitus p\u00e4\u00e4tti asiasta t\u00e4n\u00e4\u00e4n kokouksessaan.<\/p>\n<p class=\"aw-1gybjub aw-1p7kakr kEtdKx cEmitX yle__article__paragraph\"><a class=\"aw-iao6s4 iHOxEa yle__article__link\" href=\"https:\/\/yle.fi\/a\/74-20197985\" role=\"link\" rel=\"nofollow noopener\" target=\"_blank\">Viime viikolla <\/a>Euroopan yleisradiounioni (EBU) kertoi sallivansa Israelin osallistumisen Euroviisuihin ensi vuonna.<\/p>\n<p class=\"aw-1gybjub aw-1p7kakr kEtdKx cEmitX yle__article__paragraph\">R\u00daV:n p\u00e4\u00e4johtaja <strong class=\"aw-ak79eh KyCXm yle__article__strong\">Stef\u00e1n Eir\u00edkisson<\/strong> on allekirjoittanut tiedotteen, jossa kerrotaan, ett\u00e4 Israelin yleisradioyhti\u00f6 KANin osallistuminen on viime aikoina aiheuttanut eripuraa.<\/p>\n<p class=\"aw-1gybjub aw-1p7kakr kEtdKx cEmitX yle__article__paragraph\">\u2013 Julkisen keskustelun ja EBU:n viime viikon p\u00e4\u00e4t\u00f6ksen her\u00e4tt\u00e4mien reaktioiden perusteella on selv\u00e4\u00e4, ettei R\u00daVin osallistumiseen Euroviisuihin liity iloa eik\u00e4 rauhaa. Siksi R\u00daVin p\u00e4\u00e4t\u00f6s on ilmoittaa EBU:lle t\u00e4n\u00e4\u00e4n, ettei R\u00daV osallistu Euroviisuihin ensi vuonna, tiedotteessa kerrotaan.<\/p>\n<p class=\"aw-1gybjub aw-1p7kakr kEtdKx cEmitX yle__article__paragraph\">Tiedotteessa kerrotaan, ett\u00e4 Euroviisujen tavoitteena on ollut yhdist\u00e4\u00e4 islantilaisia, mutta t\u00e4t\u00e4 tavoitetta ei saavuteta.<\/p>\n<p class=\"aw-1gybjub aw-1p7kakr kEtdKx cEmitX yle__article__paragraph\">Aiemmin Alankomaat, Espanja, Irlanti ja Slovenia ovat kertoneet boikotoivansa Euroviisuja Israelin osallistumisen vuoksi. Espanja on yksi Euroviisujen viidest\u00e4 suuresta rahoittajamaasta.<\/p>\n<p class=\"aw-1gybjub aw-1p7kakr kEtdKx cEmitX yle__article__paragraph\">Viime viikolla my\u00f6s Yle kertoi valmistautuvansa osallistumaan Euroviisuihin.<\/p>\n<p class=\"aw-1gybjub aw-1p7kakr kEtdKx cEmitX yle__article__paragraph\">Uutinen p\u00e4ivittyy.<\/p>\n","protected":false},"excerpt":{"rendered":"T\u00e4h\u00e4n menness\u00e4 viisi maata on ilmoittanut j\u00e4\u00e4v\u00e4ns\u00e4 pois ensi vuoden Euroviisuista. Avaa kuvien katselu Vuonna 2025 Islantia edusti&hellip;\n","protected":false},"author":2,"featured_media":112865,"comment_status":"","ping_status":"","sticky":false,"template":"","format":"standard","meta":{"footnotes":""},"categories":[132],"tags":[137,909,33,31,30,195,47,32,109],"class_list":{"0":"post-112864","1":"post","2":"type-post","3":"status-publish","4":"format-standard","5":"has-post-thumbnail","7":"category-musiikki","8":"tag-entertainment","9":"tag-euroviisut","10":"tag-fi","11":"tag-finland","12":"tag-finnish","13":"tag-music","14":"tag-musiikki","15":"tag-suomi","16":"tag-viihde"},"share_on_mastodon":{"url":"https:\/\/pubeurope.com\/@fi\/115696282633802558","error":""},"_links":{"self":[{"href":"https:\/\/www.europesays.com\/fi\/wp-json\/wp\/v2\/posts\/112864","targetHints":{"allow":["GET"]}}],"collection":[{"href":"https:\/\/www.europesays.com\/fi\/wp-json\/wp\/v2\/posts"}],"about":[{"href":"https:\/\/www.europesays.com\/fi\/wp-json\/wp\/v2\/types\/post"}],"author":[{"embeddable":true,"href":"https:\/\/www.europesays.com\/fi\/wp-json\/wp\/v2\/users\/2"}],"replies":[{"embeddable":true,"href":"https:\/\/www.europesays.com\/fi\/wp-json\/wp\/v2\/comments?post=112864"}],"version-history":[{"count":0,"href":"https:\/\/www.europesays.com\/fi\/wp-json\/wp\/v2\/posts\/112864\/revisions"}],"wp:featuredmedia":[{"embeddable":true,"href":"https:\/\/www.europesays.com\/fi\/wp-json\/wp\/v2\/media\/112865"}],"wp:attachment":[{"href":"https:\/\/www.europesays.com\/fi\/wp-json\/wp\/v2\/media?parent=112864"}],"wp:term":[{"taxonomy":"category","embeddable":true,"href":"https:\/\/www.europesays.com\/fi\/wp-json\/wp\/v2\/categories?post=112864"},{"taxonomy":"post_tag","embeddable":true,"href":"https:\/\/www.europesays.com\/fi\/wp-json\/wp\/v2\/tags?post=112864"}],"curies":[{"name":"wp","href":"https:\/\/api.w.org\/{rel}","templated":true}]}}