{"id":112868,"date":"2025-12-10T16:47:09","date_gmt":"2025-12-10T16:47:09","guid":{"rendered":"https:\/\/www.europesays.com\/fi\/112868\/"},"modified":"2025-12-10T16:47:09","modified_gmt":"2025-12-10T16:47:09","slug":"entinen-sm-liigapelaaja-hakkasi-vastustajan-kaksi-kallonmurtumaa","status":"publish","type":"post","link":"https:\/\/www.europesays.com\/fi\/112868\/","title":{"rendered":"Entinen SM-liigapelaaja hakkasi vastustajan \u2013 Kaksi kallonmurtumaa"},"content":{"rendered":"<p>Atte M\u00e4kisen ylily\u00f6nnill\u00e4 oli rankka seuraus. <\/p>\n<p><img decoding=\"async\" class=\"image image-show image-preview\" src=\"https:\/\/www.europesays.com\/fi\/wp-content\/uploads\/2025\/12\/46e816d322a927b860b9ecd35a000aeb0aa2dc71fa144a04db659a13f9bbdfbd.jpg\" alt=\"\"\/><img decoding=\"async\" class=\"image image-show\" src=\"https:\/\/www.europesays.com\/fi\/wp-content\/uploads\/2025\/12\/1765385228_919_46e816d322a927b860b9ecd35a000aeb0aa2dc71fa144a04db659a13f9bbdfbd.jpg\" alt=\"\"\/><\/p>\n<p>Atte M\u00e4kinen \u00c4ssien paidassa vuonna 2021.  Elmeri Elo\/AOP<\/p>\n<p class=\"paragraph\">J\u00e4\u00e4kiekon SM-liigassa TPS:\u00e4\u00e4 ja \u00c4ssi\u00e4 edustanut <strong>Atte M\u00e4kinen<\/strong>, 30, hakkasi vastustajan sairaalakuntoon kakkosdivisioonan ottelussa lauantaina. Tapahtuneesti <a href=\"https:\/\/www.is.fi\/jaakiekko\/art-2000011678671.html\" target=\"_blank\" rel=\"noopener nofollow\">uutisoi<\/a> Ilta-Sanomat.<\/p>\n<p class=\"paragraph\">TuusKin riveiss\u00e4 pelaava M\u00e4kinen murjoi EVUn <strong>Eemeli Tykkyl\u00e4isen<\/strong>, 22, niin pahasti, ett\u00e4 t\u00e4ll\u00e4 on todettu kaksi kallonmurtumaa.<\/p>\n<p class=\"paragraph\">\u2013\u2009H\u00e4n l\u00f6i minua mailan tupilla kasvoihin ja osui silm\u00e4n alueelle. Tipahdin siit\u00e4 j\u00e4\u00e4h\u00e4n ja olin aivan veress\u00e4. Atte jatkoi rusikoimista, vaikka makasin j\u00e4\u00e4ss\u00e4. Tilanne loppui vasta, kun tuomarit tulivat v\u00e4liin, Tykkyl\u00e4inen kertoo IS:lle.<\/p>\n<p class=\"paragraph\">Tilanteesta tuomittiin M\u00e4kiselle kaksi ottelurangaistusta.<\/p>\n<p class=\"paragraph\">Tykkyl\u00e4inen on tehnyt tilanteesta rikosilmoituksen.<\/p>\n<p><a href=\"https:\/\/www.iltalehti.fi\/jaakiekko\/a\/1ae71ab3-3179-4e5d-95ce-15a50bbf7509\" rel=\"nofollow noopener\" target=\"_blank\"><img decoding=\"async\" src=\"https:\/\/www.europesays.com\/fi\/wp-content\/uploads\/2025\/10\/4a4e280ca1a75d884de6ebd943738ae5d99be138803b843a647b7d7c8a538b0b.png\" alt=\"Osallistu arvontaan\"\/><\/a><\/p>\n","protected":false},"excerpt":{"rendered":"Atte M\u00e4kisen ylily\u00f6nnill\u00e4 oli rankka seuraus. Atte M\u00e4kinen \u00c4ssien paidassa vuonna 2021. Elmeri Elo\/AOP J\u00e4\u00e4kiekon SM-liigassa TPS:\u00e4\u00e4 ja&hellip;\n","protected":false},"author":2,"featured_media":112869,"comment_status":"","ping_status":"","sticky":false,"template":"","format":"standard","meta":{"footnotes":""},"categories":[158],"tags":[35,33,31,30,1143,41,1146,159,32,1145,167,160],"class_list":{"0":"post-112868","1":"post","2":"type-post","3":"status-publish","4":"format-standard","5":"has-post-thumbnail","7":"category-urheilu","8":"tag-24h","9":"tag-fi","10":"tag-finland","11":"tag-finnish","12":"tag-jaakiekko","13":"tag-liikunta-ja-urheilu","14":"tag-miesten-jaakiekko","15":"tag-sports","16":"tag-suomi","17":"tag-talviurheilu","18":"tag-terveys","19":"tag-urheilu"},"share_on_mastodon":{"url":"https:\/\/pubeurope.com\/@fi\/115696294263166090","error":""},"_links":{"self":[{"href":"https:\/\/www.europesays.com\/fi\/wp-json\/wp\/v2\/posts\/112868","targetHints":{"allow":["GET"]}}],"collection":[{"href":"https:\/\/www.europesays.com\/fi\/wp-json\/wp\/v2\/posts"}],"about":[{"href":"https:\/\/www.europesays.com\/fi\/wp-json\/wp\/v2\/types\/post"}],"author":[{"embeddable":true,"href":"https:\/\/www.europesays.com\/fi\/wp-json\/wp\/v2\/users\/2"}],"replies":[{"embeddable":true,"href":"https:\/\/www.europesays.com\/fi\/wp-json\/wp\/v2\/comments?post=112868"}],"version-history":[{"count":0,"href":"https:\/\/www.europesays.com\/fi\/wp-json\/wp\/v2\/posts\/112868\/revisions"}],"wp:featuredmedia":[{"embeddable":true,"href":"https:\/\/www.europesays.com\/fi\/wp-json\/wp\/v2\/media\/112869"}],"wp:attachment":[{"href":"https:\/\/www.europesays.com\/fi\/wp-json\/wp\/v2\/media?parent=112868"}],"wp:term":[{"taxonomy":"category","embeddable":true,"href":"https:\/\/www.europesays.com\/fi\/wp-json\/wp\/v2\/categories?post=112868"},{"taxonomy":"post_tag","embeddable":true,"href":"https:\/\/www.europesays.com\/fi\/wp-json\/wp\/v2\/tags?post=112868"}],"curies":[{"name":"wp","href":"https:\/\/api.w.org\/{rel}","templated":true}]}}