{"id":112878,"date":"2025-12-10T16:54:09","date_gmt":"2025-12-10T16:54:09","guid":{"rendered":"https:\/\/www.europesays.com\/fi\/112878\/"},"modified":"2025-12-10T16:54:09","modified_gmt":"2025-12-10T16:54:09","slug":"een-nyt-puhuu-petteri-orpo","status":"publish","type":"post","link":"https:\/\/www.europesays.com\/fi\/112878\/","title":{"rendered":"een \u2013 Nyt puhuu Petteri Orpo"},"content":{"rendered":"<p>P\u00e4\u00e4ministeri Petteri Orpo muistuttaa, ett\u00e4 kokoomus halusi aikoinaan 5 hyvinvointialuetta.<\/p>\n<p><img decoding=\"async\" class=\"image image-show image-preview\" src=\"https:\/\/www.europesays.com\/fi\/wp-content\/uploads\/2025\/12\/23136fc86105dcca7c05c3b09bc4baa23d471ba051c08078570758a8066da174.jpg\" alt=\"\"\/><img decoding=\"async\" class=\"image image-show\" src=\"https:\/\/www.europesays.com\/fi\/wp-content\/uploads\/2025\/12\/1765385649_972_23136fc86105dcca7c05c3b09bc4baa23d471ba051c08078570758a8066da174.jpg\" alt=\"\"\/><\/p>\n<p>P\u00e4\u00e4ministeri Petteri Orpo (kok). Inka Soveri<\/p>\n<p class=\"paragraph\">Orpon hallituksen v\u00e4liarviointi hyvinvointialueiden uudistusta koskien julkaistiin t\u00e4n\u00e4\u00e4n keskiviikkona.<\/p>\n<p class=\"paragraph\">V\u00e4liarviointiin kuuluvassa kirjoituksessaan tutkimusprofessori emeritus <strong>Markku Pekurinen<\/strong> toteaa, ett\u00e4 \u201dEU-maiden tietoja soveltaen, puhtaasti mekaanisesti arvioiden Suomessa sosiaali- ja terveydenhuollon sek\u00e4 pelastustoimen j\u00e4rjest\u00e4misvastuun toteuttamiseen riitt\u00e4isi 6\u201311 hyvinvointialuetta\u201d.<\/p>\n<p class=\"paragraph\">Kymmenen riippumattoman asiantuntijan laatiman niin kutsutun Erholan <a href=\"https:\/\/julkaisut.valtioneuvosto.fi\/server\/api\/core\/bitstreams\/238843db-4894-4c7e-8f7e-2410cc21db9e\/content\" target=\"_blank\" rel=\"noopener nofollow\">raportin<\/a>, <a href=\"https:\/\/www.iltalehti.fi\/politiikka\/3d4bc2cc-97c0-4118-a7b9-ded59cf5ba82\" rel=\"nofollow noopener\" target=\"_blank\">josta Iltalehti uutisoi t\u00e4n\u00e4\u00e4n aiemmin<\/a>, mukaan hyvinvointialueiden toiminnassa on lukuisia ongelmia, vaikka hyvinvointialueuudistus on edennyt koko maassa uudistukselle asetettujen tavoitteiden suuntaan.<\/p>\n<p class=\"paragraph\">Raportin laatijat ehdottavat, ett\u00e4 lyhyell\u00e4 aikav\u00e4lill\u00e4 alueiden m\u00e4\u00e4r\u00e4\u00e4 tulisi pienent\u00e4\u00e4 nykyisest\u00e4\u00e4n. Sit\u00e4 varten olisi m\u00e4\u00e4ritelt\u00e4v\u00e4 kriteerit, joilla asiaa arvioitaisiin ennen kev\u00e4\u00e4n 2027 hallitusneuvotteluja.<\/p>\n<p class=\"paragraph\">P\u00e4\u00e4ministeri <a href=\"https:\/\/www.iltalehti.fi\/henkilot\/Petteri Orpo\" class=\"article-link-person-page\" rel=\"nofollow noopener\" target=\"_blank\">Petteri Orpo<\/a> (kok) toteaa Iltalehdelle, ett\u00e4 raportissa on hyv\u00e4 kuvaus soten tilanteesta. Orpo toteaa olevansa tyytyv\u00e4inen siihen, ett\u00e4 isossa kuvassa sote on alkanut menn\u00e4 parempaan suuntaan. Selkeit\u00e4 korjattavia asioita kuitenkin on.<\/p>\n<p class=\"paragraph\">Orpon mukaan raportista k\u00e4yd\u00e4\u00e4n keskustelu hallituksessa ja alkuvuodesta on luvassa Orpon aiheesta antama p\u00e4\u00e4ministerin ilmoitus.<\/p>\n<p class=\"paragraph\">\u2013 Siin\u00e4 katsotaan se, mit\u00e4 meid\u00e4n hallituksemme viel\u00e4 tekee.<\/p>\n<p class=\"paragraph\">Sen sijaan t\u00e4n\u00e4\u00e4n julkaistun raportin rakenteelliset uudistusehdotukset kuten hyvinvointialueiden m\u00e4\u00e4r\u00e4n arviointi ovat Orpon mukaan hallitusohjelmatasoisia asioita ja raportti antaa hyv\u00e4n pohjan keskustelulle kohti seuraavaa vaalikautta.<\/p>\n<p class=\"paragraph\">\u2013 T\u00e4h\u00e4n kauteen ei voida tuoda rakennekysymyst\u00e4, koska meid\u00e4n t\u00e4rkein teht\u00e4v\u00e4mme on nyt auttaa hyvinvointialueita selvi\u00e4m\u00e4\u00e4n t\u00e4st\u00e4 murrosvaiheesta, Orpo kommentoi.<\/p>\n<p>N\u00e4kemys oli aikoinaan 5<\/p>\n<p class=\"paragraph\">Kysytt\u00e4ess\u00e4 Orpon kantaa seuraaviin hallitusneuvotteluihin hyvinvointialueiden m\u00e4\u00e4r\u00e4st\u00e4, h\u00e4n muistuttaa, ettei kokoomus aikoinaan kannattanut nykyist\u00e4 rakennetta. Nyt hallituksen toiminnassa on kuitenkin kunnioitettu edellisen eduskunnan p\u00e4\u00e4t\u00f6ksi\u00e4.<\/p>\n<p class=\"paragraph\">\u2013 Kokoomuksen n\u00e4kemys oli aikoinaan 5 aluetta, Orpo painottaa ja pit\u00e4\u00e4 nykymallia \u201dhyvin pirstaloituneena\u201d.<\/p>\n<p class=\"paragraph\">\u2013 Raportti antaa hyv\u00e4n pohjan jatkokeskustelulle.<\/p>\n<p class=\"paragraph\"><strong>Olisiko viisi edelleen hallitusneuvotteluja ajatellen hyv\u00e4 m\u00e4\u00e4r\u00e4?<\/strong><\/p>\n<p class=\"paragraph\">\u2013 En ota siihen [kantaa]. Meill\u00e4 on kokoomuksessa k\u00e4ynnistynyt jo valmistautuminen, ohjelmaty\u00f6 seuraavaan kauteen. Tulemme osana sit\u00e4 muodostamaan n\u00e4kemyksemme, miten sote-kokonaisuutta seuraavassa vaiheessa kehitet\u00e4\u00e4n.<\/p>\n<p class=\"paragraph\">Orpo sanoo, ett\u00e4 pohdinta soten valtionohjauksen kasvattamisesta tai hyvinvointialueiden itsen\u00e4isyyden kasvattamisesta on osa t\u00e4t\u00e4 kokonaisuutta.<\/p>\n<p class=\"paragraph\">Verotusoikeutta hyvinvointialueille kokoomus ei Orpon mukaan kannata. Siin\u00e4 kanta on selke\u00e4.<\/p>\n<p class=\"paragraph\">Raportin suositukseen karsia sairaala- ja p\u00e4ivystysverkkoa Orpo toteaa, ett\u00e4 sen pit\u00e4\u00e4 perustua ammattilaisten arvioihin ja siihen, mik\u00e4 on tarkoituksenmukaista Suomessa.<\/p>\n<p class=\"paragraph\">\u2013 Ne ovat osa my\u00f6s t\u00e4t\u00e4 koko keskustelua.<\/p>\n<p class=\"paragraph\">Iltalehti tavoitti eduskunnassa my\u00f6s t\u00e4ysistuntosaliin kiiruhtaneen perussuomalaisten puheenjohtajan, valtiovarainministeri <a href=\"https:\/\/www.iltalehti.fi\/henkilot\/Riikka Purra\" class=\"article-link-person-page\" rel=\"nofollow noopener\" target=\"_blank\">Riikka Purran<\/a>.<\/p>\n<p class=\"paragraph\">\u2013 Niit\u00e4 on liikaa, Purra ehti lyhyesti kommentoida sotealuiden m\u00e4\u00e4r\u00e4\u00e4.<\/p>\n<p>Verotusoikeus?<\/p>\n<p class=\"paragraph\">Sosiaali- ja terveysministeri\u00f6, valtiovarainministeri\u00f6 ja sis\u00e4ministeri\u00f6 k\u00e4ynnistiv\u00e4t kev\u00e4\u00e4ll\u00e4 2025 hyvinvointialueuudistuksen laajapohjaisen v\u00e4liarvioinnin osana alivaltiosihteeri <strong>Marina Erholan<\/strong> toimeksiantoa. V\u00e4liarviointi pohjautuu hallitusohjelman kirjaukseen.<\/p>\n<p>M\u00e4\u00e4r\u00e4aikainen alivaltiosihteeri Marina Erhola. Anu Blym<\/p>\n<p class=\"paragraph\">Raportissa suositellaan, ett\u00e4 aiemmin tehdyn erikoissairaanhoitoa ja p\u00e4ivystyksi\u00e4 koskevan selvityksen pohjalta arvioitaisiin, mit\u00e4 erikoissairaanhoidon palveluja tuotettaisiin mill\u00e4kin alueella.<\/p>\n<p class=\"paragraph\">Suosituksessa katsotaan, ett\u00e4 kev\u00e4\u00e4n 2027 hallitusneuvotteluihin pit\u00e4isi saada sairaala- ja p\u00e4ivystysverkon kehitt\u00e4misest\u00e4 ehdotus.<\/p>\n<p class=\"paragraph\">Pitk\u00e4n aikav\u00e4lin suosituksissa raportin laatijat ehdottavat, ett\u00e4 eduskunnan tulisi linjata halutaanko hyvinvointialueiden asemaa vahvistaa \u201ditsehallinnollisina alueyhteis\u00f6in\u00e4\u201d vai kehitt\u00e4\u00e4 niit\u00e4 \u201dpalveluorganisaatioina\u201d.<\/p>\n<p class=\"paragraph\">Mik\u00e4li alueiden itsehallintoa halutaan vahvistaa, tulisi raportin selvitt\u00e4\u00e4 toteuttamisvaihtoehdot, joilla alueille voidaan antaa verotusoikeus ja ottaa k\u00e4ytt\u00f6\u00f6n veropohjan tasausj\u00e4rjestelm\u00e4.<\/p>\n","protected":false},"excerpt":{"rendered":"P\u00e4\u00e4ministeri Petteri Orpo muistuttaa, ett\u00e4 kokoomus halusi aikoinaan 5 hyvinvointialuetta. P\u00e4\u00e4ministeri Petteri Orpo (kok). Inka Soveri Orpon hallituksen&hellip;\n","protected":false},"author":2,"featured_media":112879,"comment_status":"","ping_status":"","sticky":false,"template":"","format":"standard","meta":{"footnotes":""},"categories":[5],"tags":[35,22,23,26,27,33,31,30,863,17,24,25,28,29,15,18,21,637,886,885,887,32,19,20,16],"class_list":{"0":"post-112878","1":"post","2":"type-post","3":"status-publish","4":"format-standard","5":"has-post-thumbnail","7":"category-otsikot","8":"tag-24h","9":"tag-breaking-news","10":"tag-breakingnews","11":"tag-featured-news","12":"tag-featurednews","13":"tag-fi","14":"tag-finland","15":"tag-finnish","16":"tag-hallitus","17":"tag-headlines","18":"tag-latest-news","19":"tag-latestnews","20":"tag-main-news","21":"tag-mainnews","22":"tag-news","23":"tag-otsikot","24":"tag-paauutiset","25":"tag-politiikka","26":"tag-puolueet","27":"tag-suomen-poliittiset-puolueet","28":"tag-suomen-politiikka","29":"tag-suomi","30":"tag-top-stories","31":"tag-topstories","32":"tag-uutiset"},"share_on_mastodon":{"url":"https:\/\/pubeurope.com\/@fi\/115696321518597497","error":""},"_links":{"self":[{"href":"https:\/\/www.europesays.com\/fi\/wp-json\/wp\/v2\/posts\/112878","targetHints":{"allow":["GET"]}}],"collection":[{"href":"https:\/\/www.europesays.com\/fi\/wp-json\/wp\/v2\/posts"}],"about":[{"href":"https:\/\/www.europesays.com\/fi\/wp-json\/wp\/v2\/types\/post"}],"author":[{"embeddable":true,"href":"https:\/\/www.europesays.com\/fi\/wp-json\/wp\/v2\/users\/2"}],"replies":[{"embeddable":true,"href":"https:\/\/www.europesays.com\/fi\/wp-json\/wp\/v2\/comments?post=112878"}],"version-history":[{"count":0,"href":"https:\/\/www.europesays.com\/fi\/wp-json\/wp\/v2\/posts\/112878\/revisions"}],"wp:featuredmedia":[{"embeddable":true,"href":"https:\/\/www.europesays.com\/fi\/wp-json\/wp\/v2\/media\/112879"}],"wp:attachment":[{"href":"https:\/\/www.europesays.com\/fi\/wp-json\/wp\/v2\/media?parent=112878"}],"wp:term":[{"taxonomy":"category","embeddable":true,"href":"https:\/\/www.europesays.com\/fi\/wp-json\/wp\/v2\/categories?post=112878"},{"taxonomy":"post_tag","embeddable":true,"href":"https:\/\/www.europesays.com\/fi\/wp-json\/wp\/v2\/tags?post=112878"}],"curies":[{"name":"wp","href":"https:\/\/api.w.org\/{rel}","templated":true}]}}