{"id":112914,"date":"2025-12-10T17:45:10","date_gmt":"2025-12-10T17:45:10","guid":{"rendered":"https:\/\/www.europesays.com\/fi\/112914\/"},"modified":"2025-12-10T17:45:10","modified_gmt":"2025-12-10T17:45:10","slug":"torkeasta-rikoksesta-syytetyn-jari-matti-latvalan-tapauksessa-iso-kaanne-istunto-peruttu","status":"publish","type":"post","link":"https:\/\/www.europesays.com\/fi\/112914\/","title":{"rendered":"T\u00f6rke\u00e4st\u00e4 rikoksesta syytetyn Jari-Matti Latvalan tapauksessa iso k\u00e4\u00e4nne \u2013 Istunto peruttu"},"content":{"rendered":"<p>Rallit\u00e4hte\u00e4 syytet\u00e4\u00e4n t\u00f6rke\u00e4st\u00e4 veropetoksesta. Korkein oikeus antaa l\u00e4hiaikoina ennakkop\u00e4\u00e4t\u00f6ksen, jolla voi olla vaikutusta Latvalankin tapaukseen.<\/p>\n<p><img decoding=\"async\" class=\"image image-show image-preview\" src=\"https:\/\/www.europesays.com\/fi\/wp-content\/uploads\/2025\/12\/d2edeaa2f2f21158ca8fba27c01908b6bfa5c3d129248bf6932e13b396944070.jpg\" alt=\"\"\/><img decoding=\"async\" class=\"image image-show\" src=\"https:\/\/www.europesays.com\/fi\/wp-content\/uploads\/2025\/12\/1765388710_835_d2edeaa2f2f21158ca8fba27c01908b6bfa5c3d129248bf6932e13b396944070.jpg\" alt=\"\"\/><\/p>\n<p>Jari-Matti Latvalan joulukuun oikeudenk\u00e4ynti peruttiin. Mikko Huisko<\/p>\n<p class=\"paragraph\">T\u00f6rke\u00e4st\u00e4 veropetoksesta syytetyn <strong>Jari-Matti Latvalan<\/strong> joulukuulle m\u00e4\u00e4r\u00e4tyt oikeudenk\u00e4yntip\u00e4iv\u00e4t on peruttu.<\/p>\n<p class=\"paragraph\">Tapausta oli tarkoitus k\u00e4sitell\u00e4 Helsingin k\u00e4r\u00e4j\u00e4oikeudessa ensi viikolla, mutta Helsingin k\u00e4r\u00e4j\u00e4oikeudesta kerrottiin keskiviikkona Iltalehdelle, ett\u00e4 k\u00e4sittelyp\u00e4iv\u00e4t on peruttu \u201dprosessiekonomisista syist\u00e4\u201d.<\/p>\n<p class=\"paragraph\">\u2013 Korkein oikeus antaa ratkaisun, jolla voi olla vaikutusta t\u00e4m\u00e4n tapauksen k\u00e4sittelyyn, k\u00e4r\u00e4j\u00e4oikeudesta kerrotaan.<\/p>\n<p class=\"paragraph\">Korkeimman oikeuden p\u00e4\u00e4t\u00f6st\u00e4 odotetaan l\u00e4hiviikkoina, mahdollisesti jo t\u00e4m\u00e4n vuoden aikana. Latvalan oikeudenk\u00e4ynnille ei ole viel\u00e4 m\u00e4\u00e4r\u00e4tty uutta k\u00e4sittelyp\u00e4iv\u00e4\u00e4.<\/p>\n<p class=\"paragraph\">\u2013 Odotamme ensiksi korkeimman oikeuden ratkaisun, koska sill\u00e4 saattaa olla merkityst\u00e4 t\u00e4m\u00e4n jutun k\u00e4sittelyss\u00e4. Odotetaan ja katsotaan sitten, m\u00e4\u00e4r\u00e4t\u00e4\u00e4nk\u00f6 uusi k\u00e4sittelyp\u00e4iv\u00e4 vai miten toimitaan.<\/p>\n<p class=\"paragraph\">Tiedossa ei ole, kuka on osapuoli korkeimman oikeuden asiassa. Kyse ei ole kuitenkaan Latvalasta itsest\u00e4\u00e4n.<\/p>\n<p class=\"paragraph\">Korkeimman oikeuden p\u00e4\u00e4t\u00f6ksell\u00e4 saattaa olla vaikutusta Latvalan oikeudenk\u00e4yntiin. On mahdollista, ett\u00e4 korkeimman oikeuden antaman ennakkop\u00e4\u00e4t\u00f6ksen my\u00f6t\u00e4 Latvalan tapaus voisi jopa raueta.<\/p>\n<p class=\"paragraph\">\u2013 Sill\u00e4 on merkityst\u00e4 t\u00e4m\u00e4n asian k\u00e4sittelyss\u00e4, k\u00e4r\u00e4j\u00e4oikeudesta vahvistetaan.<\/p>\n<p>T\u00e4st\u00e4 on kyse<\/p>\n<p class=\"paragraph\"><a href=\"https:\/\/www.iltalehti.fi\/ralli\/9c36f2b2-f825-4861-a04b-c3dfa24b58ab\" rel=\"nofollow noopener\" target=\"_blank\">Latvalaa vastaan nostettiin 7. elokuuta syyte t\u00f6rke\u00e4st\u00e4 veropetoksesta<\/a>. Asianomistajana on Verohallinto.<\/p>\n<p class=\"paragraph\">Syytteen mukaan rikos on tapahtunut lokakuun 2015 ja lokakuun 2018 v\u00e4lisen\u00e4 aikana. Tuolloin osittain ulkomailla asuneen Latvalan ja Suomen valtion v\u00e4lill\u00e4 vallitsi erimielisyys siit\u00e4, miten Latvalan matkap\u00e4iv\u00e4t ulkomailla tulisi laskea.<\/p>\n<p class=\"paragraph\">Latvalan mukaan kyse on samasta kiistasta Verohallinnon kanssa, joka oli otsikoissa jo vuosia sitten. Asia ratkesi, kun <a href=\"https:\/\/www.iltalehti.fi\/ralli\/227fb5be-36e7-4cf7-9e02-29d25e1d46a8\" rel=\"nofollow noopener\" target=\"_blank\">Latvala taipui maksamaan vuonna 2023 Verohallinnolle 4,5 miljoonan euron edest\u00e4 veror\u00e4stej\u00e4<\/a>, jotka verottaja katsoi Latvalan olleen velkaa vuosilta 2015\u20132018.<\/p>\n<p class=\"paragraph\">\u2013 T\u00e4ss\u00e4 halutaan selv\u00e4sti tarkastella, olenko toiminut oikein vai v\u00e4\u00e4rin. Minusta halutaan tehd\u00e4 varoittava esimerkki. En keksi mit\u00e4\u00e4n muuta syyt\u00e4, miksi t\u00e4m\u00e4 asia haluttiin nostaa j\u00e4lleen esille, <a href=\"https:\/\/www.iltalehti.fi\/ralli\/9c36f2b2-f825-4861-a04b-c3dfa24b58ab\" rel=\"nofollow noopener\" target=\"_blank\">Latvala kommentoi Iltalehdelle lokakuussa.<\/a><\/p>\n<p class=\"paragraph\">Latvala kertoi tuolloin uskovansa tapauksen olevan ep\u00e4selv\u00e4 Verohallinnollekin. Siit\u00e4 syyst\u00e4 he ovat valmiita menem\u00e4\u00e4n oikeuteen.<\/p>\n<p class=\"paragraph\">Tiedossa ei ole, mit\u00e4 Latvalalta vaaditaan oikeudessa, sill\u00e4 syytteen sis\u00e4lt\u00f6 tulee julkiseksi vasta, kun asiaa k\u00e4sitell\u00e4\u00e4n.<\/p>\n<p class=\"paragraph\">Latvalan mukaan kyse ei ole jo maksetusta 4,5 miljoonan euron verovelasta.<\/p>\n","protected":false},"excerpt":{"rendered":"Rallit\u00e4hte\u00e4 syytet\u00e4\u00e4n t\u00f6rke\u00e4st\u00e4 veropetoksesta. Korkein oikeus antaa l\u00e4hiaikoina ennakkop\u00e4\u00e4t\u00f6ksen, jolla voi olla vaikutusta Latvalankin tapaukseen. Jari-Matti Latvalan joulukuun&hellip;\n","protected":false},"author":2,"featured_media":112915,"comment_status":"","ping_status":"","sticky":false,"template":"","format":"standard","meta":{"footnotes":""},"categories":[12],"tags":[35,22,23,26,27,33,31,30,17,53,24,25,28,29,15,977,18,21,32,19,20,16,2186,8732,20827],"class_list":{"0":"post-112914","1":"post","2":"type-post","3":"status-publish","4":"format-standard","5":"has-post-thumbnail","7":"category-suomi","8":"tag-24h","9":"tag-breaking-news","10":"tag-breakingnews","11":"tag-featured-news","12":"tag-featurednews","13":"tag-fi","14":"tag-finland","15":"tag-finnish","16":"tag-headlines","17":"tag-laki-oikeus-ja-rikos","18":"tag-latest-news","19":"tag-latestnews","20":"tag-main-news","21":"tag-mainnews","22":"tag-news","23":"tag-oikeusistuimet","24":"tag-otsikot","25":"tag-paauutiset","26":"tag-suomi","27":"tag-top-stories","28":"tag-topstories","29":"tag-uutiset","30":"tag-verotus","31":"tag-verovirastot","32":"tag-verovirkailijat"},"share_on_mastodon":{"url":"https:\/\/pubeurope.com\/@fi\/115696522185614709","error":""},"_links":{"self":[{"href":"https:\/\/www.europesays.com\/fi\/wp-json\/wp\/v2\/posts\/112914","targetHints":{"allow":["GET"]}}],"collection":[{"href":"https:\/\/www.europesays.com\/fi\/wp-json\/wp\/v2\/posts"}],"about":[{"href":"https:\/\/www.europesays.com\/fi\/wp-json\/wp\/v2\/types\/post"}],"author":[{"embeddable":true,"href":"https:\/\/www.europesays.com\/fi\/wp-json\/wp\/v2\/users\/2"}],"replies":[{"embeddable":true,"href":"https:\/\/www.europesays.com\/fi\/wp-json\/wp\/v2\/comments?post=112914"}],"version-history":[{"count":0,"href":"https:\/\/www.europesays.com\/fi\/wp-json\/wp\/v2\/posts\/112914\/revisions"}],"wp:featuredmedia":[{"embeddable":true,"href":"https:\/\/www.europesays.com\/fi\/wp-json\/wp\/v2\/media\/112915"}],"wp:attachment":[{"href":"https:\/\/www.europesays.com\/fi\/wp-json\/wp\/v2\/media?parent=112914"}],"wp:term":[{"taxonomy":"category","embeddable":true,"href":"https:\/\/www.europesays.com\/fi\/wp-json\/wp\/v2\/categories?post=112914"},{"taxonomy":"post_tag","embeddable":true,"href":"https:\/\/www.europesays.com\/fi\/wp-json\/wp\/v2\/tags?post=112914"}],"curies":[{"name":"wp","href":"https:\/\/api.w.org\/{rel}","templated":true}]}}