{"id":112932,"date":"2025-12-10T18:12:10","date_gmt":"2025-12-10T18:12:10","guid":{"rendered":"https:\/\/www.europesays.com\/fi\/112932\/"},"modified":"2025-12-10T18:12:10","modified_gmt":"2025-12-10T18:12:10","slug":"koululaista-epaillaan-tapon-yrityksesta-koululla","status":"publish","type":"post","link":"https:\/\/www.europesays.com\/fi\/112932\/","title":{"rendered":"Koululaista ep\u00e4ill\u00e4\u00e4n tapon yrityksest\u00e4 koululla"},"content":{"rendered":"<p>Ep\u00e4ilty\u00e4 ei ole kuultu viel\u00e4.<\/p>\n<p><img decoding=\"async\" class=\"image image-show image-preview\" src=\"https:\/\/www.europesays.com\/fi\/wp-content\/uploads\/2025\/12\/d5287a6ebb4e4e7f4df5d4f19123639c99c02f18394efc2ab1b5e8e45b94a693.jpg\" alt=\"\"\/><img decoding=\"async\" class=\"image image-show\" src=\"https:\/\/www.europesays.com\/fi\/wp-content\/uploads\/2025\/12\/1765390330_867_d5287a6ebb4e4e7f4df5d4f19123639c99c02f18394efc2ab1b5e8e45b94a693.jpg\" alt=\"\"\/><\/p>\n<p>Poliisilla oli teht\u00e4v\u00e4 Nummenpakan koulun Aurajoen yksik\u00f6n l\u00e4hist\u00f6ll\u00e4 keskiviikkoaamuna. Kuvituskuva. Sami Kuusivirta<\/p>\n<p class=\"paragraph\">Poliisi on ottanut kiinni nuoren, jota ep\u00e4ill\u00e4\u00e4n keskiviikkoaamuna Turun Nummessa tehdyst\u00e4 v\u00e4kivallanteosta. Poliisi tutkii asiaa t\u00e4ll\u00e4 hetkell\u00e4 tapon yrityksen\u00e4.<\/p>\n<p class=\"paragraph\">Poliisi sai h\u00e4lytyksen Nummenpakan koulun Aurajoen yksik\u00f6n l\u00e4hist\u00f6lle aamukahdeksalta. Yl\u00e4koululaisen pojan ep\u00e4ill\u00e4\u00e4n pahoinpidelleen toista yl\u00e4koululaista.<\/p>\n<p class=\"paragraph\">Ep\u00e4ilty poistui paikalta, mutta poliisi tavoitti h\u00e4net my\u00f6hemmin.<\/p>\n<p class=\"paragraph\">\u2013\u202fEp\u00e4ilty on 15-vuotias poika. Poliisi tutkii asiaa t\u00e4ll\u00e4 hetkell\u00e4 tapon yrityksen\u00e4, koska on syyt\u00e4 ep\u00e4ill\u00e4, ett\u00e4 v\u00e4kivallanteossa k\u00e4ytettiin ter\u00e4asetta, sanoo tutkinnanjohtaja, komisario <strong>Juhani Malmberg<\/strong> Lounais-Suomen poliisilaitoksen tiedotteessa.<\/p>\n<p class=\"paragraph\">Poliisi kertoi aikaisemmin keskiviikkona, ett\u00e4 uhri loukkaantui tilanteessa, mutta h\u00e4nen vammansa eiv\u00e4t olleet vakavia.<\/p>\n<p class=\"paragraph\">Rikosnimike voi muuttua esitutkinnan edetess\u00e4.<\/p>\n<p>K\u00e4sitys motiivista<\/p>\n<p class=\"paragraph\">Poliisi ei ole p\u00e4\u00e4ssyt viel\u00e4 kuulemaan ep\u00e4ilty\u00e4, mutta esitutkinnassa on tehty jo useita kuulusteluja. Tapahtumien kulku on poliisin tiedossa p\u00e4\u00e4piirteitt\u00e4in. Poliisin mukaan kyse oli kahden oppilaan v\u00e4lisest\u00e4 asiasta.<\/p>\n<p class=\"paragraph\">Poliisilla on my\u00f6s k\u00e4sitys teon motiivista, mutta tutkinnallisista syist\u00e4 sit\u00e4 ei viel\u00e4 t\u00e4ss\u00e4 vaiheessa avata.<\/p>\n<p>Poliisi puuttuu<\/p>\n<p class=\"paragraph\">Malmbergin mukaan nuorten v\u00e4lisiin v\u00e4kivallantekoihin ja v\u00e4lienselvittelyihin liittyy tyypillisesti my\u00f6s kavereita, joilla voi olla pyrkimys sekaantua ja l\u00e4hte\u00e4 selvitt\u00e4m\u00e4\u00e4n asioita.<\/p>\n<p class=\"paragraph\">\u2013\u202fPoliisi kuitenkin puuttuu tiukasti kaikenlaisiin puheisiin ja aikeisiin, mik\u00e4li asiassa esitet\u00e4\u00e4n uhkailua tai kostoaikeita. Tapauksen tutkinnasta vastaa esitutkintaviranomainen \u2013 ei kaverit, Malmberg painottaa.<\/p>\n<p class=\"paragraph\">Poliisi jatkaa tapauksen esitutkintaa sek\u00e4 siihen liittyvi\u00e4 tarvittavia selvitys- ja j\u00e4lkit\u00f6it\u00e4 yhdess\u00e4 koulun kanssa.<\/p>\n<p class=\"paragraph\">Poliisin mukaan kouluun on turvallista menn\u00e4.<\/p>\n","protected":false},"excerpt":{"rendered":"Ep\u00e4ilty\u00e4 ei ole kuultu viel\u00e4. Poliisilla oli teht\u00e4v\u00e4 Nummenpakan koulun Aurajoen yksik\u00f6n l\u00e4hist\u00f6ll\u00e4 keskiviikkoaamuna. Kuvituskuva. Sami Kuusivirta Poliisi&hellip;\n","protected":false},"author":2,"featured_media":112933,"comment_status":"","ping_status":"","sticky":false,"template":"","format":"standard","meta":{"footnotes":""},"categories":[5],"tags":[35,22,23,26,27,33,31,30,17,55,100,24,25,28,29,15,18,21,54,52,32,19,20,16,40],"class_list":{"0":"post-112932","1":"post","2":"type-post","3":"status-publish","4":"format-standard","5":"has-post-thumbnail","7":"category-otsikot","8":"tag-24h","9":"tag-breaking-news","10":"tag-breakingnews","11":"tag-featured-news","12":"tag-featurednews","13":"tag-fi","14":"tag-finland","15":"tag-finnish","16":"tag-headlines","17":"tag-lainvalvonta","18":"tag-lapset-ja-nuoret","19":"tag-latest-news","20":"tag-latestnews","21":"tag-main-news","22":"tag-mainnews","23":"tag-news","24":"tag-otsikot","25":"tag-paauutiset","26":"tag-pelastuspalvelut","27":"tag-poliisi","28":"tag-suomi","29":"tag-top-stories","30":"tag-topstories","31":"tag-uutiset","32":"tag-vakivalta"},"share_on_mastodon":{"url":"https:\/\/pubeurope.com\/@fi\/115696628326656231","error":""},"_links":{"self":[{"href":"https:\/\/www.europesays.com\/fi\/wp-json\/wp\/v2\/posts\/112932","targetHints":{"allow":["GET"]}}],"collection":[{"href":"https:\/\/www.europesays.com\/fi\/wp-json\/wp\/v2\/posts"}],"about":[{"href":"https:\/\/www.europesays.com\/fi\/wp-json\/wp\/v2\/types\/post"}],"author":[{"embeddable":true,"href":"https:\/\/www.europesays.com\/fi\/wp-json\/wp\/v2\/users\/2"}],"replies":[{"embeddable":true,"href":"https:\/\/www.europesays.com\/fi\/wp-json\/wp\/v2\/comments?post=112932"}],"version-history":[{"count":0,"href":"https:\/\/www.europesays.com\/fi\/wp-json\/wp\/v2\/posts\/112932\/revisions"}],"wp:featuredmedia":[{"embeddable":true,"href":"https:\/\/www.europesays.com\/fi\/wp-json\/wp\/v2\/media\/112933"}],"wp:attachment":[{"href":"https:\/\/www.europesays.com\/fi\/wp-json\/wp\/v2\/media?parent=112932"}],"wp:term":[{"taxonomy":"category","embeddable":true,"href":"https:\/\/www.europesays.com\/fi\/wp-json\/wp\/v2\/categories?post=112932"},{"taxonomy":"post_tag","embeddable":true,"href":"https:\/\/www.europesays.com\/fi\/wp-json\/wp\/v2\/tags?post=112932"}],"curies":[{"name":"wp","href":"https:\/\/api.w.org\/{rel}","templated":true}]}}