{"id":112961,"date":"2025-12-10T18:58:09","date_gmt":"2025-12-10T18:58:09","guid":{"rendered":"https:\/\/www.europesays.com\/fi\/112961\/"},"modified":"2025-12-10T18:58:09","modified_gmt":"2025-12-10T18:58:09","slug":"miley-cyrus-lumoaa-upealla-muodonmuutoksellaan-kuvat","status":"publish","type":"post","link":"https:\/\/www.europesays.com\/fi\/112961\/","title":{"rendered":"Miley Cyrus lumoaa upealla muodonmuutoksellaan &#8211; kuvat!"},"content":{"rendered":"<p class=\"article-content article-content-width !bg-background\">Jenkkilaulaja <a alt=\"Haku\" class=\"text-primary-red font-extrabold\" href=\"https:\/\/www.seiska.fi\/haku?q=Miley Cyrus\" rel=\"nofollow noopener\" target=\"_blank\">Miley Cyrus<\/a>, 33, on kohahduttanut vuosien varrella moneen otteeseen.\u00a0<\/p>\n<p class=\"article-content article-content-width !bg-background\">Vuonna 2012 kantrit\u00e4hti <a alt=\"Haku\" class=\"text-primary-red font-extrabold\" href=\"https:\/\/www.seiska.fi\/haku?q=Billie Ray Cyrusin\" rel=\"nofollow noopener\" target=\"_blank\">Billie Ray Cyrusin<\/a> ja tuottaja-manageri <a alt=\"Haku\" class=\"text-primary-red font-extrabold\" href=\"https:\/\/www.seiska.fi\/haku?q=Trish Cyrusin\" rel=\"nofollow noopener\" target=\"_blank\">Trish Cyrusin<\/a> tyt\u00e4r aiheutti kansainv\u00e4lisen j\u00e4rkytyksen hiustyylill\u00e4\u00e4n. H\u00e4n hyv\u00e4steli tunnuspiirteekseen muodostuneet pitk\u00e4t, tummat kutrinsa leikkaamalla ne lyhyiksi ja v\u00e4rj\u00e4\u00e4m\u00e4ll\u00e4 kuontalonsa platinanvaaleaksi.<\/p>\n<p class=\"article-content article-content-width !bg-background\">Tuolloin muodonmuutos toimi selv\u00e4n\u00e4 pes\u00e4erona Mileyn teinivuosiin ja h\u00e4net kuuluisaksi tehneeseen Hannah Montanan rooliin.\u00a0<\/p>\n<p>Yll\u00e4tti tv-katsojat<\/p>\n<p class=\"article-content article-content-width !bg-background\">Viime vuosina Miley on vienyt tyyli\u00e4\u00e4n yh\u00e4 eksentrisemp\u00e4\u00e4n suuntaan. Laulajan on huhuttu turvautuneen my\u00f6s julkimoiden keskuudessa suurta suosiota saavuttaneeseen poskirasvan poistoon.\u00a0<\/p>\n<p>                <img decoding=\"async\" src=\"https:\/\/www.europesays.com\/fi\/wp-content\/uploads\/2025\/12\/2016003.webp\" width=\"576\" height=\"711\" alt=\"Popparin tyyli\u00e4 vuodelta 2024.\" loading=\"lazy\" \/>            <\/p>\n<p>\n            Popparin tyyli\u00e4 vuodelta 2024.<br \/>\n            AOP\n        <\/p>\n<p class=\"article-content article-content-width !bg-background\">\u00c4skett\u00e4in Miley her\u00e4tti j\u00e4lleen huomiota muuttuneella ulkomuodollaan viraillessaan Jimmy Kimmel Live -talkshow&#8217;ssa. Toisin kuin usein aiemmin, t\u00e4ll\u00e4 kertaa laulajattaren fanit inoutuivat ylist\u00e4m\u00e4\u00e4n t\u00e4m\u00e4n freesi\u00e4 olemusta.\u00a0<\/p>\n<p class=\"article-content article-content-width !bg-background\">Popt\u00e4hden olemusta on kehuttu muun muassa aiempaa nuorekkaammaksi. Tuoreet kuvat osoittavatkin staran n\u00e4ytt\u00e4v\u00e4n varsin hyvinvoivalta. Ennen mit\u00e4 ilmavammissa kampauksissa esiintynyt Miley oli kietonut tukkansa nollarityyliselle nutturalle.\u00a0<\/p>\n<p>                <img decoding=\"async\" src=\"https:\/\/www.europesays.com\/fi\/wp-content\/uploads\/2025\/12\/2015625.webp\" width=\"576\" height=\"759\" alt=\"Miley vieraili hiljattain Jimmy Kimmel Live -ohjelmassa. T\u00e4hden muuttunut ulkon\u00e4k\u00f6 sai fanit hieraisemaan silmi\u00e4\u00e4n.\" loading=\"lazy\" \/>            <\/p>\n<p>\n            Miley vieraili hiljattain Jimmy Kimmel Live -ohjelmassa. T\u00e4hden muuttunut ulkon\u00e4k\u00f6 sai fanit hieraisemaan silmi\u00e4\u00e4n.<br \/>\n            All Over Press\n        <\/p>\n<p class=\"article-content article-content-width !bg-background\">Suurimman huomion ovat kuitenkin varastaneet hiljattain <a alt=\"Haku\" class=\"text-primary-red font-extrabold\" href=\"https:\/\/www.seiska.fi\/haku?q=Maxx\" rel=\"nofollow noopener\" target=\"_blank\">Maxx<\/a>&#8211;<a href=\"https:\/\/www.seiska.fi\/ulkomaat\/miley-cyrus-yllatyskihlat\/2011070\" target=\"_blank\" rel=\"nofollow noopener\">rakkaansa kanssa kihlautuneen<\/a> popparin hampaat.\u00a0<\/p>\n<p class=\"article-content article-content-width !bg-background\">Purukalusto v\u00e4lkehtii tuttuun tapaan vitivalkoisena, mutta koko n\u00e4ytt\u00e4\u00e4 muuttuneen. Vaikuttaakin silt\u00e4, ett\u00e4 Miley on vaihdattanut hammaskuorensa uusiin ja istuvampiin.\u00a0<\/p>\n<p class=\"article-content article-content-width !bg-background\">Miley ei toistaiseksi ole kommentoinut yll\u00e4tt\u00e4v\u00e4\u00e4 hehkeytymist\u00e4\u00e4n. H\u00e4n ei suinkaan ole julkimoista ainoa, joka on viime aikoina varastanut show&#8217;n mystisesti kohentuneella ulkoasullaan. Esimerkiksi takavuosien teinistara <a alt=\"Haku\" class=\"text-primary-red font-extrabold\" href=\"https:\/\/www.seiska.fi\/haku?q=Lindsay Lohan\" rel=\"nofollow noopener\" target=\"_blank\">Lindsay Lohan<\/a> on ihastuttanut s\u00e4dehtiv\u00e4ll\u00e4 lookillaan.\u00a0<\/p>\n<p class=\"italic m-italic article-content article-content-width !bg-background\">Alta l\u00f6yd\u00e4t p\u00e4tk\u00e4n Mileyn tv-vierailusta. Jos upotus ei toimi, <a href=\"https:\/\/www.instagram.com\/p\/DR3h8vODWL-\/\" target=\"_blank\" rel=\"nofollow noopener\">n\u00e4et julkaisun t\u00e4\u00e4lt\u00e4<\/a>.<\/p>\n<p><script async src=\"\/\/www.instagram.com\/embed.js\"><\/script><\/p>\n","protected":false},"excerpt":{"rendered":"Jenkkilaulaja Miley Cyrus, 33, on kohahduttanut vuosien varrella moneen otteeseen.\u00a0 Vuonna 2012 kantrit\u00e4hti Billie Ray Cyrusin ja tuottaja-manageri&hellip;\n","protected":false},"author":2,"featured_media":112962,"comment_status":"","ping_status":"","sticky":false,"template":"","format":"standard","meta":{"footnotes":""},"categories":[130],"tags":[137,33,31,30,13120,10539,14926,2682,15175,6327,5159,1040,9002,4436,32,3884,109],"class_list":{"0":"post-112961","1":"post","2":"type-post","3":"status-publish","4":"format-standard","5":"has-post-thumbnail","7":"category-viihde","8":"tag-entertainment","9":"tag-fi","10":"tag-finland","11":"tag-finnish","12":"tag-hampaat","13":"tag-jimmy-kimmel","14":"tag-kasvot","15":"tag-kauneus","16":"tag-kauneusoperaatio","17":"tag-kirurgia","18":"tag-laulaja","19":"tag-lindsay-lohan","20":"tag-miley-cyrus","21":"tag-muodonmuutos","22":"tag-suomi","23":"tag-ulkonako","24":"tag-viihde"},"share_on_mastodon":{"url":"https:\/\/pubeurope.com\/@fi\/115696809294522388","error":""},"_links":{"self":[{"href":"https:\/\/www.europesays.com\/fi\/wp-json\/wp\/v2\/posts\/112961","targetHints":{"allow":["GET"]}}],"collection":[{"href":"https:\/\/www.europesays.com\/fi\/wp-json\/wp\/v2\/posts"}],"about":[{"href":"https:\/\/www.europesays.com\/fi\/wp-json\/wp\/v2\/types\/post"}],"author":[{"embeddable":true,"href":"https:\/\/www.europesays.com\/fi\/wp-json\/wp\/v2\/users\/2"}],"replies":[{"embeddable":true,"href":"https:\/\/www.europesays.com\/fi\/wp-json\/wp\/v2\/comments?post=112961"}],"version-history":[{"count":0,"href":"https:\/\/www.europesays.com\/fi\/wp-json\/wp\/v2\/posts\/112961\/revisions"}],"wp:featuredmedia":[{"embeddable":true,"href":"https:\/\/www.europesays.com\/fi\/wp-json\/wp\/v2\/media\/112962"}],"wp:attachment":[{"href":"https:\/\/www.europesays.com\/fi\/wp-json\/wp\/v2\/media?parent=112961"}],"wp:term":[{"taxonomy":"category","embeddable":true,"href":"https:\/\/www.europesays.com\/fi\/wp-json\/wp\/v2\/categories?post=112961"},{"taxonomy":"post_tag","embeddable":true,"href":"https:\/\/www.europesays.com\/fi\/wp-json\/wp\/v2\/tags?post=112961"}],"curies":[{"name":"wp","href":"https:\/\/api.w.org\/{rel}","templated":true}]}}