{"id":112996,"date":"2025-12-10T19:54:09","date_gmt":"2025-12-10T19:54:09","guid":{"rendered":"https:\/\/www.europesays.com\/fi\/112996\/"},"modified":"2025-12-10T19:54:09","modified_gmt":"2025-12-10T19:54:09","slug":"nailta-aloilta-halutaan-pois-ilta-sanomat","status":"publish","type":"post","link":"https:\/\/www.europesays.com\/fi\/112996\/","title":{"rendered":"N\u00e4ilt\u00e4 aloilta halutaan pois &#8211; Ilta-Sanomat"},"content":{"rendered":"<p>Yli puolet ammattilaisista voisi vaihtaa alaa.<\/p>\n<p class=\"article-body mb-nof-24 px-nof-16\">Korona-aika ja ty\u00f6markkinoilla vallitseva ep\u00e4varmuus ovat lis\u00e4nneet suomalaisten halua vaihtaa ammattialaansa. N\u00e4in arvioi ty\u00f6nhakuyhti\u00f6 Duunitorin ty\u00f6nantajakuvakonsultti <a class=\"article-personlink\" href=\"https:\/\/www.is.fi\/haku\/?query=Antti%20Hyrk%C3%A4s\" rel=\"nofollow noopener\" target=\"_blank\">Antti Hyrk\u00e4s<\/a>.<\/p>\n<p class=\"article-body mb-nof-24 px-nof-16\">Duunitorin tuoreen <a class=\"article-genericlink\" href=\"https:\/\/duunitori.fi\/rekrytointi\/tyonhakijatutkimus\" rel=\"nofollow noopener\" target=\"_blank\">kyselyn <\/a>mukaan per\u00e4ti 54 prosenttia eri alojen ammattilaisista olisi valmis vaihtamaan alaa.<\/p>\n<p class=\"article-body mb-nof-24 px-nof-16\">\u2013\u2009Se, ett\u00e4 yli puolet ammattilaisista harkitsee alanvaihtoa, kertoo ty\u00f6el\u00e4m\u00e4n murroksesta. Ammatti-identiteetit eiv\u00e4t ole en\u00e4\u00e4 yht\u00e4 pysyvi\u00e4 kuin ennen. Harkinnan taustalla voi olla samoja syit\u00e4 kuin irtisanoutumisessa, kuten kuormitusta, huonoa johtamista tai ilmapiiri\u00e4, Hyrk\u00e4s sanoo Duunitorin tiedotteessa.<\/p>\n<p class=\"fact-box__label fact-box__label--container\">Fakta<\/p>\n<p>Eri alojen kiinnostavuusN\u00e4ilt\u00e4 aloilta moni haluaa pois<\/p>\n<ol class=\"mb-nof-16 px-nof-16 article-ordered-list ordered-list\">\n<li class=\"ordered-list-item\">\n<p class=\"article-body\">asiakaspalvelu sek\u00e4 myynti ja kaupan ala<\/p>\n<\/li>\n<li class=\"ordered-list-item\">\n<p class=\"article-body\">markkinointi, mainonta, media ja viestint\u00e4<\/p>\n<\/li>\n<li class=\"ordered-list-item\">\n<p class=\"article-body\">siivous, puhtaanapito ja j\u00e4tehuolto<\/p>\n<\/li>\n<li class=\"ordered-list-item\">\n<p class=\"article-body\">lakiala<\/p>\n<\/li>\n<\/ol>\n<p>N\u00e4ill\u00e4 aloilla halutaan pysy\u00e4<\/p>\n<ol class=\"mb-nof-16 px-nof-16 article-ordered-list ordered-list\">\n<li class=\"ordered-list-item\">\n<p class=\"article-body\">kulttuuri-, viihde- ja taidealat<\/p>\n<\/li>\n<li class=\"ordered-list-item\">\n<p class=\"article-body\">turvallisuusala<\/p>\n<\/li>\n<li class=\"ordered-list-item\">\n<p class=\"article-body\">muut liike-el\u00e4m\u00e4n palvelut, konsultointi ja tutkimus sek\u00e4 opetusala<\/p>\n<\/li>\n<li class=\"ordered-list-item\">\n<p class=\"article-body\">HR ja rekrytointi<\/p>\n<\/li>\n<\/ol>\n<p>N\u00e4ille aloille haluttaisiin siirty\u00e4<\/p>\n<ol class=\"mb-nof-16 px-nof-16 article-ordered-list ordered-list\">\n<li class=\"ordered-list-item\">\n<p class=\"article-body\">hallinto ja yleiset toimistoty\u00f6t<\/p>\n<\/li>\n<li class=\"ordered-list-item\">\n<p class=\"article-body\">asiakaspalvelu<\/p>\n<\/li>\n<li class=\"ordered-list-item\">\n<p class=\"article-body\">teollisuus<\/p>\n<\/li>\n<li class=\"ordered-list-item\">\n<p class=\"article-body\">tietotekniikka ja ohjelmistokehitys<\/p>\n<\/li>\n<\/ol>\n<p class=\"article-body mb-nof-24 px-nof-16\">Hyrk\u00e4s on koulutukseltaan sosiologian tohtori, ja h\u00e4n on tutkinut muun muassa yrityskulttuuria. H\u00e4n sanoo, ett\u00e4 ty\u00f6ntekij\u00f6iden sitouttamiseksi yritysten kannattaisi panostaa johtamiseen, urapolkuihin, joustavuuteen ja ty\u00f6hyvinvointiin.<\/p>\n<p class=\"article-body mb-nof-24 px-nof-16\">\u2013\u2009Asiakaspalvelu sek\u00e4 myynti- ja kaupan ala sis\u00e4lt\u00e4v\u00e4t paljon teht\u00e4vi\u00e4, jotka toimivat ponnahduslautana ty\u00f6el\u00e4m\u00e4\u00e4n. Siksi niilt\u00e4 on paljon siirtym\u00e4\u00e4, vaikka varsinaista tyytym\u00e4tt\u00f6myytt\u00e4 ei olisikaan, Hyrk\u00e4s sanoo.<\/p>\n<p><img decoding=\"async\" src=\"https:\/\/www.europesays.com\/fi\/wp-content\/uploads\/2025\/12\/1765396449_556_468.jpg\" alt=\"Kaupan ala on monille ponnahduslauta ty\u00f6el\u00e4m\u00e4\u00e4n.\" class=\"_Img_1rerz_1\" style=\"aspect-ratio:1.5\" loading=\"eager\"\/><\/p>\n<p class=\"article-picture-caption\">Kaupan ala on monille ponnahduslauta ty\u00f6el\u00e4m\u00e4\u00e4n. Kuva:\u00a0Hanna Matikainen \/ Lehtikuva<\/p>\n<p class=\"article-body mb-nof-24 px-nof-16\">\u2013\u2009Ei ole yll\u00e4tt\u00e4v\u00e4\u00e4, ett\u00e4 vaihtamisalttius on suurta my\u00f6s markkinoinnin, mainonnan, median ja viestinn\u00e4n osaajilla. Ty\u00f6paikkojen raju v\u00e4hentyminen viime vuosina ja ep\u00e4varmat tulevaisuudenn\u00e4kym\u00e4t ovat saaneet monet harkitsemaan alanvaihtoa.<\/p>\n<p class=\"article-body mb-nof-24 px-nof-16\">Hyrk\u00e4s arvioi, ett\u00e4 pient\u00e4 alanvaihtohalukkuutta selitt\u00e4\u00e4 se, ett\u00e4 ty\u00f6 koetaan merkitykselliseksi ja vahvaksi osaksi omaa identiteetti\u00e4.<\/p>\n<p class=\"article-body mb-nof-24 px-nof-16\">\u2013\u2009Asiakaspalvelun sijoitus on kiinnostava, sill\u00e4 se on my\u00f6s ala, jolta halutaan vaihtaa pois. T\u00e4m\u00e4 selittyy todenn\u00e4k\u00f6isesti sill\u00e4, ett\u00e4 ala on hyvin laaja ja ty\u00f6teht\u00e4v\u00e4t vaihtelevat merkitt\u00e4v\u00e4sti. Lis\u00e4ksi moniin asiakaspalvelu\u00adteht\u00e4viin voi olla helppo siirty\u00e4 ilman koulutusta tai kokemusta, Hyrk\u00e4s sanoo.<\/p>\n<p class=\"article-body mb-nof-24 px-nof-16\">Vaikka alanvaihto\u00adhalukkuus on suurta, vain harva haluaa vaihtaa julkiselta yksityiselle sektorille tai p\u00e4invastoin. Kyselyn mukaan vain 10 prosenttia yksityisell\u00e4 sektorilla ty\u00f6skentelevist\u00e4 haluaisi vaihtaa julkiselle puolelle ja 16 prosenttia julkisella sektorilla ty\u00f6skentelevist\u00e4 yksityiselle puolelle.<\/p>\n","protected":false},"excerpt":{"rendered":"Yli puolet ammattilaisista voisi vaihtaa alaa. Korona-aika ja ty\u00f6markkinoilla vallitseva ep\u00e4varmuus ovat lis\u00e4nneet suomalaisten halua vaihtaa ammattialaansa. N\u00e4in&hellip;\n","protected":false},"author":2,"featured_media":112997,"comment_status":"","ping_status":"","sticky":false,"template":"","format":"standard","meta":{"footnotes":""},"categories":[14],"tags":[22,23,26,27,33,31,30,17,34,24,25,28,29,15,18,21,32,19,20,56,16,59,60,61],"class_list":{"0":"post-112996","1":"post","2":"type-post","3":"status-publish","4":"format-standard","5":"has-post-thumbnail","7":"category-ulkomaat","8":"tag-breaking-news","9":"tag-breakingnews","10":"tag-featured-news","11":"tag-featurednews","12":"tag-fi","13":"tag-finland","14":"tag-finnish","15":"tag-headlines","16":"tag-ilta-sanomat","17":"tag-latest-news","18":"tag-latestnews","19":"tag-main-news","20":"tag-mainnews","21":"tag-news","22":"tag-otsikot","23":"tag-paauutiset","24":"tag-suomi","25":"tag-top-stories","26":"tag-topstories","27":"tag-ulkomaat","28":"tag-uutiset","29":"tag-world","30":"tag-world-news","31":"tag-worldnews"},"share_on_mastodon":{"url":"https:\/\/pubeurope.com\/@fi\/115697029210257520","error":""},"_links":{"self":[{"href":"https:\/\/www.europesays.com\/fi\/wp-json\/wp\/v2\/posts\/112996","targetHints":{"allow":["GET"]}}],"collection":[{"href":"https:\/\/www.europesays.com\/fi\/wp-json\/wp\/v2\/posts"}],"about":[{"href":"https:\/\/www.europesays.com\/fi\/wp-json\/wp\/v2\/types\/post"}],"author":[{"embeddable":true,"href":"https:\/\/www.europesays.com\/fi\/wp-json\/wp\/v2\/users\/2"}],"replies":[{"embeddable":true,"href":"https:\/\/www.europesays.com\/fi\/wp-json\/wp\/v2\/comments?post=112996"}],"version-history":[{"count":0,"href":"https:\/\/www.europesays.com\/fi\/wp-json\/wp\/v2\/posts\/112996\/revisions"}],"wp:featuredmedia":[{"embeddable":true,"href":"https:\/\/www.europesays.com\/fi\/wp-json\/wp\/v2\/media\/112997"}],"wp:attachment":[{"href":"https:\/\/www.europesays.com\/fi\/wp-json\/wp\/v2\/media?parent=112996"}],"wp:term":[{"taxonomy":"category","embeddable":true,"href":"https:\/\/www.europesays.com\/fi\/wp-json\/wp\/v2\/categories?post=112996"},{"taxonomy":"post_tag","embeddable":true,"href":"https:\/\/www.europesays.com\/fi\/wp-json\/wp\/v2\/tags?post=112996"}],"curies":[{"name":"wp","href":"https:\/\/api.w.org\/{rel}","templated":true}]}}