{"id":113004,"date":"2025-12-10T20:15:09","date_gmt":"2025-12-10T20:15:09","guid":{"rendered":"https:\/\/www.europesays.com\/fi\/113004\/"},"modified":"2025-12-10T20:15:09","modified_gmt":"2025-12-10T20:15:09","slug":"hifk-kaatoi-liigakarki-tapparan-ja-nousi-pudotuspeliviivan-ylapuolelle-urheilua-lyhyesti","status":"publish","type":"post","link":"https:\/\/www.europesays.com\/fi\/113004\/","title":{"rendered":"HIFK kaatoi liigak\u00e4rki Tapparan ja nousi pudotuspeliviivan yl\u00e4puolelle | Urheilua lyhyesti"},"content":{"rendered":"<p class=\"aw-1gybjub aw-5vja16 kEtdKx kmuxyA yle__article__paragraph\">Heikkojen otteidensa takia syksyll\u00e4 uutisotsikoissa ollut Helsingin IFK on p\u00e4\u00e4ssyt kotimaan j\u00e4\u00e4kiekkoliigassa nousukiitoon.<\/p>\n<p><img decoding=\"async\" alt=\"Anttoni Uronen #18, HIFK tuulettaa 5-2-maaliaan yhdess\u00e4 p\u00e4\u00e4valmentaja Olli Jokisen kanssa 10.12.2025. \" src=\"https:\/\/www.europesays.com\/fi\/wp-content\/uploads\/2025\/12\/39-15677496939c979bede4.jpeg\" class=\"aw-1l9m598 hKVVvP\"\/><\/p>\n<p>Avaa kuvien katselu<\/p>\n<p>Anttoni Uronen #18, HIFK tuulettaa 5-2-maaliaan yhdess\u00e4 p\u00e4\u00e4valmentaja Olli Jokisen kanssa 10.12.2025. Kuva: Matti Raivio\/All Over Press<\/p>\n<p class=\"aw-1gybjub aw-1p7kakr kEtdKx cEmitX yle__article__paragraph\"><strong class=\"aw-ak79eh KyCXm yle__article__strong\">Olli Jokisen<\/strong> valmentama HIFK kukisti keskiviikkona viimeisimp\u00e4n\u00e4 ty\u00f6n\u00e4ytteen\u00e4\u00e4n sarjak\u00e4rki Tapparan 6-3. HIFK nousi kotij\u00e4\u00e4ll\u00e4\u00e4n tappioasemasta voittoon kolmannessa er\u00e4ss\u00e4 iskem\u00e4ll\u00e4 Tapparan verkkoon per\u00e4ti viisi maalia.<\/p>\n<p class=\"aw-1gybjub aw-1p7kakr kEtdKx cEmitX yle__article__paragraph\">Hy\u00f6kk\u00e4\u00e4j\u00e4 <strong class=\"aw-ak79eh KyCXm yle__article__strong\">Anttoni Uronen<\/strong>, 17, viimeisteli kotijoukkueen maalitalkoissa liigauransa ensimm\u00e4isen t\u00e4ysosuman. Tapparan seitsem\u00e4n ottelun voittoputki katkesi.<\/p>\n<p class=\"aw-1gybjub aw-1p7kakr kEtdKx cEmitX yle__article__paragraph\">HIFK on poiminut kuudesta viime ottelustaan viisi voittoa. Tappara-voitto nosti joukkueen Liigassa 12. sijalle eli viimeiselle pudotuspeleihin oikeuttavalle paikalle.<\/p>\n<p class=\"aw-1gybjub aw-1p7kakr kEtdKx cEmitX yle__article__paragraph\">HIFK ohitti sarjataulukossa Pelicansin ja HPK:n, joka k\u00e4rsi keskiviikkona Kiekko-Espoon vieraana jo viidennen per\u00e4kk\u00e4isen tappionsa. 3\u20131-kotivoitolla K-Espoo katkaisi kolmen pelin tappioputkensa.<\/p>\n<p>K\u00e4rppien taaperrus jatkui Espoossa<\/p>\n<p class=\"aw-1gybjub aw-1p7kakr kEtdKx cEmitX yle__article__paragraph\">My\u00f6s kolmikon takana olevan K\u00e4rppien kurimus jatkuu. K\u00e4rp\u00e4t onnistui per\u00e4ti kahdessa paitsiohaastossa, mutta sek\u00e4\u00e4n ei riitt\u00e4nyt oululaisille Lukkoa vastaan.<\/p>\n<p class=\"aw-1gybjub aw-1p7kakr kEtdKx cEmitX yle__article__paragraph\">Toiseksi viimeisen\u00e4 oleva oululaisseura h\u00e4visi jo kolmannen ottelunsa per\u00e4kk\u00e4in, kun Lukko nujersi oululaisryhm\u00e4n 5\u20132. Jami Krannila (2+0) teki rangaistuslaukauksesta voittomaaliksi j\u00e4\u00e4neen 3\u20132-osuman Raumalla.<\/p>\n<p class=\"aw-1gybjub aw-1p7kakr kEtdKx cEmitX yle__article__paragraph\">Liigan k\u00e4rkip\u00e4\u00e4ss\u00e4 kolmantena oleva KooKoo jatkaa sen sijaan mahtimenoaan. KooKoo voitti hallitsevan mestarin KalPan 5\u20132. Kouvolalaisjoukkue on kahminut kolmestatoista viime ottelustaan per\u00e4ti 11 voittoa.<\/p>\n<p class=\"aw-1gybjub aw-1p7kakr kEtdKx cEmitX yle__article__paragraph\">KooKoon pisteputki alkoi marraskuun ensimm\u00e4isen p\u00e4iv\u00e4n j\u00e4lkeen. Samaan aikaan rinkiin liittyi ruotsalaispuolustaja <strong class=\"aw-ak79eh KyCXm yle__article__strong\">Joseph Berger<\/strong>, 25. H\u00e4nen tilastonsa yhdeks\u00e4st\u00e4 ottelusta on 1+5 tehopistett\u00e4 ja huimaava plusmiinuslukema +13.<\/p>\n<p class=\"aw-1gybjub aw-1p7kakr kEtdKx cEmitX yle__article__paragraph\">Kierroksen tilastot <a class=\"aw-iao6s4 iHOxEa yle__article__link\" href=\"https:\/\/yle.fi\/aihe\/tekstitv?P=222\" role=\"link\" rel=\"nofollow noopener\" target=\"_blank\">t\u00e4\u00e4lt\u00e4<\/a>, taulukko <a class=\"aw-iao6s4 iHOxEa yle__article__link\" href=\"https:\/\/yle.fi\/aihe\/tekstitv?P=223\" role=\"link\" rel=\"nofollow noopener\" target=\"_blank\">t\u00e4\u00e4lt\u00e4<\/a><\/p>\n","protected":false},"excerpt":{"rendered":"Heikkojen otteidensa takia syksyll\u00e4 uutisotsikoissa ollut Helsingin IFK on p\u00e4\u00e4ssyt kotimaan j\u00e4\u00e4kiekkoliigassa nousukiitoon. Avaa kuvien katselu Anttoni Uronen&hellip;\n","protected":false},"author":2,"featured_media":113005,"comment_status":"","ping_status":"","sticky":false,"template":"","format":"standard","meta":{"footnotes":""},"categories":[158],"tags":[33,31,30,9079,9076,1143,8978,7725,9081,9083,2973,159,32,3378,160],"class_list":{"0":"post-113004","1":"post","2":"type-post","3":"status-publish","4":"format-standard","5":"has-post-thumbnail","7":"category-urheilu","8":"tag-fi","9":"tag-finland","10":"tag-finnish","11":"tag-hifk-jaakiekon-miesten-liiga","12":"tag-hpk-jaakiekon-miesten-liiga","13":"tag-jaakiekko","14":"tag-kalpa-jaakiekon-miesten-liiga","15":"tag-kookoo-jaakiekon-miesten-liiga","16":"tag-oulun-karpat-jaakiekon-miesten-liiga","17":"tag-pelicans-jaakiekon-miesten-liiga","18":"tag-sm-liiga","19":"tag-sports","20":"tag-suomi","21":"tag-tappara-jaakiekon-miesten-liiga","22":"tag-urheilu"},"share_on_mastodon":{"url":"https:\/\/pubeurope.com\/@fi\/115697111950267038","error":""},"_links":{"self":[{"href":"https:\/\/www.europesays.com\/fi\/wp-json\/wp\/v2\/posts\/113004","targetHints":{"allow":["GET"]}}],"collection":[{"href":"https:\/\/www.europesays.com\/fi\/wp-json\/wp\/v2\/posts"}],"about":[{"href":"https:\/\/www.europesays.com\/fi\/wp-json\/wp\/v2\/types\/post"}],"author":[{"embeddable":true,"href":"https:\/\/www.europesays.com\/fi\/wp-json\/wp\/v2\/users\/2"}],"replies":[{"embeddable":true,"href":"https:\/\/www.europesays.com\/fi\/wp-json\/wp\/v2\/comments?post=113004"}],"version-history":[{"count":0,"href":"https:\/\/www.europesays.com\/fi\/wp-json\/wp\/v2\/posts\/113004\/revisions"}],"wp:featuredmedia":[{"embeddable":true,"href":"https:\/\/www.europesays.com\/fi\/wp-json\/wp\/v2\/media\/113005"}],"wp:attachment":[{"href":"https:\/\/www.europesays.com\/fi\/wp-json\/wp\/v2\/media?parent=113004"}],"wp:term":[{"taxonomy":"category","embeddable":true,"href":"https:\/\/www.europesays.com\/fi\/wp-json\/wp\/v2\/categories?post=113004"},{"taxonomy":"post_tag","embeddable":true,"href":"https:\/\/www.europesays.com\/fi\/wp-json\/wp\/v2\/tags?post=113004"}],"curies":[{"name":"wp","href":"https:\/\/api.w.org\/{rel}","templated":true}]}}