{"id":113026,"date":"2025-12-10T20:48:10","date_gmt":"2025-12-10T20:48:10","guid":{"rendered":"https:\/\/www.europesays.com\/fi\/113026\/"},"modified":"2025-12-10T20:48:10","modified_gmt":"2025-12-10T20:48:10","slug":"johannes-koskinen-ja-heikki-autto-kommentoivat-jens-stoltenbergin-yllatysavausta","status":"publish","type":"post","link":"https:\/\/www.europesays.com\/fi\/113026\/","title":{"rendered":"Johannes Koskinen ja Heikki Autto kommentoivat Jens Stoltenbergin yll\u00e4tysavausta"},"content":{"rendered":"<p>Keskustelujen avaaminen pit\u00e4\u00e4 koordinoida liittolaisten kanssa, sanovat ulkoasiain- ja puolustusvaliokuntien puheenjohtajat.<\/p>\n<p class=\"article-body mb-nof-24 px-nof-16\">Euroopan pit\u00e4\u00e4 ennemmin tai my\u00f6hemmin avata keskusteluyhteys Ven\u00e4j\u00e4\u00e4n, sanovat ulkoasiain\u00advaliokunnan puheenjohtaja <a class=\"article-personlink\" href=\"https:\/\/www.is.fi\/haku\/?query=Johannes%20Koskinen\" rel=\"nofollow noopener\" target=\"_blank\">Johannes Koskinen<\/a> (sd) ja puolustus\u00advaliokunnan puheenjohtaja <a class=\"article-personlink\" href=\"https:\/\/www.is.fi\/haku\/?query=Heikki%20Autto\" rel=\"nofollow noopener\" target=\"_blank\">Heikki Autto<\/a> (kok).<\/p>\n<p class=\"article-body mb-nof-24 px-nof-16\">Keskusteluyhteyden avaamisen nosti esiin Norjan valtiovarain\u00administeri, entinen Naton p\u00e4\u00e4sihteeri <a class=\"article-personlink\" href=\"https:\/\/www.is.fi\/haku\/?query=Jens%20Stoltenberg\" rel=\"nofollow noopener\" target=\"_blank\">Jens Stoltenberg<\/a> tiistaina Helsingin-vierailullaan. H\u00e4n keskusteli aiheesta tasavallan presidentti <a class=\"article-personlink\" href=\"https:\/\/www.is.fi\/haku\/?query=Alexander%20Stubbin\" rel=\"nofollow noopener\" target=\"_blank\">Alexander Stubbin<\/a> kanssa.<\/p>\n<p class=\"article-body mb-nof-24 px-nof-16\">\u2013 Jossain vaiheessa Euroopan on keskusteltava Ven\u00e4j\u00e4n kanssa, koska se tuossa naapurissa on ja nimenomaan Euroopan naapurissa.<\/p>\n<p><img decoding=\"async\" src=\"https:\/\/www.europesays.com\/fi\/wp-content\/uploads\/2025\/12\/1765399689_644_468.jpg\" alt=\"Ulkoasianvaliokunnan puheenjohtaja Johannes Koskinen sanoo, ett\u00e4 keskustelujen avaaminen ei ole yksitt\u00e4isen eik\u00e4 pienen maan asia.\" class=\"_Img_1rerz_1\" style=\"aspect-ratio:1.7777777777777777\" loading=\"eager\"\/><\/p>\n<p class=\"article-picture-caption\">Ulkoasianvaliokunnan puheenjohtaja Johannes Koskinen sanoo, ett\u00e4 keskustelujen avaaminen ei ole yksitt\u00e4isen eik\u00e4 pienen maan asia. Kuva:\u00a0Antti H\u00e4m\u00e4l\u00e4inen<\/p>\n<p class=\"article-body mb-nof-24 px-nof-16\">Ulkoasiainvaliokunnan Koskinen ei ole n\u00e4hnyt Stoltenbergin ja Stubbin keskustelua, mutta kommentoi asiaa yleisell\u00e4 tasolla.<\/p>\n<p class=\"article-body mb-nof-24 px-nof-16\">\u2013 Viimeisten viikkojen aikana on havaittu, ett\u00e4 v\u00e4lilliseen edustamiseen Yhdysvaltojen kautta ei oikein voi luottaa, jos on t\u00e4m\u00e4n tyyppinen kriisi, kuten Ukrainan sota.<\/p>\n<p class=\"article-body mb-nof-24 px-nof-16\">H\u00e4n sanoo, ett\u00e4 keskusteluissa Euroopan pit\u00e4isi olla aktiivinen Ven\u00e4j\u00e4n suuntaan, koska Yhdysvaltojen johdolla Euroopan ja Ukrainan asia ei saa arvoistaan kohtelua.<\/p>\n<p class=\"article-body mb-nof-24 px-nof-16\">Siihen h\u00e4n ei ota kantaa, koska keskustelu pit\u00e4isi aloittaa.<\/p>\n<p class=\"article-body mb-nof-24 px-nof-16\">\u2013 Se ei ole yksitt\u00e4isen maan eik\u00e4 pienen maan k\u00e4siss\u00e4, mutta veikkaisin, ett\u00e4 se on kaiken aikaa harkinnassa, milloin ja miten se voitaisiin avata.<\/p>\n<p class=\"article-body mb-nof-24 px-nof-16\">Kun keskustelut jossain vaiheessa avataan, Koskisen mielest\u00e4 se olisi j\u00e4rkevint\u00e4 niin sanotun halukkaiden koalition johdolla. Halukkaiden koalitioon kuuluvat muun muassa Suomi, Iso-Britannia, Ranska, Saksa ja Italia.<\/p>\n<p class=\"article-body mb-nof-24 px-nof-16\">\u2013 Kyll\u00e4h\u00e4n varmaan koalition eurooppalaisen joukon pit\u00e4isi se tehd\u00e4, Ukrainan ja miksei Yhdysvaltojenkin kanssa neuvotellen.<\/p>\n<p><img decoding=\"async\" src=\"https:\/\/www.europesays.com\/fi\/wp-content\/uploads\/2025\/12\/1765399690_202_468.jpg\" alt=\"Puolustusvaliokunnan puheenjohtaja Heikki Autto (kok) sanoo, ett\u00e4 keskusteluyhteys Ven\u00e4j\u00e4\u00e4n pit\u00e4\u00e4 avata ennemmin tai my\u00f6hemmin.\" class=\"_Img_1rerz_1\" style=\"aspect-ratio:1.5\" loading=\"eager\"\/><\/p>\n<p class=\"article-picture-caption\">Puolustusvaliokunnan puheenjohtaja Heikki Autto (kok) sanoo, ett\u00e4 keskusteluyhteys Ven\u00e4j\u00e4\u00e4n pit\u00e4\u00e4 avata ennemmin tai my\u00f6hemmin. Kuva:\u00a0Joonas Salli<\/p>\n<p class=\"article-body mb-nof-24 px-nof-16\">My\u00f6s puolustusvaliokunnan Autto on samoilla linjoilla Stoltenbergin kanssa.<\/p>\n<p class=\"article-body mb-nof-24 px-nof-16\">\u2013 Maantieteellemme emme voi mit\u00e4\u00e4n. Ven\u00e4j\u00e4 on tuossa Suomen rajan takana jatkossakin. Ven\u00e4j\u00e4ll\u00e4 ja Euroopalla tulee maantieteen my\u00f6t\u00e4 olemaan tarvetta keskustella. Se tapahtuu ennemmin tai my\u00f6hemmin.<\/p>\n<p class=\"article-body mb-nof-24 px-nof-16\">Keskustelujen aloittamisen ajankohtaan Auttokaan ei ota kantaa.<\/p>\n<p class=\"article-body mb-nof-24 px-nof-16\">\u2013 Jossain vaiheessa keskusteluyhteys on palautettava, mutta sen aika ei ole viel\u00e4.<\/p>\n<p class=\"article-body mb-nof-24 px-nof-16\">H\u00e4n sanoo, ett\u00e4 Euroopalla ei ole kiire keskusteluihin Ven\u00e4j\u00e4n kanssa.<\/p>\n<p class=\"article-body mb-nof-24 px-nof-16\">\u2013 Nyt on t\u00e4rke\u00e4\u00e4, ett\u00e4 Ukrainaa tukevat maat keskustelevat kesken\u00e4\u00e4n ja luovat suunnitelman kest\u00e4v\u00e4st\u00e4 rauhasta, joka p\u00e4\u00e4tt\u00e4\u00e4 Ven\u00e4j\u00e4n aggression Eurooppaa kohtaan.<\/p>\n<p class=\"article-body mb-nof-24 px-nof-16\">H\u00e4n pit\u00e4\u00e4 keskeisen\u00e4, ett\u00e4 Eurooppa onnistuu vakuuttamaan Yhdysvalloille, ett\u00e4 sille on t\u00e4rke\u00e4\u00e4 olla Ukrainan ja Euroopan puolella.<\/p>\n<p class=\"article-body mb-nof-24 px-nof-16\">Ennen keskusteluyhteyden avaamista Euroopan pit\u00e4\u00e4 koordinoida yhdess\u00e4 ukrainalaisten ja yhdysvaltalaisten kanssa, kuka puhuu ja mit\u00e4, Autto sanoo.<\/p>\n<p class=\"article-body mb-nof-24 px-nof-16\">\u2013 Siin\u00e4 vaiheessa pit\u00e4isi olla selvyys, mit\u00e4 esimerkiksi Ven\u00e4j\u00e4n sotarikollisille tapahtuu. Ei voi tietenk\u00e4\u00e4n olla niin, ett\u00e4 osana rauhansopimusta annettaisiin Ven\u00e4j\u00e4lle mahdollisuus p\u00e4\u00e4st\u00e4 kuin koira ver\u00e4j\u00e4st\u00e4.<\/p>\n","protected":false},"excerpt":{"rendered":"Keskustelujen avaaminen pit\u00e4\u00e4 koordinoida liittolaisten kanssa, sanovat ulkoasiain- ja puolustusvaliokuntien puheenjohtajat. Euroopan pit\u00e4\u00e4 ennemmin tai my\u00f6hemmin avata keskusteluyhteys&hellip;\n","protected":false},"author":2,"featured_media":113027,"comment_status":"","ping_status":"","sticky":false,"template":"","format":"standard","meta":{"footnotes":""},"categories":[5],"tags":[22,23,26,27,33,31,30,17,34,24,25,28,29,15,18,21,32,19,20,16],"class_list":{"0":"post-113026","1":"post","2":"type-post","3":"status-publish","4":"format-standard","5":"has-post-thumbnail","7":"category-otsikot","8":"tag-breaking-news","9":"tag-breakingnews","10":"tag-featured-news","11":"tag-featurednews","12":"tag-fi","13":"tag-finland","14":"tag-finnish","15":"tag-headlines","16":"tag-ilta-sanomat","17":"tag-latest-news","18":"tag-latestnews","19":"tag-main-news","20":"tag-mainnews","21":"tag-news","22":"tag-otsikot","23":"tag-paauutiset","24":"tag-suomi","25":"tag-top-stories","26":"tag-topstories","27":"tag-uutiset"},"share_on_mastodon":{"url":"https:\/\/pubeurope.com\/@fi\/115697241733464570","error":""},"_links":{"self":[{"href":"https:\/\/www.europesays.com\/fi\/wp-json\/wp\/v2\/posts\/113026","targetHints":{"allow":["GET"]}}],"collection":[{"href":"https:\/\/www.europesays.com\/fi\/wp-json\/wp\/v2\/posts"}],"about":[{"href":"https:\/\/www.europesays.com\/fi\/wp-json\/wp\/v2\/types\/post"}],"author":[{"embeddable":true,"href":"https:\/\/www.europesays.com\/fi\/wp-json\/wp\/v2\/users\/2"}],"replies":[{"embeddable":true,"href":"https:\/\/www.europesays.com\/fi\/wp-json\/wp\/v2\/comments?post=113026"}],"version-history":[{"count":0,"href":"https:\/\/www.europesays.com\/fi\/wp-json\/wp\/v2\/posts\/113026\/revisions"}],"wp:featuredmedia":[{"embeddable":true,"href":"https:\/\/www.europesays.com\/fi\/wp-json\/wp\/v2\/media\/113027"}],"wp:attachment":[{"href":"https:\/\/www.europesays.com\/fi\/wp-json\/wp\/v2\/media?parent=113026"}],"wp:term":[{"taxonomy":"category","embeddable":true,"href":"https:\/\/www.europesays.com\/fi\/wp-json\/wp\/v2\/categories?post=113026"},{"taxonomy":"post_tag","embeddable":true,"href":"https:\/\/www.europesays.com\/fi\/wp-json\/wp\/v2\/tags?post=113026"}],"curies":[{"name":"wp","href":"https:\/\/api.w.org\/{rel}","templated":true}]}}