{"id":113028,"date":"2025-12-10T21:00:13","date_gmt":"2025-12-10T21:00:13","guid":{"rendered":"https:\/\/www.europesays.com\/fi\/113028\/"},"modified":"2025-12-10T21:00:13","modified_gmt":"2025-12-10T21:00:13","slug":"bradley-cooper-ja-gigi-hadid-yllatettiin-yhteishaastattelussa","status":"publish","type":"post","link":"https:\/\/www.europesays.com\/fi\/113028\/","title":{"rendered":"Bradley Cooper ja Gigi Hadid yll\u00e4tettiin yhteishaastattelussa"},"content":{"rendered":"<p>            All Over Press\n        <\/p>\n<p class=\"subtitle \">Bradley Cooper on yhdistetty 20 vuotta nuorempaan malli Gigi Hadidiin ensimm\u00e4isen kerran jo vuonna 2023.<\/p>\n<p class=\"article-content article-content-width !bg-background\">Hollywood-t\u00e4hti , 50, on yhdistetty jo pitk\u00e4\u00e4n malli , 30.<\/p>\n<p class=\"font-weight-bold m-font-weight-bold article-content article-content-width !bg-background\">Katso video: Hollywoodin ik\u00e4eroparit<\/p>\n<p class=\"article-content article-content-width !bg-background\">Nyt pariskunta on antanut ensimm\u00e4isen yhteishaastattelunsa \u2013 joskin vahingossa. He p\u00e4\u00e4tyiv\u00e4t mukaan\u00a0 Confidence Heist -somevideosarjaan, jossa vaikuttaja l\u00e4hestyy yll\u00e4tt\u00e4en New Yorkin kaduilla ohikulkijoita ja julkkiksia ja kysyy, mik\u00e4 tekee heist\u00e4 itsevarmoja.<\/p>\n<p class=\"article-content article-content-width !bg-background\">Videolla Gigi sanoo, ett\u00e4 ilon l\u00f6yt\u00e4minen tekee h\u00e4nest\u00e4 itsevarman. Bradley puolestaan toteaa, ett\u00e4 elossa oleminen tuo h\u00e4nelle itsevarmuutta.<\/p>\n<p class=\"article-content article-content-width !bg-background\"> \u2013 Olen n\u00e4hnyt videoitasi. Mit\u00e4 kuuluu? Gigi kysyy vaikuttajalta yst\u00e4v\u00e4llisesti.\u00a0<\/p>\n<p>        <a itemprop=\"url\" href=\"https:\/\/www.seiska.fi\/ulkomaat\/bradley-cooperin-kasvot-muuttuivat-nyt-puhuu-plastiikkakirurgi\/1965773\" rel=\"nofollow noopener\" target=\"_blank\"><\/p>\n<p>\nNyt puhuvat plastiikkakirurgit\n<\/p>\n<p class=\"section-date\">\n        <strong class=\"article-section\" data-section=\"ulkomaat\"><br \/>\n            ulkomaat<br \/>\n        <\/strong><br \/>\n        18.10. 20:00\n    <\/p>\n<p>Bradley Cooperin kasvot muuttuivat \u2013 nyt puhuu plastiikkakirurgi\n    <\/p>\n<p itemprop=\"description\" class=\"subtitle \">\n    Suosikkin\u00e4yttelij\u00e4n uusi ulkomuoto k\u00e4ynnisti villit huhut.\n<\/p>\n<p>        <\/a><\/p>\n<p>Paparazzit bongaavat yhten\u00e4\u00e4n<\/p>\n<p class=\"article-content article-content-width !bg-background\">Gigin ja Bradleyn\u00a0esiintyminen videolla tapahtui muutamaa viikkoa sen j\u00e4lkeen, kun heid\u00e4t n\u00e4htiin Philadelphia Eaglesin ottelussa Detroit Lionsia vastaan.\u00a0<\/p>\n<p class=\"article-content article-content-width !bg-background\">Paparazzit ovat bonganneet kyyhkyl\u00e4iset useaan otteeseen yhdess\u00e4 New Yorkissa, mutta he eiv\u00e4t toistaiseksi ole edustaneet virallisesti yhdess\u00e4 miss\u00e4\u00e4n. He ovat muutenkin pit\u00e4neet suhteensa hyvin yksityisen\u00e4.<\/p>\n<p>        <a itemprop=\"url\" href=\"https:\/\/www.seiska.fi\/ulkomaat\/gigi-hadidin-ja-bradley-cooperin-rakkaus-loistaa-kuvat-vauhdikkaista-kesapuuhista\/1450346\" rel=\"nofollow noopener\" target=\"_blank\"><\/p>\n<p class=\"section-date\">\n        <strong class=\"article-section\" data-section=\"ulkomaat\"><br \/>\n            ulkomaat<br \/>\n        <\/strong><br \/>\n        5.9.2024 18:00\n    <\/p>\n<p>Gigi Hadidin ja Bradley Cooperin rakkaus loistaa \u2013 kuvat vauhdikkaista kes\u00e4puuhista\n    <\/p>\n<p itemprop=\"description\" class=\"subtitle \">\n    Gigi ja Bradley l\u00e4htiv\u00e4t perhelomalle.\n<\/p>\n<p>        <\/a><\/p>\n<p>                <img decoding=\"async\" src=\"https:\/\/www.europesays.com\/fi\/wp-content\/uploads\/2025\/12\/2018299.webp\" width=\"576\" height=\"720\" alt=\"20 vuoden ik\u00e4ero ei vaikuta haittaavan Gigi\u00e4 ja Bradleyta.\" loading=\"lazy\" \/>            <\/p>\n<p>\n            20 vuoden ik\u00e4ero ei vaikuta haittaavan Gigi\u00e4 ja Bradleyta.<br \/>\n            All Over Press\n        <\/p>\n<p>Kaksi vuotta yhdess\u00e4<\/p>\n<p class=\"article-content article-content-width !bg-background\">Pariskunta yhdistettiin toisiinsa ensi kerran lokakuussa 2023,\u00a0kun heid\u00e4t n\u00e4htiin illastamassa yhdess\u00e4 Via Carotassa New Yorkin West Villagessa.<\/p>\n<p class=\"article-content article-content-width !bg-background\"> \u2013 He pit\u00e4v\u00e4t hauskaa, l\u00e4hde kertoi tuolloin <a href=\"https:\/\/people.com\/gigi-hadid-having-fun-with-bradley-cooper-there-is-an-attraction-exclusive-8349301\" target=\"_blank\" rel=\"nofollow noopener\">Peoplelle<\/a>.\u00a0<\/p>\n<p class=\"article-content article-content-width !bg-background\"> \u2013 T\u00e4m\u00e4 vaikuttaa nyt tosi rennolta, mutta heill\u00e4 molemmilla on lapset, suuret urat, kiireiset el\u00e4m\u00e4t ja he ymm\u00e4rt\u00e4v\u00e4t, millaista el\u00e4m\u00e4 on n\u00e4iss\u00e4 piireiss\u00e4. Se on s\u00f6p\u00f6\u00e4\u2026 ja vetovoimaa on.<\/p>\n<p>        <a itemprop=\"url\" href=\"https:\/\/www.seiska.fi\/ulkomaat\/tunnistaisitko-bradley-cooper-muutti-ulkonakoaan-katso-kuvat\/1379100\" rel=\"nofollow noopener\" target=\"_blank\"><\/p>\n<p class=\"section-date\">\n        <strong class=\"article-section\" data-section=\"ulkomaat\"><br \/>\n            ulkomaat<br \/>\n        <\/strong><br \/>\n        12.6.2024 21:00\n    <\/p>\n<p>Tunnistaisitko? Bradley Cooper muutti ulkon\u00e4k\u00f6\u00e4\u00e4n \u2013 katso kuvat\n    <\/p>\n<p itemprop=\"description\" class=\"subtitle \">\n    N\u00e4yttelij\u00e4n uusi tyyli saa hieraisemaan silmi\u00e4.\n<\/p>\n<p>        <\/a><\/p>\n","protected":false},"excerpt":{"rendered":"All Over Press Bradley Cooper on yhdistetty 20 vuotta nuorempaan malli Gigi Hadidiin ensimm\u00e4isen kerran jo vuonna 2023.&hellip;\n","protected":false},"author":2,"featured_media":113029,"comment_status":"","ping_status":"","sticky":false,"template":"","format":"standard","meta":{"footnotes":""},"categories":[136],"tags":[10796,407,137,33,31,30,14927,4169,408,5995,1496,1311,651,32,109],"class_list":{"0":"post-113028","1":"post","2":"type-post","3":"status-publish","4":"format-standard","5":"has-post-thumbnail","7":"category-julkkikset","8":"tag-bradley-cooper","9":"tag-celebrities","10":"tag-entertainment","11":"tag-fi","12":"tag-finland","13":"tag-finnish","14":"tag-gigi-hadid","15":"tag-hollywood","16":"tag-julkkikset","17":"tag-new-york","18":"tag-parisuhde","19":"tag-rakkaus","20":"tag-suhteet","21":"tag-suomi","22":"tag-viihde"},"share_on_mastodon":{"url":"https:\/\/pubeurope.com\/@fi\/115697288844482812","error":""},"_links":{"self":[{"href":"https:\/\/www.europesays.com\/fi\/wp-json\/wp\/v2\/posts\/113028","targetHints":{"allow":["GET"]}}],"collection":[{"href":"https:\/\/www.europesays.com\/fi\/wp-json\/wp\/v2\/posts"}],"about":[{"href":"https:\/\/www.europesays.com\/fi\/wp-json\/wp\/v2\/types\/post"}],"author":[{"embeddable":true,"href":"https:\/\/www.europesays.com\/fi\/wp-json\/wp\/v2\/users\/2"}],"replies":[{"embeddable":true,"href":"https:\/\/www.europesays.com\/fi\/wp-json\/wp\/v2\/comments?post=113028"}],"version-history":[{"count":0,"href":"https:\/\/www.europesays.com\/fi\/wp-json\/wp\/v2\/posts\/113028\/revisions"}],"wp:featuredmedia":[{"embeddable":true,"href":"https:\/\/www.europesays.com\/fi\/wp-json\/wp\/v2\/media\/113029"}],"wp:attachment":[{"href":"https:\/\/www.europesays.com\/fi\/wp-json\/wp\/v2\/media?parent=113028"}],"wp:term":[{"taxonomy":"category","embeddable":true,"href":"https:\/\/www.europesays.com\/fi\/wp-json\/wp\/v2\/categories?post=113028"},{"taxonomy":"post_tag","embeddable":true,"href":"https:\/\/www.europesays.com\/fi\/wp-json\/wp\/v2\/tags?post=113028"}],"curies":[{"name":"wp","href":"https:\/\/api.w.org\/{rel}","templated":true}]}}