{"id":113032,"date":"2025-12-10T21:07:09","date_gmt":"2025-12-10T21:07:09","guid":{"rendered":"https:\/\/www.europesays.com\/fi\/113032\/"},"modified":"2025-12-10T21:07:09","modified_gmt":"2025-12-10T21:07:09","slug":"alppilegenda-lindsey-vonn-iloitsee-55-kilon-lisapainosta-parhaassa-kunnossa-koskaan-urheilua-lyhyesti","status":"publish","type":"post","link":"https:\/\/www.europesays.com\/fi\/113032\/","title":{"rendered":"Alppilegenda Lindsey Vonn iloitsee 5,5 kilon lis\u00e4painosta \u2013 \u201dParhaassa kunnossa koskaan\u201d | Urheilua lyhyesti"},"content":{"rendered":"<p class=\"aw-1gybjub aw-5vja16 kEtdKx kmuxyA yle__article__paragraph\">Vuoden 2010 olympialaisten sy\u00f6ksylaskun mestari puhui toimittajille St. Moritzissa. H\u00e4n oli p\u00e4iv\u00e4n nopein kauden ensimm\u00e4isess\u00e4 maailmancupin sy\u00f6ksylaskun harjoituksessa.<\/p>\n<p><img decoding=\"async\" alt=\"Lindsey Vonn tarkastaa tiimins\u00e4 kanssa alppirinnett\u00e4 alppihiihdon maailmancupin naisten sy\u00f6ksylaskun harjoituksissa 10. joulukuuta 2025 St. Moritzissa, Sveitsiss\u00e4.\" src=\"https:\/\/www.europesays.com\/fi\/wp-content\/uploads\/2025\/12\/39-15677536939cf8127486.jpeg\" class=\"aw-1l9m598 hKVVvP\"\/><\/p>\n<p>Avaa kuvien katselu<\/p>\n<p>Lindsey Vonn tarkastaa tiimins\u00e4 kanssa alppirinnett\u00e4 10. joulukuuta 2025 St. Moritzissa, Sveitsiss\u00e4. Kuva: Getty Images<\/p>\n<p class=\"aw-1gybjub aw-1p7kakr kEtdKx cEmitX yle__article__paragraph\">Alppihiihdon legenda <strong class=\"aw-ak79eh KyCXm yle__article__strong\">Lindsey Vonn<\/strong> sanoo tuntevansa itsens\u00e4 vahvemmaksi, parempikuntoiseksi ja nopeammaksi, kun yhdysvaltalainen valmistautuu mahdollisesti poikkeukselliseen olympiapaluuseen 41-vuotiaana.<\/p>\n<p class=\"aw-1gybjub aw-1p7kakr kEtdKx cEmitX yle__article__paragraph\">H\u00e4n oli nopein keskiviikkona Sveitsin St. Moritzissa, jossa laskettiin sy\u00f6ksylaskun harjoituksessa Corviglian rinteell\u00e4.<\/p>\n<p class=\"aw-1gybjub aw-1p7kakr kEtdKx cEmitX yle__article__paragraph\">\u2013 Olen fyysisesti ehk\u00e4 parhaassa kunnossa koskaan, mik\u00e4 on hauskaa, eik\u00e4 kehossani ole kipua. Se on ehk\u00e4 parasta kaikessa, Vonn sanoi Reutersille.<\/p>\n<p class=\"aw-1gybjub aw-1p7kakr kEtdKx cEmitX yle__article__paragraph\">Nelinkertainen maailmancupin kokonaisvoittaja ja 82 maailmancupin kilpailun voittaja palasi viime kaudella l\u00e4hes kuuden vuoden tauon ja onnistuneen polvileikkauksen j\u00e4lkeen.<\/p>\n<p>Kaikki osa-alueet kunnossa<\/p>\n<p class=\"aw-1gybjub aw-1p7kakr kEtdKx cEmitX yle__article__paragraph\">Vonn kertoi keskiviikkona olevansa laihempi kuin olisi viime vuonna halunnut olla. Yksi kes\u00e4n tavoitteista oli vahvistua. Tavoite saavutettiin.<\/p>\n<p class=\"aw-1gybjub aw-1p7kakr kEtdKx cEmitX yle__article__paragraph\">\u2013 Olen yh\u00e4 melko paljon kevyempi kuin olin parhaimmillani kilpaillessani, mutta onnistuin saamaan noin 5,5 kiloa lis\u00e4\u00e4 painoa t\u00e4n\u00e4 kes\u00e4n\u00e4, mist\u00e4 olen todella iloinen, h\u00e4n sanoi.<\/p>\n<p class=\"aw-1gybjub aw-1p7kakr kEtdKx cEmitX yle__article__paragraph\">\u2013 Se vaati paljon kovaa ty\u00f6t\u00e4. Olin ehk\u00e4 kurinalaisempi kuin koskaan ruokavalioni suhteen ja siin\u00e4, miten l\u00e4hestyin koko kes\u00e4\u00e4.<br \/>Ik\u00e4\u00e4ni n\u00e4hden tunnen oloni todella hyv\u00e4ksi. Todenn\u00e4k\u00f6isesti paremmaksi kuin ennen ensimm\u00e4ist\u00e4 eturistisidevammaani vuonna 2013, h\u00e4n lis\u00e4si.<\/p>\n<p><img decoding=\"async\" alt=\"Aksel Lund Svindal siirtyy Lindsey Vonnin valmennusryhm\u00e4\u00e4n. \" src=\"https:\/\/www.europesays.com\/fi\/wp-content\/uploads\/2025\/12\/39-150383868938c5deed10.jpeg\" loading=\"lazy\" class=\"aw-1l9m598 hKVVvP\"\/><\/p>\n<p>Avaa kuvien katselu<\/p>\n<p>Aksel Lund Svindal siirtyy Lindsey Vonnin valmennusryhm\u00e4\u00e4n. Kuva: EPA-EFE<\/p>\n<p class=\"aw-1gybjub aw-1p7kakr kEtdKx cEmitX yle__article__paragraph\">Vonn, joka on lis\u00e4nnyt valmennustiimiins\u00e4 Norjan entisen olympiavoittajan <strong class=\"aw-ak79eh KyCXm yle__article__strong\">Aksel Lund Svindalin<\/strong>, korosti, ettei aio tehd\u00e4 typeryyksi\u00e4 voittaakseen, lajissa jossa riskit kuuluvat asiaan.<\/p>\n<p class=\"aw-1gybjub aw-1p7kakr kEtdKx cEmitX yle__article__paragraph\">\u2013 Olemme taktisia l\u00e4hestymistavassamme jokaiseen kisaan ja laskuun. Luulen, ett\u00e4 jotkut pit\u00e4v\u00e4t minua uhkarohkeana, koska pusken rajoja, mutta olen itse asiassa hyvin laskelmoiva. En halua asettaa itse\u00e4ni tarpeettomaan fyysiseen vaaraan.<\/p>\n<p>N\u00e4hd\u00e4\u00e4nk\u00f6 historiateko merkityksellisess\u00e4 paikassa?<\/p>\n<p class=\"aw-1gybjub aw-1p7kakr kEtdKx cEmitX yle__article__paragraph\">Jos h\u00e4n selviytyy olympialaisiin, Vonnista voi tulla vanhin nainen, joka on voittanut mitalin olympialaisten alppihiihdossa.<\/p>\n<p class=\"aw-1gybjub aw-1p7kakr kEtdKx cEmitX yle__article__paragraph\">Yhdysvaltalainen sanoi, ettei olisi edes harkinnut paluuta, elleiv\u00e4t olympialaiset olisi juuri vuoden 2026 is\u00e4nt\u00e4kohteessa Cortina d&#8217;Ampezzossa.<\/p>\n<p class=\"aw-1gybjub aw-1p7kakr kEtdKx cEmitX yle__article__paragraph\">\u2013 Jos olympialaiset olisivat jossain tuntemattomassa maassa tai paikassa, en usko, ett\u00e4 minulla olisi mit\u00e4\u00e4n kiinnostusta l\u00e4hte\u00e4 mukaan, h\u00e4n sanoi.<\/p>\n<p class=\"aw-1gybjub aw-1p7kakr kEtdKx cEmitX yle__article__paragraph\">\u2013 Cortinassa on vetovoimaa. Se on minulle hyvin merkityksellinen paikka. Siell\u00e4 sain ensimm\u00e4isen palkintopallisijani, rikoin naisten maailmancupin voittoenn\u00e4tyksen ja voitin siell\u00e4 muutaman kisan. Se tuntuu kodilta, sanoo Vonn.<\/p>\n","protected":false},"excerpt":{"rendered":"Vuoden 2010 olympialaisten sy\u00f6ksylaskun mestari puhui toimittajille St. Moritzissa. H\u00e4n oli p\u00e4iv\u00e4n nopein kauden ensimm\u00e4isess\u00e4 maailmancupin sy\u00f6ksylaskun harjoituksessa.&hellip;\n","protected":false},"author":2,"featured_media":113033,"comment_status":"","ping_status":"","sticky":false,"template":"","format":"standard","meta":{"footnotes":""},"categories":[158],"tags":[18298,20839,10129,10130,33,31,30,17076,20838,159,32,20257,160],"class_list":{"0":"post-113032","1":"post","2":"type-post","3":"status-publish","4":"format-standard","5":"has-post-thumbnail","7":"category-urheilu","8":"tag-alppihiihdon-maailmancup","9":"tag-alppihiihtajat","10":"tag-alppihiihto","11":"tag-alppilajit","12":"tag-fi","13":"tag-finland","14":"tag-finnish","15":"tag-lindsey-vonn","16":"tag-naisten-alppihiihto","17":"tag-sports","18":"tag-suomi","19":"tag-syoksylasku","20":"tag-urheilu"},"share_on_mastodon":{"url":"https:\/\/pubeurope.com\/@fi\/115697316540842170","error":""},"_links":{"self":[{"href":"https:\/\/www.europesays.com\/fi\/wp-json\/wp\/v2\/posts\/113032","targetHints":{"allow":["GET"]}}],"collection":[{"href":"https:\/\/www.europesays.com\/fi\/wp-json\/wp\/v2\/posts"}],"about":[{"href":"https:\/\/www.europesays.com\/fi\/wp-json\/wp\/v2\/types\/post"}],"author":[{"embeddable":true,"href":"https:\/\/www.europesays.com\/fi\/wp-json\/wp\/v2\/users\/2"}],"replies":[{"embeddable":true,"href":"https:\/\/www.europesays.com\/fi\/wp-json\/wp\/v2\/comments?post=113032"}],"version-history":[{"count":0,"href":"https:\/\/www.europesays.com\/fi\/wp-json\/wp\/v2\/posts\/113032\/revisions"}],"wp:featuredmedia":[{"embeddable":true,"href":"https:\/\/www.europesays.com\/fi\/wp-json\/wp\/v2\/media\/113033"}],"wp:attachment":[{"href":"https:\/\/www.europesays.com\/fi\/wp-json\/wp\/v2\/media?parent=113032"}],"wp:term":[{"taxonomy":"category","embeddable":true,"href":"https:\/\/www.europesays.com\/fi\/wp-json\/wp\/v2\/categories?post=113032"},{"taxonomy":"post_tag","embeddable":true,"href":"https:\/\/www.europesays.com\/fi\/wp-json\/wp\/v2\/tags?post=113032"}],"curies":[{"name":"wp","href":"https:\/\/api.w.org\/{rel}","templated":true}]}}