{"id":113038,"date":"2025-12-10T21:12:12","date_gmt":"2025-12-10T21:12:12","guid":{"rendered":"https:\/\/www.europesays.com\/fi\/113038\/"},"modified":"2025-12-10T21:12:12","modified_gmt":"2025-12-10T21:12:12","slug":"syyrian-entisen-diktaattorin-bashar-al-assadin-lahipiirilaiset-juonivat-vallankaappausta-ja-rahoittavat-joukkoja-miljoonilla","status":"publish","type":"post","link":"https:\/\/www.europesays.com\/fi\/113038\/","title":{"rendered":"Syyrian entisen diktaattorin Bashar al-Assadin l\u00e4hipiiril\u00e4iset juonivat vallankaappausta ja rahoittavat joukkoja miljoonilla"},"content":{"rendered":"<p>Uutistoimisto Reutersin selvitys paljastaa Bashar al-Assadin entisten sis\u00e4piiril\u00e4isten suunnitelmat. Miehi\u00e4 suojeleva Ven\u00e4j\u00e4 ei ole toistaiseksi antanut tukeaan kummallekaan.<\/p>\n<p class=\"article-body mb-nof-24 px-nof-16\">Syyrian syrj\u00e4ytetyn diktaattorin <a class=\"article-personlink\" href=\"https:\/\/www.is.fi\/haku\/?query=Bashar%20al-Assadin\" rel=\"nofollow noopener\" target=\"_blank\">Bashar al-Assadin<\/a> Ven\u00e4j\u00e4lle paenneet entiset sis\u00e4piirin j\u00e4senet yritt\u00e4v\u00e4t kaataa maan uuden hallinnon rahoittamalla kymmeni\u00e4tuhansia potentiaalisia taistelijoita. Asiasta kertoo uutistoimisto Reutersin keskiviikkona julkaisema laaja selvitys.<\/p>\n<p class=\"article-body mb-nof-24 px-nof-16\">Assad itse pakeni Moskovaan viime joulukuussa ja on perheen tuntevien l\u00e4hteiden mukaan pitk\u00e4lti alistunut kohtaloonsa maanpakolaisena. Useammalle h\u00e4nen sis\u00e4piirins\u00e4 j\u00e4senist\u00e4 sopeutuminen vallasta luopumiseen on kuitenkin ollut vaikeampaa.<\/p>\n<p class=\"article-body mb-nof-24 px-nof-16\">Kaksi Assadin entist\u00e4 l\u00e4heisint\u00e4 liittolaista, kenraali <a class=\"article-personlink\" href=\"https:\/\/www.is.fi\/haku\/?query=Kamal%20Hassan\" rel=\"nofollow noopener\" target=\"_blank\">Kamal Hassan<\/a> ja miljard\u00f6\u00f6ri <a class=\"article-personlink\" href=\"https:\/\/www.is.fi\/haku\/?query=Rami%20Makhlouf\" rel=\"nofollow noopener\" target=\"_blank\">Rami Makhlouf<\/a> kilpailevat kesken\u00e4\u00e4n vaikutusvallasta Syyrian rannikkoalueen alaviittiv\u00e4est\u00f6n keskuudessa. Molemmat ovat k\u00e4ytt\u00e4neet miljoonia dollareita taistelijoiden palkkaamiseen.<\/p>\n<p class=\"article-body mb-nof-24 px-nof-16\">Hassan v\u00e4itt\u00e4\u00e4, ett\u00e4 h\u00e4nen hallinnassaan on 12\u202f000 taistelijaa. H\u00e4n on k\u00e4ytt\u00e4nyt projektiin 1,5 miljoonaa dollaria maaliskuusta l\u00e4htien. Makhlouf puolestaan on k\u00e4ytt\u00e4nyt v\u00e4hint\u00e4\u00e4n kuusi miljoonaa dollaria ja v\u00e4itt\u00e4\u00e4 koonneensa 54\u202f000 taistelijaa.<\/p>\n<p><img decoding=\"async\" src=\"https:\/\/www.europesays.com\/fi\/wp-content\/uploads\/2025\/12\/1765401130_692_468.jpg\" alt=\"Syyrian Latakiassa j\u00e4rjestettiin sotilasparaati maanantaina Assadin hallinnon kaatumisen ensimm\u00e4isen vuosip\u00e4iv\u00e4n kunniaksi.\" class=\"_Img_1rerz_1\" style=\"aspect-ratio:1.5\" loading=\"eager\"\/><\/p>\n<p class=\"article-picture-caption\">Syyrian Latakiassa j\u00e4rjestettiin sotilasparaati maanantaina Assadin hallinnon kaatumisen ensimm\u00e4isen vuosip\u00e4iv\u00e4n kunniaksi. Kuva:\u00a0Karam al-Masri \/ Reuters<\/p>\n<p class=\"article-body mb-nof-24 px-nof-16\">Moskovassa on my\u00f6s Assadin veli <a class=\"article-personlink\" href=\"https:\/\/www.is.fi\/haku\/?query=Maher%20al-Assad\" rel=\"nofollow noopener\" target=\"_blank\">Maher al-Assad<\/a>, joka kontrolloi edelleen tuhansia entisi\u00e4 syyrialaissotilaita. Reutersin l\u00e4hteiden mukaan h\u00e4n ei ole kuitenkaan toistaiseksi antanut n\u00e4ille rahaa tai m\u00e4\u00e4r\u00e4yksi\u00e4.<\/p>\n<p class=\"article-body mb-nof-24 px-nof-16\">Makhlouf on my\u00f6s Assadin veljesten serkku. L\u00e4hteiden mukaan h\u00e4n ei hae tukea serkuiltaan, joita h\u00e4n on pilkannut julkisesti \u201dkarkulaisiksi\u201d.<\/p>\n<p class=\"article-body mb-nof-24 px-nof-16\">Hassan on luottanut vuosia henkil\u00f6kohtaisiin suhteisiinsa ja yhteisty\u00f6h\u00f6ns\u00e4 Assadien kanssa. H\u00e4n pyrkii l\u00e4hteiden mukaan saamaan toimilleen Maher al-Assadin tuen.<\/p>\n<p class=\"article-body mb-nof-24 px-nof-16\">Alaviitit ovat Syyrian ja Libanonin alueilla el\u00e4v\u00e4 shiiamuslimien v\u00e4hemmist\u00f6ryhm\u00e4, jonka j\u00e4seni\u00e4 Assadin perhe ja useimmat Syyrian entisen hallinnon j\u00e4senet ovat.<\/p>\n<p class=\"article-body mb-nof-24 px-nof-16\">Viime maaliskuussa alaviittien sotilasyksikk\u00f6 hy\u00f6kk\u00e4si itsen\u00e4isesti uuden hallinnon turvallisuusjoukkojen kimppuun Latakian maaseudulla. Hy\u00f6kk\u00e4ys tappoi 12 miest\u00e4 ja johti taisteluihin, joissa uusi hallinto menetti satoja turvallisuusjoukkojen j\u00e4seni\u00e4.<\/p>\n<p class=\"article-body mb-nof-24 px-nof-16\">Kapina kukistettiin, mutta se laukaisi kostotoimet, joissa kuoli l\u00e4hes 1\u202f500 alaviittisiviili\u00e4.<\/p>\n<p class=\"article-body mb-nof-24 px-nof-16\">Tuolloin miljard\u00f6\u00f6ri Makhlouf alkoi kutsua itse\u00e4\u00e4n \u201drannikon pojaksi\u201d ja julisti saaneensa jumalallisen teht\u00e4v\u00e4n auttaa alaviitteja.<\/p>\n<p class=\"article-body mb-nof-24 px-nof-16\">\u2013 Olen palannut, ja olkoon paluuni siunattu, Makhlouf julisti tuolloin julkaisemassaan lausunnossa.<\/p>\n<p class=\"article-body mb-nof-24 px-nof-16\">H\u00e4n ei kertonut olevansa Moskovassa, jossa h\u00e4nen asuntonaan on kokonainen Radisson-luksushotellin kerros. Reutersin l\u00e4hteiden mukaan tiukkojen turvatoimien alaisena el\u00e4v\u00e4 Makhlouf muuttui syv\u00e4sti uskonnolliseksi kotiarestissa erityksiss\u00e4 ollessaan ja siteeraa nyky\u00e4\u00e4n usein koraania.<\/p>\n<p class=\"article-body mb-nof-24 px-nof-16\">H\u00e4n uskoo islamilaiseen profetiaan, jonka mukaan juuri h\u00e4n pelastaa alaviitit Damaskoksessa k\u00e4yt\u00e4v\u00e4ss\u00e4 Harmageddonin taistelussa. Makhlouf kutsuu Syyrian uutta presidentti\u00e4 <a class=\"article-personlink\" href=\"https:\/\/www.is.fi\/haku\/?query=Ahmed%20al-Sharaata\" rel=\"nofollow noopener\" target=\"_blank\">Ahmed al-Sharaata<\/a> profetian \u201droistoksi\u201d al-Sufyaniksi, joka lopulta kuolee maan nielless\u00e4 h\u00e4nen armeijansa.<\/p>\n<p class=\"article-body mb-nof-24 px-nof-16\">Kenraali Hassan puolestaan asuu kolmikerroksisessa huvilassa Moskovan l\u00e4hell\u00e4. H\u00e4n johti Assadin sotilastiedustelua ja oli vastuussa muun muassa j\u00e4rjestelm\u00e4st\u00e4, jossa kiristettiin rahaa hallinnon vankien perheilt\u00e4.<\/p>\n<p class=\"article-body mb-nof-24 px-nof-16\">L\u00e4hteiden mukaan h\u00e4n soittelee jatkuvasti sotilaskomentajille ja neuvonantajille sek\u00e4 my\u00f6s l\u00e4hettelee n\u00e4ille \u00e4\u00e4niviestej\u00e4. Niiss\u00e4 h\u00e4n on ollut v\u00e4itetysti kommentoinut vihaisena vaikutusvaltansa menett\u00e4mist\u00e4 ja esitellyt suureellisia visioitaan siit\u00e4, kuinka h\u00e4n hallitsisi Syyrian rannikkoalueita.<\/p>\n<p class=\"article-body mb-nof-24 px-nof-16\">Maher al-Assad hallitsi ennen vallankumousta Syyrian armeijan nelj\u00e4tt\u00e4 panssaridivisioonaa ja johti omaa bisnesimperiumiaan. Vaikka h\u00e4n ei ole toistaiseksi rahoittanut joukkoja, noin 25\u202f000 entisen taistelijan kerrotaan pit\u00e4v\u00e4n h\u00e4nt\u00e4 edelleen komentajanaan.<\/p>\n<p class=\"article-body mb-nof-24 px-nof-16\">\u2013 Perhe pit\u00e4\u00e4 Hafez al-Assadia jumalana, ja Maher yritt\u00e4\u00e4 rakentaa sen varaan, mutta h\u00e4n ei ole viel\u00e4 edennyt, yksi Reutersin l\u00e4hteist\u00e4 sanoi.<\/p>\n<p class=\"article-body mb-nof-24 px-nof-16\">Assadin veljesten is\u00e4 Hafez al-Assad johti Syyriaa kovalla k\u00e4dell\u00e4 vuosina 1971\u20132000.<\/p>\n<p><img decoding=\"async\" src=\"https:\/\/www.europesays.com\/fi\/wp-content\/uploads\/2025\/12\/1765401132_274_468.jpg\" alt=\"Hein\u00e4kuussa 2024 Assad johti viel\u00e4 Syyriaa ja matkusti Moskovaan tapaamaan merkitt\u00e4vint\u00e4 tukijaansa, Ven\u00e4j\u00e4n presidentti\u00e4 Vladimir Putinia.\" class=\"_Img_1rerz_1\" style=\"aspect-ratio:1.5011727912431587\" loading=\"eager\"\/><\/p>\n<p class=\"article-picture-caption\">Hein\u00e4kuussa 2024 Assad johti viel\u00e4 Syyriaa ja matkusti Moskovaan tapaamaan merkitt\u00e4vint\u00e4 tukijaansa, Ven\u00e4j\u00e4n presidentti\u00e4 Vladimir Putinia. Kuva:\u00a0Valeriy Sharifulin \/ Sputnik \/ Reuters<\/p>\n<p class=\"article-body mb-nof-24 px-nof-16\">Yksi Assadin entisten sis\u00e4piiril\u00e4isten t\u00e4rkeimmist\u00e4 tavoitteista on 14 maanalaisen komentokeskuksen verkosto, joka rakennettiin t\u00e4m\u00e4n hallinnon loppuvaiheessa Syyrian rannikkoalueelle. Keskukset sis\u00e4lt\u00e4v\u00e4t muun muassa ase- ja ammusvarastoja, tietokoneita ja viestint\u00e4laitteita.<\/p>\n<p class=\"article-body mb-nof-24 px-nof-16\">\u2013 T\u00e4m\u00e4 verkosto on aarresaari ja he kaikki ovat veneit\u00e4, jotka yritt\u00e4v\u00e4t saavuttaa sen, sanoi er\u00e4s l\u00e4hteist\u00e4.<\/p>\n<p class=\"article-body mb-nof-24 px-nof-16\">Kaksi l\u00e4hdett\u00e4 sek\u00e4 Syyrian rannikolla sijaitsevan Tartusin maakunnan kuvern\u00f6\u00f6ri Ahmad al-Shami vahvistivat Reutersille komentokeskusten olemassaolon. Al-Shami kuitenkin v\u00e4h\u00e4tteli niiden merkityst\u00e4.<\/p>\n<p class=\"article-body mb-nof-24 px-nof-16\">\u2013 N\u00e4it\u00e4 keskuksia on heikennetty merkitt\u00e4v\u00e4sti vapautuksen j\u00e4lkeen. Niiden jatkuvasta olemassaolosta ei ole huolta, al-Shami sanoi.<\/p>\n<p class=\"article-body mb-nof-24 px-nof-16\">Ven\u00e4j\u00e4 on toistaiseksi kielt\u00e4ytynyt tukemasta Hassania ja Makhloufia, vaikka se suojelee heit\u00e4 Moskovassa. Kremlin prioriteettina on s\u00e4ilytt\u00e4\u00e4 p\u00e4\u00e4sy Ven\u00e4j\u00e4n sotilastukikohtiin Syyrian rannikolla.<\/p>\n<p class=\"article-body mb-nof-24 px-nof-16\">Kun Syyrian uuden hallinnon presidentti <a class=\"article-personlink\" href=\"https:\/\/www.is.fi\/haku\/?query=Ahmed%20al-Sharaa\" rel=\"nofollow noopener\" target=\"_blank\">Ahmed al-Sharaa<\/a> vieraili Moskovassa lokakuussa, h\u00e4n nosti Hassanin ja Makhloufin esille keskusteluissaan Ven\u00e4j\u00e4n hallituksen kanssa. Tartusin kuvern\u00f6\u00f6rin al-Shamin mukaan Ven\u00e4j\u00e4 antoi ymm\u00e4rt\u00e4\u00e4, ett\u00e4 se olisi halukas est\u00e4m\u00e4\u00e4n miesten aikeita.<\/p>\n<p class=\"article-body mb-nof-24 px-nof-16\">Lue lis\u00e4\u00e4: <a class=\"article-genericlink\" href=\"https:\/\/www.is.fi\/ulkomaat\/art-2000011679459.html\" rel=\"nofollow noopener\" target=\"_blank\">Vuodettu video julki: Ven\u00e4j\u00e4n liittolainen pilkkaa Putinia<\/a><\/p>\n<p class=\"article-body mb-nof-24 px-nof-16\">Uusi hallinto on pid\u00e4tt\u00e4nyt kymmeni\u00e4 Makhloufiin ja Hassaniin kytk\u00f6ksiss\u00e4 olevia henkil\u00f6it\u00e4. Lokakuun lopussa sis\u00e4ministeri\u00f6 ilmoitti pid\u00e4tt\u00e4neens\u00e4 Makhloufin rahoittaman solun, joka suunnitteli toimittajien ja aktivistien salamurhia.<\/p>\n<p><img decoding=\"async\" src=\"https:\/\/www.europesays.com\/fi\/wp-content\/uploads\/2025\/12\/1765401132_992_468.jpg\" alt=\"Syyrian presidentti ja entinen kapinallistaistelijoiden johtaja Ahmed al-Sharaa piti maanantaina Damaskoksessa puheen Assadin hallinnon kaatumisen ensimm\u00e4isen vuosip\u00e4iv\u00e4n merkeiss\u00e4.\" class=\"_Img_1rerz_1\" style=\"aspect-ratio:1.5\" loading=\"eager\"\/><\/p>\n<p class=\"article-picture-caption\">Syyrian presidentti ja entinen kapinallistaistelijoiden johtaja Ahmed al-Sharaa piti maanantaina Damaskoksessa puheen Assadin hallinnon kaatumisen ensimm\u00e4isen vuosip\u00e4iv\u00e4n merkeiss\u00e4. Kuva:\u00a0Khalil Ashawi \/ Reuters<\/p>\n<p class=\"article-body mb-nof-24 px-nof-16\">My\u00f6s al-Sharaan hallinto yritt\u00e4\u00e4 vakuuttaa entisi\u00e4 alaviittisotilaita ja siviilej\u00e4 siit\u00e4, ett\u00e4 n\u00e4iden tulevaisuus on uudessa Syyriassa. T\u00e4t\u00e4 asiaa on pantu hoitamaan Assadin sis\u00e4piiriin aikanaan kuulunut <a class=\"article-personlink\" href=\"https:\/\/www.is.fi\/haku\/?query=Khaled%20al-Ahmad\" rel=\"nofollow noopener\" target=\"_blank\">Khaled al-Ahmad<\/a>, joka sattuu olemaan my\u00f6s uuden presidentin lapsuudenyst\u00e4v\u00e4.<\/p>\n<p class=\"article-body mb-nof-24 px-nof-16\">Assad k\u00e4\u00e4ntyi my\u00f6hemmin al-Ahmadia vastaan ja t\u00e4m\u00e4 pakeni Kyprokselle. Vuonna 2021 al-Ahmad ja al-Sharaa tapasivat Idlibiss\u00e4 ja keskustelivat Assadin kaatamisesta.<\/p>\n<p class=\"article-body mb-nof-24 px-nof-16\">Vallankumous tai sen yritys saattaisi horjuttaa Syyrian uutta hallitusta. L\u00e4hteiden mukaan sellaisen onnistumisen mahdollisuudet n\u00e4ytt\u00e4v\u00e4t kuitenkin t\u00e4ll\u00e4 hetkell\u00e4 heikoilta.<\/p>\n<p class=\"article-body mb-nof-24 px-nof-16\">Hassan ja Makhlouf ovat kesken\u00e4\u00e4n napit vastakkain. Samaan aikaan heid\u00e4n haaveensa Ven\u00e4j\u00e4n tuesta ovat hiipumassa, vaikka Ven\u00e4j\u00e4 oli ennen viime joulukuuta Assadin hallinnon voimakkain tukija sek\u00e4 poliittisesti ett\u00e4 sotilaallisesti.<\/p>\n","protected":false},"excerpt":{"rendered":"Uutistoimisto Reutersin selvitys paljastaa Bashar al-Assadin entisten sis\u00e4piiril\u00e4isten suunnitelmat. Miehi\u00e4 suojeleva Ven\u00e4j\u00e4 ei ole toistaiseksi antanut tukeaan kummallekaan.&hellip;\n","protected":false},"author":2,"featured_media":113039,"comment_status":"","ping_status":"","sticky":false,"template":"","format":"standard","meta":{"footnotes":""},"categories":[14],"tags":[22,23,26,27,33,31,30,17,34,24,25,28,29,15,18,21,32,19,20,56,16,59,60,61],"class_list":{"0":"post-113038","1":"post","2":"type-post","3":"status-publish","4":"format-standard","5":"has-post-thumbnail","7":"category-ulkomaat","8":"tag-breaking-news","9":"tag-breakingnews","10":"tag-featured-news","11":"tag-featurednews","12":"tag-fi","13":"tag-finland","14":"tag-finnish","15":"tag-headlines","16":"tag-ilta-sanomat","17":"tag-latest-news","18":"tag-latestnews","19":"tag-main-news","20":"tag-mainnews","21":"tag-news","22":"tag-otsikot","23":"tag-paauutiset","24":"tag-suomi","25":"tag-top-stories","26":"tag-topstories","27":"tag-ulkomaat","28":"tag-uutiset","29":"tag-world","30":"tag-world-news","31":"tag-worldnews"},"share_on_mastodon":{"url":"https:\/\/pubeurope.com\/@fi\/115697336562652630","error":""},"_links":{"self":[{"href":"https:\/\/www.europesays.com\/fi\/wp-json\/wp\/v2\/posts\/113038","targetHints":{"allow":["GET"]}}],"collection":[{"href":"https:\/\/www.europesays.com\/fi\/wp-json\/wp\/v2\/posts"}],"about":[{"href":"https:\/\/www.europesays.com\/fi\/wp-json\/wp\/v2\/types\/post"}],"author":[{"embeddable":true,"href":"https:\/\/www.europesays.com\/fi\/wp-json\/wp\/v2\/users\/2"}],"replies":[{"embeddable":true,"href":"https:\/\/www.europesays.com\/fi\/wp-json\/wp\/v2\/comments?post=113038"}],"version-history":[{"count":0,"href":"https:\/\/www.europesays.com\/fi\/wp-json\/wp\/v2\/posts\/113038\/revisions"}],"wp:featuredmedia":[{"embeddable":true,"href":"https:\/\/www.europesays.com\/fi\/wp-json\/wp\/v2\/media\/113039"}],"wp:attachment":[{"href":"https:\/\/www.europesays.com\/fi\/wp-json\/wp\/v2\/media?parent=113038"}],"wp:term":[{"taxonomy":"category","embeddable":true,"href":"https:\/\/www.europesays.com\/fi\/wp-json\/wp\/v2\/categories?post=113038"},{"taxonomy":"post_tag","embeddable":true,"href":"https:\/\/www.europesays.com\/fi\/wp-json\/wp\/v2\/tags?post=113038"}],"curies":[{"name":"wp","href":"https:\/\/api.w.org\/{rel}","templated":true}]}}