{"id":11304,"date":"2025-08-20T15:33:08","date_gmt":"2025-08-20T15:33:08","guid":{"rendered":"https:\/\/www.europesays.com\/fi\/11304\/"},"modified":"2025-08-20T15:33:08","modified_gmt":"2025-08-20T15:33:08","slug":"nyt-tuli-karut-luvut-avoimien-tyopaikkojen-maara-vaheni-38-prosenttia-selvitimme-mista-on-kyse-talous","status":"publish","type":"post","link":"https:\/\/www.europesays.com\/fi\/11304\/","title":{"rendered":"Nyt tuli karut luvut \u2013 avoimien ty\u00f6paikkojen m\u00e4\u00e4r\u00e4 v\u00e4heni 38 prosenttia, selvitimme, mist\u00e4 on kyse | Talous"},"content":{"rendered":"<p class=\"sc-jYczwO sc-ciCoXh bUKqJd cIOueB yle__article__paragraph\">Avoimien ty\u00f6paikkojen m\u00e4\u00e4r\u00e4 on v\u00e4hentynyt voimakkaasti samaan aikaan, kun <a class=\"sc-jDJeIs gotUgl yle__article__link\" href=\"https:\/\/yle.fi\/a\/74-20173811\" role=\"link\" rel=\"nofollow noopener\" target=\"_blank\">ty\u00f6tt\u00f6myys<\/a> on kasvanut kohisten kuluvan vuoden aikana.<\/p>\n<p class=\"sc-jYczwO sc-ciCoXh bUKqJd cIOueB yle__article__paragraph\">Tilastokeskuksen mukaan avoimien ty\u00f6paikkojen m\u00e4\u00e4r\u00e4 v\u00e4heni huhti\u2013kes\u00e4kuussa per\u00e4ti 38 prosenttia edellisvuoteen verrattuna. Avoimia ty\u00f6paikkoja oli toisella vuosinelj\u00e4nneksell\u00e4 vain hieman alle 29 000, kun viel\u00e4 vuotta aiemmin ty\u00f6paikkoja oli avoinna 47 000.<\/p>\n<p class=\"sc-jYczwO sc-ciCoXh bUKqJd cIOueB yle__article__paragraph\">Avoimien ty\u00f6paikkojen m\u00e4\u00e4r\u00e4 alittaa nyt siis jopa koronapandemian aikaisen sukelluksen.<\/p>\n<p class=\"sc-jYczwO sc-ciCoXh bUKqJd cIOueB yle__article__paragraph\">Tilastokeskuksen yliaktuaari <strong class=\"sc-eEHciv gtNhAX yle__article__strong\">Matti Lahdenm\u00e4ki<\/strong> pit\u00e4\u00e4 tilannetta tuoreen tilastotiedon valossa poikkeuksellisena.<\/p>\n<p class=\"sc-jYczwO sc-ciCoXh bUKqJd cIOueB yle__article__paragraph\">\u2013 Viimeksi vuonna 2016 oli n\u00e4in v\u00e4h\u00e4n avoimia ty\u00f6paikkoja. Niit\u00e4 on nyt v\u00e4hemm\u00e4n kuin oli korona-aikana kaikkein heikoimpana vuosinelj\u00e4nneksen\u00e4.<\/p>\n<p class=\"sc-jYczwO sc-ciCoXh bUKqJd cIOueB yle__article__paragraph\">Lahdenm\u00e4en mukaan avointen ty\u00f6paikkojen m\u00e4\u00e4r\u00e4 on v\u00e4hentynyt koko Suomessa. Eniten niiden m\u00e4\u00e4r\u00e4 kuitenkin v\u00e4heni Pohjois- ja It\u00e4-Suomessa.<\/p>\n<p class=\"sc-jYczwO sc-ciCoXh bUKqJd cIOueB yle__article__paragraph\">Alla olevassa grafiikassa n\u00e4kyy, miten avoimien ty\u00f6paikkojen m\u00e4\u00e4r\u00e4 on laskenut jo useiden per\u00e4kk\u00e4isten vuosien ajan.<\/p>\n<p>1. Mist\u00e4 se johtuu?<\/p>\n<p class=\"sc-jYczwO sc-ciCoXh bUKqJd cIOueB yle__article__paragraph\">Avoimien ty\u00f6paikkojen m\u00e4\u00e4r\u00e4 on ollut rajussa pudotuksessa vuodesta 2022 alkaen. Danske Bankin seniorianalyytikko <strong class=\"sc-eEHciv gtNhAX yle__article__strong\">Antti Ilvonen<\/strong> n\u00e4kee, ett\u00e4 heikon taloussuhdanteen ohella maailmanpoliittinen ep\u00e4varmuus on kuluvana vuonna heijastunut erityisesti yritysten rekrytointihalukkuuteen.<\/p>\n<p class=\"sc-jYczwO sc-ciCoXh bUKqJd cIOueB yle__article__paragraph\">Esimerkiksi Yhdysvaltain presidentti Donald Trumpin <a class=\"sc-jDJeIs gotUgl yle__article__link\" href=\"https:\/\/yle.fi\/a\/74-20174636\" role=\"link\" rel=\"nofollow noopener\" target=\"_blank\">tuontitullit<\/a> ovat lis\u00e4nneet ep\u00e4varmuutta taloudelliseen ymp\u00e4rist\u00f6\u00f6n, ja vaikuttaneet siten yritysten investointeihin.<\/p>\n<p class=\"sc-jYczwO sc-ciCoXh bUKqJd cIOueB yle__article__paragraph\">\u2013 Kun ei ole tiedetty sit\u00e4, mink\u00e4lainen toimintaymp\u00e4rist\u00f6 tulee jatkossa olemaan, niin ei ole uskallettu l\u00e4hte\u00e4 investoimaan, eik\u00e4 siten my\u00f6sk\u00e4\u00e4n tehd\u00e4 rekrytointeja.<\/p>\n<p class=\"sc-jYczwO sc-ciCoXh bUKqJd cIOueB yle__article__paragraph\">Avoimien ty\u00f6paikkojen m\u00e4\u00e4r\u00e4 l\u00e4hes puolittui huhti\u2013kes\u00e4kuussa yksityisell\u00e4 sektorilla. Toisella vuosinelj\u00e4nneksell\u00e4 avoinna olevien ty\u00f6paikkojen m\u00e4\u00e4r\u00e4 laski hieman alle 19 000, kun viel\u00e4 vuotta aiemmin niit\u00e4 oli 34 700.<\/p>\n<p><img decoding=\"async\" alt=\"Mies katsoo kameraan puvuntakissa.\" src=\"https:\/\/www.europesays.com\/fi\/wp-content\/uploads\/2025\/08\/39-11040596447d95a7e48d.jpeg\" loading=\"lazy\" class=\"sc-dntSTA iywpZY\"\/><\/p>\n<p>Avaa kuvien katselu<\/p>\n<p>Danske Bankin seniorianalyytikko Antti Ilvonen uskoo, ett\u00e4 talouden elpyminen heijastuu ty\u00f6markkinoihin viel\u00e4 loppuvuoden aikana. Kuva: Danske Bank<\/p>\n<p class=\"sc-jYczwO sc-ciCoXh bUKqJd cIOueB yle__article__paragraph\">Vastaavasti julkisen sektorin ty\u00f6paikkojen m\u00e4\u00e4r\u00e4\u00e4 ovat Ilvosen mukaan kurittaneet poliittisten p\u00e4\u00e4t\u00f6sten seurauksena tehdyt sopeutustoimet.<\/p>\n<p class=\"sc-jYczwO sc-ciCoXh bUKqJd cIOueB yle__article__paragraph\">\u2013 Poliittiset p\u00e4\u00e4t\u00f6kset vaikuttavat julkisella sektorilla ty\u00f6paikkojen m\u00e4\u00e4r\u00e4\u00e4n riippumatta talouden suhdanteista, jotka puolestaan heijastuvat suoraan yksityiselle sektorille.<\/p>\n<p>2. Mill\u00e4 aloilla avoimien ty\u00f6paikkojen m\u00e4\u00e4r\u00e4 on v\u00e4hentynyt eniten?<\/p>\n<p class=\"sc-jYczwO sc-ciCoXh bUKqJd cIOueB yle__article__paragraph\">Kaikista eniten avoinna olevien ty\u00f6paikkojen m\u00e4\u00e4r\u00e4 v\u00e4heni pitk\u00e4\u00e4n ahdingossa olleella rakennusalalla.<\/p>\n<p class=\"sc-jYczwO sc-ciCoXh bUKqJd cIOueB yle__article__paragraph\">Rakennusalan pitkittynyt laskusuhdanne ei ole toistaiseksi helpottanut. <a class=\"sc-jDJeIs gotUgl yle__article__link\" href=\"https:\/\/yle.fi\/a\/74-20174878\" role=\"link\" rel=\"nofollow noopener\" target=\"_blank\">Uudiskohteiden kauppa on k\u00e4ynyt tahmeasti<\/a> k\u00e4ynyt ja uusia asuntoja on alettu rakentaa v\u00e4h\u00e4n.<\/p>\n<p class=\"sc-jYczwO sc-ciCoXh bUKqJd cIOueB yle__article__paragraph\">Rakennusalalla oli huhti\u2013kes\u00e4kuussa avoimia ty\u00f6paikkoja en\u00e4\u00e4 vain 1 500, kun viel\u00e4 vuosi sitten niit\u00e4 oli l\u00e4hes 6000.<\/p>\n<p class=\"sc-jYczwO sc-ciCoXh bUKqJd cIOueB yle__article__paragraph\">\u2013 Jos asuntomarkkinoilla ja rakentamisessa alettaisiin n\u00e4hd\u00e4 piristymist\u00e4, niin se varmasti n\u00e4kyisi n\u00e4iss\u00e4 yl\u00e4tason ty\u00f6llisyysluvuissa aika nopeasti, Ilvonen kertoo.<\/p>\n<p class=\"sc-jYczwO sc-ciCoXh bUKqJd cIOueB yle__article__paragraph\">Rakentamisen ohella avointen ty\u00f6paikkojen m\u00e4\u00e4r\u00e4 on v\u00e4hentynyt voimakkaasti my\u00f6s muun muassa hallinnon ja viestinn\u00e4n aloilla sek\u00e4 teollisuudessa.<\/p>\n<p>Avointen ty\u00f6paikkojen m\u00e4\u00e4r\u00e4 on v\u00e4hentynyt eniten:<\/p>\n<ol class=\"sc-fqdHUJ iUUJOL yle__article__list yle__article__list--ol\">\n<li class=\"sc-cfLHZC iRzLep\">Rakentaminen (-4 300 avointa ty\u00f6paikkaa)<\/li>\n<li class=\"sc-cfLHZC iRzLep\">Ammatillinen, tieteellinen ja tekninen toiminta sek\u00e4 hallinto- ja tukipalvelutoiminta (-2800 avointa ty\u00f6paikkaa)<\/li>\n<li class=\"sc-cfLHZC iRzLep\">Informaatio ja viestint\u00e4 (-2 200 avointa ty\u00f6paikkaa)<\/li>\n<li class=\"sc-cfLHZC iRzLep\">Teollisuus, kaivostoiminta ja muu teollinen toiminta (-2000 avointa ty\u00f6paikkaa)<\/li>\n<\/ol>\n<p>3. Miksei talouden elpyminen heijastu ty\u00f6paikkojen m\u00e4\u00e4r\u00e4\u00e4n?<\/p>\n<p class=\"sc-jYczwO sc-ciCoXh bUKqJd cIOueB yle__article__paragraph\">Talouden elpymisest\u00e4 on n\u00e4hty jo useita merkkej\u00e4: Suomen talous k\u00e4\u00e4ntyi viime vuonna kasvuun ja hidastunut inflaatio sek\u00e4 korkotason lasku on puolestaan parantanut kuluttajien ostovoimaa.<\/p>\n<p class=\"sc-jYczwO sc-ciCoXh bUKqJd cIOueB yle__article__paragraph\">Positiivisista signaaleista huolimatta talouden elpyminen ei ole toistaiseksi heijastunut ty\u00f6llisyyteen. Suomen ty\u00f6tt\u00f6myysaste kipusi kes\u00e4kuussa jo yli <a class=\"sc-jDJeIs gotUgl yle__article__link\" href=\"https:\/\/yle.fi\/a\/74-20173811\" role=\"link\" rel=\"nofollow noopener\" target=\"_blank\">9 prosenttiin<\/a>, eik\u00e4 tuore <a class=\"sc-jDJeIs gotUgl yle__article__link\" href=\"https:\/\/stat.fi\/fi\/uutinen\/Avoimia-tyoepaikkoja-vaehemmaen-kuin-koronapandemian-pahimpina-aikoina\" role=\"link\" rel=\"nofollow noopener\" target=\"_blank\">tilasto<\/a> avoimien ty\u00f6paikkojen m\u00e4\u00e4r\u00e4n v\u00e4hentymisest\u00e4 helpota tilannetta.<\/p>\n<p><img decoding=\"async\" alt=\"Henkil\u00f6kuvassa Sonja Gustafsson, kauppatieteiden maisteri, insin\u00f6\u00f6ri ja pitk\u00e4aikaisty\u00f6t\u00f6n. \" src=\"https:\/\/www.europesays.com\/fi\/wp-content\/uploads\/2025\/08\/39-1491480686e3e95abd90.jpeg\" class=\"sc-dntSTA iywpZY\"\/><\/p>\n<p class=\"sc-jYczwO sc-ciCoXh bUKqJd cIOueB yle__article__paragraph\">Danske Bankin Ilvosen mukaan ty\u00f6markkinat reagoivat talouden elpymiseen viiveell\u00e4, mink\u00e4 seurauksena positiiviset merkit eiv\u00e4t viel\u00e4 toistaiseksi n\u00e4ytt\u00e4ydy ty\u00f6llisyydess\u00e4 ja avoimien ty\u00f6paikkojen m\u00e4\u00e4r\u00e4ss\u00e4.<\/p>\n<p class=\"sc-jYczwO sc-ciCoXh bUKqJd cIOueB yle__article__paragraph\">\u2013 Ty\u00f6markkinat kehittyv\u00e4t j\u00e4lkisyklisesti muuhun suhdanteeseen verrattuna. Siit\u00e4 hetkest\u00e4, kun taloudessa n\u00e4hd\u00e4\u00e4n merkkej\u00e4 piristymisest\u00e4, niin menee yleens\u00e4 viel\u00e4 kuukausia ennen kuin k\u00e4\u00e4nne n\u00e4kyy ty\u00f6markkinoilla.<\/p>\n<p><strong class=\"sc-boKDdR cjuzCv\">Antti Ilvonen kertoo, mit\u00e4 positiivisia merkkej\u00e4 ty\u00f6markkinoilla on n\u00e4ht\u00e4viss\u00e4<\/strong><\/p>\n<p>4. Kauanko t\u00e4m\u00e4 viel\u00e4 jatkuu?<\/p>\n<p class=\"sc-jYczwO sc-ciCoXh bUKqJd cIOueB yle__article__paragraph\">Nopeaa helpotusta tilanteeseen ei Iivosen mukaan ole n\u00e4k\u00f6piiriss\u00e4. Avoimien ty\u00f6paikkojen m\u00e4\u00e4r\u00e4 on laskenut jo vuosien ajan, eik\u00e4 massiivista rekrytointiaaltoa ole n\u00e4ill\u00e4 n\u00e4kymin luvassa.<\/p>\n<p class=\"sc-jYczwO sc-ciCoXh bUKqJd cIOueB yle__article__paragraph\">Ilvonen kuitenkin uskoo, ett\u00e4 pahin aallonpohja on viel\u00e4 loppuvuoden aikana sel\u00e4tetty.<\/p>\n<p class=\"sc-jYczwO sc-ciCoXh bUKqJd cIOueB yle__article__paragraph\">\u2013 Jos varovaisen positiivinen tilanne taloudessa jatkuu, niin uskaltaisin ennakoida, ett\u00e4 talvea kohden n\u00e4hd\u00e4\u00e4n merkkej\u00e4 piristymisest\u00e4.<\/p>\n<p class=\"sc-jYczwO sc-ciCoXh bUKqJd cIOueB yle__article__paragraph\"><strong class=\"sc-eEHciv gtNhAX yle__article__strong\">Ty\u00f6nantaja, kerro meille, oletko voinut palkata ty\u00f6ntekij\u00f6it\u00e4.<\/strong> Voit vastata joukkoistukseen alla olevalla lomakkeella. J\u00e4t\u00e4th\u00e4n alla olevan lomakkeen yhteystietoihin koko nimesi, s\u00e4hk\u00f6postiosoitteesi ja mielell\u00e4\u00e4n my\u00f6s puhelinnumerosi.<\/p>\n<p class=\"sc-jYczwO sc-ciCoXh bUKqJd cIOueB yle__article__paragraph\">Olemme sinuun yhteydess\u00e4, jos haluaisimme kuulla asiasta tarkemmin tai k\u00e4ytt\u00e4\u00e4 kommenttejasi jutussa. Emme julkaise mit\u00e4\u00e4n nimell\u00e4 ilman lupaasi. Tietoja k\u00e4sitell\u00e4\u00e4n vain journalistisessa tarkoituksessa.<\/p>\n","protected":false},"excerpt":{"rendered":"Avoimien ty\u00f6paikkojen m\u00e4\u00e4r\u00e4 on v\u00e4hentynyt voimakkaasti samaan aikaan, kun ty\u00f6tt\u00f6myys on kasvanut kohisten kuluvan vuoden aikana. Tilastokeskuksen mukaan&hellip;\n","protected":false},"author":2,"featured_media":11305,"comment_status":"","ping_status":"","sticky":false,"template":"","format":"standard","meta":{"footnotes":""},"categories":[5],"tags":[22,23,26,27,33,31,30,17,24,25,28,29,15,18,21,32,78,19,20,860,862,4961,1955,16],"class_list":{"0":"post-11304","1":"post","2":"type-post","3":"status-publish","4":"format-standard","5":"has-post-thumbnail","7":"category-otsikot","8":"tag-breaking-news","9":"tag-breakingnews","10":"tag-featured-news","11":"tag-featurednews","12":"tag-fi","13":"tag-finland","14":"tag-finnish","15":"tag-headlines","16":"tag-latest-news","17":"tag-latestnews","18":"tag-main-news","19":"tag-mainnews","20":"tag-news","21":"tag-otsikot","22":"tag-paauutiset","23":"tag-suomi","24":"tag-talous","25":"tag-top-stories","26":"tag-topstories","27":"tag-tyoelama","28":"tag-tyollisyys","29":"tag-tyopaikat","30":"tag-tyottomyys","31":"tag-uutiset"},"share_on_mastodon":{"url":"","error":""},"_links":{"self":[{"href":"https:\/\/www.europesays.com\/fi\/wp-json\/wp\/v2\/posts\/11304","targetHints":{"allow":["GET"]}}],"collection":[{"href":"https:\/\/www.europesays.com\/fi\/wp-json\/wp\/v2\/posts"}],"about":[{"href":"https:\/\/www.europesays.com\/fi\/wp-json\/wp\/v2\/types\/post"}],"author":[{"embeddable":true,"href":"https:\/\/www.europesays.com\/fi\/wp-json\/wp\/v2\/users\/2"}],"replies":[{"embeddable":true,"href":"https:\/\/www.europesays.com\/fi\/wp-json\/wp\/v2\/comments?post=11304"}],"version-history":[{"count":0,"href":"https:\/\/www.europesays.com\/fi\/wp-json\/wp\/v2\/posts\/11304\/revisions"}],"wp:featuredmedia":[{"embeddable":true,"href":"https:\/\/www.europesays.com\/fi\/wp-json\/wp\/v2\/media\/11305"}],"wp:attachment":[{"href":"https:\/\/www.europesays.com\/fi\/wp-json\/wp\/v2\/media?parent=11304"}],"wp:term":[{"taxonomy":"category","embeddable":true,"href":"https:\/\/www.europesays.com\/fi\/wp-json\/wp\/v2\/categories?post=11304"},{"taxonomy":"post_tag","embeddable":true,"href":"https:\/\/www.europesays.com\/fi\/wp-json\/wp\/v2\/tags?post=11304"}],"curies":[{"name":"wp","href":"https:\/\/api.w.org\/{rel}","templated":true}]}}