{"id":113049,"date":"2025-12-10T21:34:09","date_gmt":"2025-12-10T21:34:09","guid":{"rendered":"https:\/\/www.europesays.com\/fi\/113049\/"},"modified":"2025-12-10T21:34:09","modified_gmt":"2025-12-10T21:34:09","slug":"heidi-foxell-avautuu-masennusoireistaan-seiska","status":"publish","type":"post","link":"https:\/\/www.europesays.com\/fi\/113049\/","title":{"rendered":"Heidi Foxell avautuu masennusoireistaan | Seiska"},"content":{"rendered":"<p>            ATTE KAJOVA\n        <\/p>\n<p class=\"subtitle \">Lukuisat terveysongelmat ovat vaikuttaneet Heidin mielenterveyteen, ja h\u00e4n odottaa p\u00e4\u00e4sy\u00e4 psykiatrin arvioon masennusoireidensa takia.<\/p>\n<p class=\"article-content article-content-width !bg-background\"> Hyvink\u00e4\u00e4n ampumatapauksessa vuonna 2012 haavoittuneella  on takanaan todella rankka vuosi. <\/p>\n<p class=\"font-weight-bold m-font-weight-bold article-content article-content-width !bg-background\">Katso video: Heidi Foxell koiriensa kanssa<\/p>\n<p class=\"article-content article-content-width !bg-background\">Heidi on k\u00e4rsinyt vuosien varrella lukuisista terveysvaivoista. H\u00e4n sai sairaalassa hoitovirheen seurauksena selk\u00e4ydinvamman ja my\u00f6hemmin h\u00e4n sairastui viel\u00e4 leukemiaan.\u00a0<\/p>\n<p class=\"article-content article-content-width !bg-background\">Heidi kertoi viime kev\u00e4\u00e4n\u00e4, ett\u00e4 h\u00e4nen sy\u00f6p\u00e4l\u00e4\u00e4kityksens\u00e4 oltiin jouduttu keskeytt\u00e4m\u00e4\u00e4n munuaisongelmien vuoksi. L\u00e4\u00e4kityksen keskeytys johti kuitenkin siihen, ett\u00e4 leukemian arvot olivat l\u00e4hteneet nousuun ja l\u00e4\u00e4kityst\u00e4 jouduttiin jatkamaan v\u00e4litt\u00f6m\u00e4sti uudestaan. <\/p>\n<p>        <a itemprop=\"url\" href=\"https:\/\/www.seiska.fi\/kotimaa\/heidi-foxell-romahti\/1996796\" rel=\"nofollow noopener\" target=\"_blank\"><\/p>\n<p>\nKaru ulostulo\n<\/p>\n<p class=\"section-date\">\n        <strong class=\"article-section\" data-section=\"kotimaa\"><br \/>\n            kotimaa<br \/>\n        <\/strong><br \/>\n        19.11. 09:26\n    <\/p>\n<p>Heidi Foxell romahti\n    <\/p>\n<p itemprop=\"description\" class=\"subtitle \">\n    Vakavista terveysvaivoista k\u00e4rsiv\u00e4 Foxell on lannistunut huonoista uutisistaan.\n<\/p>\n<p>        <\/a><\/p>\n<p class=\"article-content article-content-width !bg-background\">Kaikki terveysvaivat ovat johtaneet my\u00f6s siihen, ett\u00e4 Heidin mielenterveys on ollut koetuksella.<\/p>\n<p class=\"article-content article-content-width !bg-background\">\u00ad<\/p>\n<p>Min\u00e4kuva hukassa<\/p>\n<p class=\"article-content article-content-width !bg-background\">H\u00e4n julkaisi Instagramissa kuvia, joissa makaa sohvalla tuskastuneen n\u00e4k\u00f6isen\u00e4. Kuvatekstiss\u00e4 Heidi kertoo mielens\u00e4 olleen vuosikausia matala, eik\u00e4 vuosi 2025 ole n\u00e4yytt\u00e4nyt helpommalta.<\/p>\n<p class=\"article-content article-content-width !bg-background\"> \u2013 Mulla on ollut henkisesti tosi rankka vuosi, kun olen j\u00e4lleen k\u00e4ynyt kamppailua oman kehonkuvan kanssa. Ampumisesta johtuneet min\u00e4kuvan ja pystyvyyden muutokset s\u00f6i mua aikoinaan el\u00e4v\u00e4lt\u00e4 ja 2017 k\u00e4vin henkisesti tosi syv\u00e4ll\u00e4, enk\u00e4 meinannut l\u00f6yt\u00e4\u00e4 tiet\u00e4 ulos. Nyt tuntuu et oon uppoamassa samalla lailla, h\u00e4n kirjoittaa syd\u00e4n syrj\u00e4ll\u00e4\u00e4n.<\/p>\n<p>        <a itemprop=\"url\" href=\"https:\/\/www.seiska.fi\/kotimaa\/heidi-foxellilta-riipaiseva-ulostulo\/1937786\" rel=\"nofollow noopener\" target=\"_blank\"><\/p>\n<p>\nSankaripoliisi\n<\/p>\n<p class=\"section-date\">\n        <strong class=\"article-section\" data-section=\"kotimaa\"><br \/>\n            kotimaa<br \/>\n        <\/strong><br \/>\n        22.9. 11:59\n    <\/p>\n<p>Heidi Foxellilta riipaiseva ulostulo\n    <\/p>\n<p itemprop=\"description\" class=\"subtitle \">\n    Hyvink\u00e4\u00e4n ammuskelusta hengiss\u00e4 selvinnyt Heidi on kamppaillut vakavien terveysongelmien kanssa.\n<\/p>\n<p>        <\/a><\/p>\n<p class=\"article-content article-content-width !bg-background\">Heidi kertoo, ett\u00e4 munuaisten toiminta ja albumiiniarvon matala taso ovat aiheuttaneet h\u00e4nelle pysyv\u00e4n turvotusongelman.<\/p>\n<p class=\"article-content article-content-width !bg-background\"> \u2013 Siihen ei ole saatu ratkaisua ja alan olla ep\u00e4toivoinen. Her\u00e4\u00e4n joka aamu pel\u00e4ten milt\u00e4 t\u00e4n\u00e4\u00e4n n\u00e4yt\u00e4n ja mihin kykenen, onko turvotus taas naamassa asti vai vaan jaloissa, h\u00e4n my\u00f6nt\u00e4\u00e4.<\/p>\n<p class=\"italic m-italic article-content article-content-width !bg-background\"> \u2013 Tilanne on sy\u00f6nyt mun itsetuntoa pikkuhiljaa ja alan oleen henkisesti aivan lopussa. Se, etten tied\u00e4 onko t\u00e4\u00e4 turvotustila loppullista, hajottaa mut sis\u00e4lt\u00e4. Pelk\u00e4\u00e4n, ettei parannuskeinoa l\u00f6ydet\u00e4.\u00a0<\/p>\n<p>Apua masennusoireisiin<\/p>\n<p class=\"article-content article-content-width !bg-background\">Heidi kertoo olleensa koko kes\u00e4n hyvin ahdistunut ja surullinen oman kehonkuvansa menetyksest\u00e4. Masennusoireet ovat vahvasti l\u00e4sn\u00e4.<\/p>\n<p class=\"article-content article-content-width !bg-background\"> \u2013 Tunnen olevani loukussa omassa rikkin\u00e4isess\u00e4 kehossa. Kaikki tuntuu t\u00e4ll\u00e4 hetkell\u00e4 turhalta ja meinaa olla vaikea innostua mist\u00e4\u00e4n. Saatan viett\u00e4\u00e4 kokonaisen p\u00e4iv\u00e4n tekem\u00e4tt\u00e4 yht\u00e4\u00e4n mit\u00e4\u00e4n ja sitte nukun 3h p\u00e4ikk\u00e4rit, kun oon niin v\u00e4synyt, h\u00e4n kuvailee.<\/p>\n<p class=\"article-content article-content-width !bg-background\">Joulukuun alussa Heidi p\u00e4\u00e4si l\u00e4\u00e4k\u00e4rin vastaanotolle masennusoireidensa takia. H\u00e4n sai l\u00e4hetteen psykiatrin arvioon, mutta toistaiseksi ei ole viel\u00e4 saanut yhteydenottoa.<\/p>\n<p class=\"article-content article-content-width !bg-background\"> \u2013 Tiedostan kyll\u00e4 t\u00e4m\u00e4n hetkisen kriisin hyvinvointialueilla, ett\u00e4 avun piiriin p\u00e4\u00e4seminen on \u00e4lytt\u00f6m\u00e4n vaikeaa, h\u00e4n kirjoittaa.<\/p>\n<p class=\"article-content article-content-width !bg-background\"> \u2013 Toivon silti, ettei t\u00e4ss\u00e4 terapia avun saamisessa menisi kauaa.<\/p>\n<p>        <a itemprop=\"url\" href=\"https:\/\/www.seiska.fi\/terveys\/heidi-foxell-avoimena-terveysoireistaan-pelkaa-aivovammaa\/1905474\" rel=\"nofollow noopener\" target=\"_blank\"><\/p>\n<p>\nAvoimena terveysoireistaan\n<\/p>\n<p class=\"section-date\">\n        <strong class=\"article-section\" data-section=\"terveys\"><br \/>\n            terveys<br \/>\n        <\/strong><br \/>\n        20.8. 18:30\n    <\/p>\n<p>Heidi Foxell avoimena terveysoireistaan: Pelk\u00e4\u00e4 aivovammaa\n    <\/p>\n<p itemprop=\"description\" class=\"subtitle \">\n    Heidi on ollut useita kertoja tajuton vuosien varrella, ja pelk\u00e4\u00e4 hapenpuutteen vaurioittaneen h\u00e4nen aivojaan.\n<\/p>\n<p>        <\/a><\/p>\n<p>N\u00e4in haet apua<\/p>\n<p class=\"article-content article-content-width !bg-background\">Mik\u00e4li sinulla tai l\u00e4heisell\u00e4si on itsetuhoisia ajatuksia, on apua saatavilla.<\/p>\n<p class=\"article-content article-content-width !bg-background\"><a href=\"https:\/\/mieli.fi\/?_gl=1%2A1wn0292%2A_gcl_aw%2AR0NMLjE3Mzg3MzAyMTQuQ2owS0NRaUFrb2U5QmhEWUFSSXNBSDg1Y0RNVndJdWJNRG02Q19JNUoyN1lyT1ZrV0t3aXBHR1UtVDgzT28xU2pBVlZrUWdnUnF6UGwxZ2FBdjV4RUFMd193Y0I.%2A_gcl_au%2AMjExNTgxNTI2Ny4xNzM4NzMwMjEz%2A_ga%2AMjAwNjA3NjEzNi4xNzM4NzMwMjEx%2A_ga_64VTH1GWLG%2AMTczODczMDIxMi4xLjEuMTczODczMDIxMy4wLjAuMA..\" target=\"_blank\" rel=\"nofollow noopener\">Suomen Mielenterveys ry:n Mieli-kriisipuhelin<\/a>\u00a0palvelee ymp\u00e4ri vuorokauden: 09\u202f2525 0111.<\/p>\n<p class=\"article-content article-content-width !bg-background\"><a href=\"https:\/\/sekasin.fi\/\" target=\"_blank\" rel=\"nofollow noopener\">Sekaisin-chat<\/a>\u00a0nuorille palvelee arkisin klo 9\u201324 ja viikonloppuisin klo 15\u201324.<\/p>\n<p class=\"article-content article-content-width !bg-background\">Hengenvaarallisessa tilanteessa soita numeroon 112. Paikkakuntasi p\u00e4ivystykseen tai terveyskeskukseen voi my\u00f6s hakeutua suoraan.<\/p>\n<p class=\"article-content article-content-width !bg-background\">Keskusteluapua vaikeassa el\u00e4m\u00e4ntilanteessa tarjoaa my\u00f6s <a href=\"https:\/\/mieli.fi\/tukea-ja-apua\/mieli-kriisikeskus-helsinki\/\" target=\"_blank\" rel=\"nofollow noopener\">MIELI Kriisikeskus (mieli.fi)<\/a>. Lis\u00e4ksi <a href=\"https:\/\/tukinet.net\/\" target=\"_blank\" rel=\"nofollow noopener\">Tukinet.net<\/a>-sivusto tarjoaa tukea kahdenkeskeisill\u00e4 tai ryhm\u00e4chateill\u00e4.<\/p>\n","protected":false},"excerpt":{"rendered":"ATTE KAJOVA Lukuisat terveysongelmat ovat vaikuttaneet Heidin mielenterveyteen, ja h\u00e4n odottaa p\u00e4\u00e4sy\u00e4 psykiatrin arvioon masennusoireidensa takia. Hyvink\u00e4\u00e4n ampumatapauksessa&hellip;\n","protected":false},"author":2,"featured_media":113050,"comment_status":"","ping_status":"","sticky":false,"template":"","format":"standard","meta":{"footnotes":""},"categories":[130],"tags":[20840,137,33,31,30,2894,1346,32,1652,167,4415,109],"class_list":{"0":"post-113049","1":"post","2":"type-post","3":"status-publish","4":"format-standard","5":"has-post-thumbnail","7":"category-viihde","8":"tag-ampumatapaus","9":"tag-entertainment","10":"tag-fi","11":"tag-finland","12":"tag-finnish","13":"tag-heidi-foxell","14":"tag-mielenterveys","15":"tag-suomi","16":"tag-terapia","17":"tag-terveys","18":"tag-terveysongelmat","19":"tag-viihde"},"share_on_mastodon":{"url":"https:\/\/pubeurope.com\/@fi\/115697422425855599","error":""},"_links":{"self":[{"href":"https:\/\/www.europesays.com\/fi\/wp-json\/wp\/v2\/posts\/113049","targetHints":{"allow":["GET"]}}],"collection":[{"href":"https:\/\/www.europesays.com\/fi\/wp-json\/wp\/v2\/posts"}],"about":[{"href":"https:\/\/www.europesays.com\/fi\/wp-json\/wp\/v2\/types\/post"}],"author":[{"embeddable":true,"href":"https:\/\/www.europesays.com\/fi\/wp-json\/wp\/v2\/users\/2"}],"replies":[{"embeddable":true,"href":"https:\/\/www.europesays.com\/fi\/wp-json\/wp\/v2\/comments?post=113049"}],"version-history":[{"count":0,"href":"https:\/\/www.europesays.com\/fi\/wp-json\/wp\/v2\/posts\/113049\/revisions"}],"wp:featuredmedia":[{"embeddable":true,"href":"https:\/\/www.europesays.com\/fi\/wp-json\/wp\/v2\/media\/113050"}],"wp:attachment":[{"href":"https:\/\/www.europesays.com\/fi\/wp-json\/wp\/v2\/media?parent=113049"}],"wp:term":[{"taxonomy":"category","embeddable":true,"href":"https:\/\/www.europesays.com\/fi\/wp-json\/wp\/v2\/categories?post=113049"},{"taxonomy":"post_tag","embeddable":true,"href":"https:\/\/www.europesays.com\/fi\/wp-json\/wp\/v2\/tags?post=113049"}],"curies":[{"name":"wp","href":"https:\/\/api.w.org\/{rel}","templated":true}]}}