{"id":113051,"date":"2025-12-10T21:37:10","date_gmt":"2025-12-10T21:37:10","guid":{"rendered":"https:\/\/www.europesays.com\/fi\/113051\/"},"modified":"2025-12-10T21:37:10","modified_gmt":"2025-12-10T21:37:10","slug":"kapinalliset-ovat-marssineet-kongon-itaosassa-sijaitsevaan-tarkeaan-kaupunkiin-uutisia-lyhyesti","status":"publish","type":"post","link":"https:\/\/www.europesays.com\/fi\/113051\/","title":{"rendered":"Kapinalliset ovat marssineet Kongon it\u00e4osassa sijaitsevaan t\u00e4rke\u00e4\u00e4n kaupunkiin | Uutisia lyhyesti"},"content":{"rendered":"<p class=\"aw-1gybjub aw-5vja16 kEtdKx kmuxyA yle__article__paragraph\">Kapinallisten eteneminen on saanut naapurimaa Burundin sulkemaan rajansa.<\/p>\n<p class=\"aw-1gybjub aw-1p7kakr kEtdKx cEmitX yle__article__paragraph\">Ruandan tukemat M23-kapinalliset ovat marssineet Kongon demokraattisen tasavallan it\u00e4osassa sijaitsevaan Uviran kaupunkiin.<\/p>\n<p class=\"aw-1gybjub aw-1p7kakr kEtdKx cEmitX yle__article__paragraph\">Uvira on ollut Kongon demokraattisen tasavallan armeijan t\u00e4rke\u00e4 tukikohta Burundin rajan tuntumassa. Se on my\u00f6s toiminut hallinnon p\u00e4\u00e4majana Etel\u00e4-Kivun alueella sen j\u00e4lkeen, kun alueen p\u00e4\u00e4kaupunki Bukavu joutui kapinallisten haltuun helmikuussa.<\/p>\n<p class=\"aw-1gybjub aw-1p7kakr kEtdKx cEmitX yle__article__paragraph\">Uviran kadut olivat keskiviikkona autioita ja liikkeet suljettuina, uutistoimisto AFP kertoo, ja Kongon armeijan sotilaita on paennut kaupungista. Ei ole kuitenkaan selv\u00e4\u00e4, onko Uvira t\u00e4ysin kapinallisten hallinnassa. Asukkaat raportoivat edelleen tulitaisteluista.<\/p>\n<p class=\"aw-1gybjub aw-1p7kakr kEtdKx cEmitX yle__article__paragraph\">Kongon hallituksen l\u00e4hde kertoi Reutersille, ettei armeija aio reagoida suojellakseen siviilej\u00e4.<\/p>\n<p class=\"aw-1gybjub aw-1p7kakr kEtdKx cEmitX yle__article__paragraph\">Kapinallisten eteneminen on saanut naapurimaa Burundin sulkemaan rajansa. Burundin ulkoministeri <strong class=\"aw-ak79eh KyCXm yle__article__strong\">Edouard Bizimana<\/strong> kertoi Radio France Internationalelle keskiviikkona, ett\u00e4 h\u00e4nen maansa on rekister\u00f6inyt yli 30\u00a0000 pakolaista Kongosta kolmen viime p\u00e4iv\u00e4n aikana.<\/p>\n<p class=\"aw-1gybjub aw-1p7kakr kEtdKx cEmitX yle__article__paragraph\">Kapinalliset aloittivat viimeisimm\u00e4n nopean etenemisens\u00e4 Kongon armeijaa vastaan joulukuun alussa \u2013 vain p\u00e4ivi\u00e4 sen j\u00e4lkeen, kun Yhdysvaltain presidentti <strong class=\"aw-ak79eh KyCXm yle__article__strong\">Donald Trump<\/strong>, Ruandan presidentti <strong class=\"aw-ak79eh KyCXm yle__article__strong\">Paul Kagame<\/strong> ja Kongon demokraattisen tasavallan presidentti <strong class=\"aw-ak79eh KyCXm yle__article__strong\">Felix Tshisekedi<\/strong> allekirjoittivat rauhansopimuksen, jolla konflikti Kongon demokraattisen tasavallan it\u00e4osassa pyrittiin lopettamaan.<\/p>\n<p class=\"aw-1gybjub aw-1p7kakr kEtdKx cEmitX yle__article__paragraph\">L\u00e4hteet: Reuters, AFP<\/p>\n","protected":false},"excerpt":{"rendered":"Kapinallisten eteneminen on saanut naapurimaa Burundin sulkemaan rajansa. Ruandan tukemat M23-kapinalliset ovat marssineet Kongon demokraattisen tasavallan it\u00e4osassa sijaitsevaan&hellip;\n","protected":false},"author":2,"featured_media":74,"comment_status":"","ping_status":"","sticky":false,"template":"","format":"standard","meta":{"footnotes":""},"categories":[76],"tags":[804,79,77,33,31,30,4258,8169,8633,32,78,56],"class_list":{"0":"post-113051","1":"post","2":"type-post","3":"status-publish","4":"format-standard","5":"has-post-thumbnail","7":"category-talous","8":"tag-aseelliset-konfliktit","9":"tag-business","10":"tag-economy","11":"tag-fi","12":"tag-finland","13":"tag-finnish","14":"tag-konfliktit","15":"tag-kongon-demokraattinen-tasavalta","16":"tag-ruanda","17":"tag-suomi","18":"tag-talous","19":"tag-ulkomaat"},"share_on_mastodon":{"url":"https:\/\/pubeurope.com\/@fi\/115697434298155514","error":""},"_links":{"self":[{"href":"https:\/\/www.europesays.com\/fi\/wp-json\/wp\/v2\/posts\/113051","targetHints":{"allow":["GET"]}}],"collection":[{"href":"https:\/\/www.europesays.com\/fi\/wp-json\/wp\/v2\/posts"}],"about":[{"href":"https:\/\/www.europesays.com\/fi\/wp-json\/wp\/v2\/types\/post"}],"author":[{"embeddable":true,"href":"https:\/\/www.europesays.com\/fi\/wp-json\/wp\/v2\/users\/2"}],"replies":[{"embeddable":true,"href":"https:\/\/www.europesays.com\/fi\/wp-json\/wp\/v2\/comments?post=113051"}],"version-history":[{"count":0,"href":"https:\/\/www.europesays.com\/fi\/wp-json\/wp\/v2\/posts\/113051\/revisions"}],"wp:featuredmedia":[{"embeddable":true,"href":"https:\/\/www.europesays.com\/fi\/wp-json\/wp\/v2\/media\/74"}],"wp:attachment":[{"href":"https:\/\/www.europesays.com\/fi\/wp-json\/wp\/v2\/media?parent=113051"}],"wp:term":[{"taxonomy":"category","embeddable":true,"href":"https:\/\/www.europesays.com\/fi\/wp-json\/wp\/v2\/categories?post=113051"},{"taxonomy":"post_tag","embeddable":true,"href":"https:\/\/www.europesays.com\/fi\/wp-json\/wp\/v2\/tags?post=113051"}],"curies":[{"name":"wp","href":"https:\/\/api.w.org\/{rel}","templated":true}]}}