{"id":113054,"date":"2025-12-10T21:39:11","date_gmt":"2025-12-10T21:39:11","guid":{"rendered":"https:\/\/www.europesays.com\/fi\/113054\/"},"modified":"2025-12-10T21:39:11","modified_gmt":"2025-12-10T21:39:11","slug":"pariskunnan-tappajakoirien-uhreiksi-joutui-ihmisia-ja-koiria-maarattiin-lopetettavaksi","status":"publish","type":"post","link":"https:\/\/www.europesays.com\/fi\/113054\/","title":{"rendered":"Pariskunnan tappajakoirien uhreiksi joutui ihmisi\u00e4 ja koiria \u2013 M\u00e4\u00e4r\u00e4ttiin lopetettavaksi"},"content":{"rendered":"<p>El\u00e4imiin liittyneet rikokset tapahtuivat huhtikuun 2022 ja toukokuun 2023 v\u00e4lisen\u00e4 aikana Kirkkonummella ja Espoossa. Kotietsinn\u00e4ss\u00e4 paljastui, etteiv\u00e4t koirien olosuhteet olleet mill\u00e4\u00e4n muotoa hyv\u00e4t.<\/p>\n<p><img decoding=\"async\" class=\"image image-show image-preview\" src=\"https:\/\/www.europesays.com\/fi\/wp-content\/uploads\/2025\/12\/8015f0817837828027995ca6a6bddb3caf56fc08d091ae5f9440059eab06cb6d.jpg\" alt=\"\"\/><img decoding=\"async\" class=\"image image-show\" src=\"https:\/\/www.europesays.com\/fi\/wp-content\/uploads\/2025\/12\/1765402751_730_8015f0817837828027995ca6a6bddb3caf56fc08d091ae5f9440059eab06cb6d.jpg\" alt=\"\"\/><\/p>\n<p>Helsingin hovioikeus ei ottanut koiranomistajien valitusta k\u00e4sittelyyn. Eevi Karvinen<\/p>\n<p class=\"paragraph\">Pariskunnan koirat aiheuttivat poikkeuksellisen paljon vaaratilanteita L\u00e4nsi-Uudellamaalla. Koirat m\u00e4\u00e4r\u00e4ttiin lopetettaviksi, kun tapahtumat toistuivat useita kertoja.<\/p>\n<p class=\"paragraph\">Isokokoiset koirat p\u00e4\u00e4siv\u00e4t hy\u00f6kk\u00e4\u00e4m\u00e4\u00e4n muiden koirien ja jopa ihmisten kimppuun. Irti olleet koirat purivat runsaan vuoden aikana ainakin kahta ihmist\u00e4 ja seitsem\u00e4\u00e4 koiraa. Niist\u00e4 kaksi sai niin pahoja puremavammoja, ett\u00e4 ne jouduttiin lopettamaan.<\/p>\n<p class=\"paragraph\">El\u00e4imiin liittyneet rikokset tapahtuivat huhtikuun 2022 ja toukokuun 2023 v\u00e4lisen\u00e4 aikana Kirkkonummella ja Espoossa. Kotietsinn\u00e4ss\u00e4 paljastui, etteiv\u00e4t koirien olosuhteet olleet mill\u00e4\u00e4n muotoa hyv\u00e4t.<\/p>\n<p>Pelk\u00e4si ulkoiluttaa<\/p>\n<p class=\"paragraph\">Koirat p\u00e4\u00e4siv\u00e4t omistajiensa huolimattomuuden vuoksi muiden kimppuun. Tilanteissa kahta koiraa ulkoilutettiin vapaana ilman hihnaa tai ne p\u00e4\u00e4siv\u00e4t karkaamaan asunnosta. Kertaalleen talutin oli hajonnut.<\/p>\n<p class=\"paragraph\">Syyskuussa 2022 mies oli ulkoiluttamassa koiria kadulla ilman hihnaa. Kesken lenkin h\u00e4n nukahti penkille, jolloin koirat p\u00e4\u00e4siv\u00e4t hy\u00f6kk\u00e4\u00e4m\u00e4\u00e4n naisen ja h\u00e4nen koiransa kimppuun.<\/p>\n<p class=\"paragraph\">Koiraa ulkoiluttanut nainen sai puremia molempiin k\u00e4siins\u00e4, kun h\u00e4n yritti irrottaa koiria toisistaan. Nainen sai l\u00e4\u00e4k\u00e4rinhoitoa vaativia verta vuotavia vammoja. H\u00e4nen koiransa jouduttiin lopettamaan.<\/p>\n<p>Toinen koirista oli americanbully. Toinen oli sekoitus americanbullya ja cane corsoa. Kuvituskuva. Wikimedia Commons\/Dlexus<\/p>\n<p class=\"paragraph\">Toukokuussa 2023 pariskunnan nainen ulkoilutti koiriaan Espoossa, jolloin ne p\u00e4\u00e4siv\u00e4t irti ja hy\u00f6kk\u00e4siv\u00e4t kohti kahta muuta koiraa. Pienemm\u00e4n koiran ulkoiluttaja nosti lemmikin ensin syliins\u00e4 ja lopulta pyrki suojaamaan sit\u00e4 menem\u00e4ll\u00e4 maahan sen ymp\u00e4rille. Vihainen koira pyrki tarraamaan hampaillaan ulkoiluttajan k\u00e4dest\u00e4.<\/p>\n<p class=\"paragraph\">Toinen koira meni suojaan oman ulkoiluttajansa jalkojen alle. Molemmat koirat saivat hoitoa vaatineita vammoja ja niiden ulkoiluttajatkin saivat vammoja.<\/p>\n<p class=\"paragraph\">Kun naapuri k\u00e4vi huhtikuussa 2022 huomauttamassa naiselle, ett\u00e4 koirien tulisi olla kytkettyn\u00e4, nainen kutsui koiriaan kilteiksi. K\u00e4r\u00e4j\u00e4oikeuden mukaan pariskunta oli tietoinen el\u00e4intens\u00e4 vaarallisuudesta.<\/p>\n<p class=\"paragraph\">My\u00f6hemmin nainen kertoi, ettei hallinnut omia koiriaan ja pelk\u00e4si itsekin ulkoiluttaa niit\u00e4 yht\u00e4 aikaa. Koirat painoivat noin 25\u201330 kiloa. Nuorempi uroskoira oli amerikanbully ja vanhempi narttu sekoitus cane corsoa ja amerikanbullya.<\/p>\n<p>Koirat lopetettiin<\/p>\n<p class=\"paragraph\">Toukokuisen tapauksen j\u00e4lkeen naisen kotiin tehtiin tarkastus. Sen yhteydess\u00e4 paljastuivat karmeat olot, joissa aggressiivisia el\u00e4imi\u00e4 pidettiin. Lattioilla sek\u00e4 koirien vesi\u00e4mp\u00e4riss\u00e4 oli huumeruiskuja neuloineen. Samalla ilmal\u00e4mp\u00f6pumppu puhalsi asuntoon kuumaa ilmaa.<\/p>\n<p class=\"paragraph\">El\u00e4inl\u00e4\u00e4k\u00e4ri antoi jo elokuussa 2022 pariskunnalle m\u00e4\u00e4r\u00e4yksen pit\u00e4\u00e4 koirat aina kytkettyn\u00e4 taajamassa. Kun hy\u00f6kk\u00e4ykset jatkuivat, el\u00e4inl\u00e4\u00e4k\u00e4ri m\u00e4\u00e4r\u00e4si poliisin lopettamaan molemmat koirat.<\/p>\n<p class=\"paragraph\">L\u00e4nsi-Uudenmaan k\u00e4r\u00e4j\u00e4oikeus tuomitsi pariskunnan lopulta lukuisista rikoksista.<\/p>\n<p class=\"paragraph\">46-vuotias mies tuomittiin kahdesta j\u00e4rjestysrikkomuksesta, kolmesta el\u00e4imen vartioimatta j\u00e4tt\u00e4misest\u00e4, vahingonteosta, vammantuottamuksesta ja huumausainerikoksesta 50 p\u00e4iv\u00e4n ehdolliseen vankeusrangaistukseen.<\/p>\n<p class=\"paragraph\">37-vuotias nainen tuomittiin j\u00e4rjestysrikkomuksesta, kahdesta el\u00e4imen vartioimatta j\u00e4tt\u00e4misest\u00e4, vammantuottamuksesta, liev\u00e4st\u00e4 el\u00e4insuojelurikoksesta ja petoksesta kolmen kuukauden ehdottomaan vankeusrangaistukseen.<\/p>\n<p class=\"paragraph\">Lis\u00e4ksi heid\u00e4t velvoitettiin korvaamaan uhriensa sek\u00e4 heid\u00e4n el\u00e4intens\u00e4 hoitokuluja tuhansien eurojen edest\u00e4.<\/p>\n<p class=\"paragraph\">Mies ja nainen valittivat tuomioistaan Helsingin hovioikeuteen, joka ei my\u00f6nt\u00e4nyt jatkok\u00e4sittelylupaa. K\u00e4r\u00e4j\u00e4tuomio j\u00e4\u00e4 voimaan.<\/p>\n","protected":false},"excerpt":{"rendered":"El\u00e4imiin liittyneet rikokset tapahtuivat huhtikuun 2022 ja toukokuun 2023 v\u00e4lisen\u00e4 aikana Kirkkonummella ja Espoossa. Kotietsinn\u00e4ss\u00e4 paljastui, etteiv\u00e4t koirien&hellip;\n","protected":false},"author":2,"featured_media":113055,"comment_status":"","ping_status":"","sticky":false,"template":"","format":"standard","meta":{"footnotes":""},"categories":[12],"tags":[35,22,23,404,26,27,33,31,30,17,3434,3726,24,25,931,28,29,15,18,21,38,32,19,20,16],"class_list":{"0":"post-113054","1":"post","2":"type-post","3":"status-publish","4":"format-standard","5":"has-post-thumbnail","7":"category-suomi","8":"tag-24h","9":"tag-breaking-news","10":"tag-breakingnews","11":"tag-elaimet","12":"tag-featured-news","13":"tag-featurednews","14":"tag-fi","15":"tag-finland","16":"tag-finnish","17":"tag-headlines","18":"tag-koira","19":"tag-koiraelaimet","20":"tag-latest-news","21":"tag-latestnews","22":"tag-lemmikkielaimet","23":"tag-main-news","24":"tag-mainnews","25":"tag-news","26":"tag-otsikot","27":"tag-paauutiset","28":"tag-rikos","29":"tag-suomi","30":"tag-top-stories","31":"tag-topstories","32":"tag-uutiset"},"share_on_mastodon":{"url":"https:\/\/pubeurope.com\/@fi\/115697442586576815","error":""},"_links":{"self":[{"href":"https:\/\/www.europesays.com\/fi\/wp-json\/wp\/v2\/posts\/113054","targetHints":{"allow":["GET"]}}],"collection":[{"href":"https:\/\/www.europesays.com\/fi\/wp-json\/wp\/v2\/posts"}],"about":[{"href":"https:\/\/www.europesays.com\/fi\/wp-json\/wp\/v2\/types\/post"}],"author":[{"embeddable":true,"href":"https:\/\/www.europesays.com\/fi\/wp-json\/wp\/v2\/users\/2"}],"replies":[{"embeddable":true,"href":"https:\/\/www.europesays.com\/fi\/wp-json\/wp\/v2\/comments?post=113054"}],"version-history":[{"count":0,"href":"https:\/\/www.europesays.com\/fi\/wp-json\/wp\/v2\/posts\/113054\/revisions"}],"wp:featuredmedia":[{"embeddable":true,"href":"https:\/\/www.europesays.com\/fi\/wp-json\/wp\/v2\/media\/113055"}],"wp:attachment":[{"href":"https:\/\/www.europesays.com\/fi\/wp-json\/wp\/v2\/media?parent=113054"}],"wp:term":[{"taxonomy":"category","embeddable":true,"href":"https:\/\/www.europesays.com\/fi\/wp-json\/wp\/v2\/categories?post=113054"},{"taxonomy":"post_tag","embeddable":true,"href":"https:\/\/www.europesays.com\/fi\/wp-json\/wp\/v2\/tags?post=113054"}],"curies":[{"name":"wp","href":"https:\/\/api.w.org\/{rel}","templated":true}]}}