{"id":113058,"date":"2025-12-10T21:52:10","date_gmt":"2025-12-10T21:52:10","guid":{"rendered":"https:\/\/www.europesays.com\/fi\/113058\/"},"modified":"2025-12-10T21:52:10","modified_gmt":"2025-12-10T21:52:10","slug":"elina-gustafsson-lensi-pyoran-selasta-mongoliassa","status":"publish","type":"post","link":"https:\/\/www.europesays.com\/fi\/113058\/","title":{"rendered":"Elina Gustafsson lensi py\u00f6r\u00e4n sel\u00e4st\u00e4 Mongoliassa"},"content":{"rendered":"<p>            Timo Korhonen\n        <\/p>\n<p class=\"subtitle \">Elina lensi pahanp\u00e4iv\u00e4isesti py\u00f6r\u00e4ns\u00e4 sel\u00e4st\u00e4 Mongolian-reissullaan.<\/p>\n<p class=\"article-content article-content-width !bg-background\"> Ex-nyrkkeilij\u00e4  matkusti kes\u00e4ll\u00e4 Mongoliaan py\u00f6r\u00e4reissulle yst\u00e4v\u00e4ns\u00e4  kanssa.<\/p>\n<p class=\"article-content article-content-width !bg-background\">Parivaljakko py\u00f6r\u00e4ili kaikkiaan huimat 1 200 kilometri\u00e4 yhdess\u00e4 retkikuntansa kanssa Mongolian vuorten ja tasankojen keskell\u00e4. Elina dokumentoi rutistuksen tapansa mukaan sosiaaliseen mediaan.<\/p>\n<p class=\"article-content article-content-width !bg-background\">H\u00e4n kuitenkin joutui matkalla my\u00f6s tapaturmaan, josta h\u00e4n kertoo nyt sosiaalisessa mediassa.<\/p>\n<p>        <a itemprop=\"url\" href=\"https:\/\/www.seiska.fi\/kotimaa\/elina-gustafssonilta-raadollinen-tilitys-takana-rankat-kokemukset\/1998083\" rel=\"nofollow noopener\" target=\"_blank\"><\/p>\n<p>\nTakana rankat ajat\n<\/p>\n<p class=\"section-date\">\n        <strong class=\"article-section\" data-section=\"kotimaa\"><br \/>\n            kotimaa<br \/>\n        <\/strong><br \/>\n        20.11. 08:00\n    <\/p>\n<p>Elina Gustafssonilta raadollinen tilitys \u2013 takana rankat kokemukset\n    <\/p>\n<p itemprop=\"description\" class=\"subtitle \">\n    Elina kertoo avoimesti k\u00e4yneens\u00e4 l\u00e4pi raskaita aikoja.\n<\/p>\n<p>        <\/a><\/p>\n<p class=\"article-content article-content-width !bg-background\">Elina jakoi Instagram-sivullaan videon, joka p\u00e4\u00e4ttyy ep\u00e4tasaiseen liikkeeseen. Julkaisun viimeisen\u00e4 on kuva Elinan jaloista kesken kaatumisen.<\/p>\n<p class=\"article-content article-content-width !bg-background\"> \u2013 Oon unohtanu n\u00e4ytt\u00e4\u00e4 mun vuoden luontokuvan: ellun kananlento sarvien yli mongoliassa, h\u00e4n kirjoittaa kuvatekstiss\u00e4.<\/p>\n<p>&#8221;Kuolen onnellisena&#8221;<\/p>\n<p class=\"article-content article-content-width !bg-background\">Elina kertoo kaatuneensa, kun h\u00e4nen vauhtinsa oli yltynyt hiukan liian nopeasti, eik\u00e4 h\u00e4n ehtinyt reagoida tiell\u00e4 olleeseen kivenmurikkaan.<\/p>\n<p class=\"article-content article-content-width !bg-background\"> \u2013 Tiesin et kohta menn\u00e4\u00e4n ja kerkesin ilmalennon aikana kelata el\u00e4m\u00e4n l\u00e4pi, ottaa kuvan jalasta joka sojottaa kohti taivasta, tajuta et kuolen onnellisena ja jos yrit\u00e4n osua maahan selk\u00e4 edell\u00e4 niin toivoa viel\u00e4 on, h\u00e4n muistelee.<\/p>\n<p class=\"article-content article-content-width !bg-background\">Reaktiokyky toimi onneksi itse kaatumistilanteessa.<\/p>\n<p class=\"article-content article-content-width !bg-background\"> \u2013 Onni onnettomuudessa, mulle ei k\u00e4ynyt mit\u00e4\u00e4n. Kerkesin k\u00e4\u00e4nt\u00e4\u00e4 yl\u00e4sel\u00e4n ekana maahan niin ei mennyt k\u00e4det eik\u00e4 naama ja matka sai jatkua.<\/p>\n<p>        <a itemprop=\"url\" href=\"https:\/\/www.seiska.fi\/kotimaa\/elina-gustafssonilta-vihjaileva-paivitys-intohimoa-ja-voimaa\/2017114\" rel=\"nofollow noopener\" target=\"_blank\"><\/p>\n<p>\nVihjaileva p\u00e4ivitys\n<\/p>\n<p class=\"section-date\">\n        <strong class=\"article-section\" data-section=\"kotimaa\"><br \/>\n            kotimaa<br \/>\n        <\/strong><br \/>\n        9.12. 20:30\n    <\/p>\n<p>Elina Gustafssonilta vihjaileva p\u00e4ivitys: &#8221;Intohimoa ja voimaa&#8221;\n    <\/p>\n<p itemprop=\"description\" class=\"subtitle \">\n    Elina kertoo el\u00e4m\u00e4ns\u00e4 muuttuvan, kun vuosi vaihtuu.\n<\/p>\n<p>        <\/a><\/p>\n<p class=\"article-content article-content-width !bg-background\">Ellu my\u00f6nt\u00e4\u00e4 kaatumiskuvan ollut todellisuudessa vahinko.<\/p>\n<p class=\"article-content article-content-width !bg-background\">\u2013 Mut siit\u00e4 tuli aika hieno! Jos ikin\u00e4 teen valokuvan\u00e4yttely\u00e4, niin t\u00e4\u00e4 on kansikuva, h\u00e4n naureskelee.<\/p>\n<p>Tapaturmia takana<\/p>\n<p class=\"article-content article-content-width !bg-background\">Elina on k\u00e4ynyt aiemminkin extreme-matkoilla, ja kev\u00e4\u00e4ll\u00e4 2023 h\u00e4n joutui hurjaan tilanteeseen, joka olisi voinut p\u00e4\u00e4tty\u00e4 kohtalokkaasti.<\/p>\n<p class=\"article-content article-content-width !bg-background\">Nepaliin reissannut Ellu huiputti\u00a06189-metrisen Island Peakin. Kyseess\u00e4 oli aloittelijoille sopiva vuori.\u00a0Huipulta alas p\u00e4\u00e4seminen ei kuitenkaan sujunut sutjakkaasti.\u00a0<\/p>\n<p class=\"article-content article-content-width !bg-background\"> \u2013 M\u00e4 laskeuduin alasp\u00e4in, kun yht\u00e4kki\u00e4 musta tuntui et naru petti ja lensin 10 metri\u00e4 alasp\u00e4in p\u00e4\u00e4 edell\u00e4 isoja kivilohkareita alasp\u00e4in. pys\u00e4hdyin 5metri\u00e4 ennen j\u00e4\u00e4railoa\u2026, h\u00e4n kertoi tuolloin.<\/p>\n<p class=\"article-content article-content-width !bg-background\">Nepalin-tuliaisena Elina toikin kotiin selk\u00e4rankavammoja, joista h\u00e4n joutui kuntoutumaan.<\/p>\n<p>        <a itemprop=\"url\" href=\"https:\/\/www.seiska.fi\/kotimaa\/elina-gustafsson-joutui-sairaalaan-selkaranka-pllunpareina\/109981\" rel=\"nofollow noopener\" target=\"_blank\"><\/p>\n<p>\nKATSO KUVAT\n<\/p>\n<p class=\"section-date\">\n        <strong class=\"article-section\" data-section=\"kotimaa\"><br \/>\n            kotimaa<br \/>\n        <\/strong><br \/>\n        20.4.2023 09:09\n    <\/p>\n<p>Elina Gustafsson joutui sairaalaan: &#8221;Selk\u00e4ranka p*llunp\u00e4rein\u00e4&#8221;\n    <\/p>\n<p>        <\/a><\/p>\n","protected":false},"excerpt":{"rendered":"Timo Korhonen Elina lensi pahanp\u00e4iv\u00e4isesti py\u00f6r\u00e4ns\u00e4 sel\u00e4st\u00e4 Mongolian-reissullaan. Ex-nyrkkeilij\u00e4 matkusti kes\u00e4ll\u00e4 Mongoliaan py\u00f6r\u00e4reissulle yst\u00e4v\u00e4ns\u00e4 kanssa. Parivaljakko py\u00f6r\u00e4ili kaikkiaan&hellip;\n","protected":false},"author":2,"featured_media":113059,"comment_status":"","ping_status":"","sticky":false,"template":"","format":"standard","meta":{"footnotes":""},"categories":[136],"tags":[407,1874,137,33,31,30,408,4811,4544,1478,14293,1178,20841,16132,4311,32,14287,4808,167,109],"class_list":{"0":"post-113058","1":"post","2":"type-post","3":"status-publish","4":"format-standard","5":"has-post-thumbnail","7":"category-julkkikset","8":"tag-celebrities","9":"tag-elina-gustafsson","10":"tag-entertainment","11":"tag-fi","12":"tag-finland","13":"tag-finnish","14":"tag-julkkikset","15":"tag-kaatuminen","16":"tag-matka","17":"tag-matkailu","18":"tag-mongolia","19":"tag-onnettomuus","20":"tag-polkupyora","21":"tag-pyora","22":"tag-pyoraily","23":"tag-suomi","24":"tag-susani-mahadura","25":"tag-tapaturma","26":"tag-terveys","27":"tag-viihde"},"share_on_mastodon":{"url":"https:\/\/pubeurope.com\/@fi\/115697493166543670","error":""},"_links":{"self":[{"href":"https:\/\/www.europesays.com\/fi\/wp-json\/wp\/v2\/posts\/113058","targetHints":{"allow":["GET"]}}],"collection":[{"href":"https:\/\/www.europesays.com\/fi\/wp-json\/wp\/v2\/posts"}],"about":[{"href":"https:\/\/www.europesays.com\/fi\/wp-json\/wp\/v2\/types\/post"}],"author":[{"embeddable":true,"href":"https:\/\/www.europesays.com\/fi\/wp-json\/wp\/v2\/users\/2"}],"replies":[{"embeddable":true,"href":"https:\/\/www.europesays.com\/fi\/wp-json\/wp\/v2\/comments?post=113058"}],"version-history":[{"count":0,"href":"https:\/\/www.europesays.com\/fi\/wp-json\/wp\/v2\/posts\/113058\/revisions"}],"wp:featuredmedia":[{"embeddable":true,"href":"https:\/\/www.europesays.com\/fi\/wp-json\/wp\/v2\/media\/113059"}],"wp:attachment":[{"href":"https:\/\/www.europesays.com\/fi\/wp-json\/wp\/v2\/media?parent=113058"}],"wp:term":[{"taxonomy":"category","embeddable":true,"href":"https:\/\/www.europesays.com\/fi\/wp-json\/wp\/v2\/categories?post=113058"},{"taxonomy":"post_tag","embeddable":true,"href":"https:\/\/www.europesays.com\/fi\/wp-json\/wp\/v2\/tags?post=113058"}],"curies":[{"name":"wp","href":"https:\/\/api.w.org\/{rel}","templated":true}]}}