{"id":113060,"date":"2025-12-10T21:59:08","date_gmt":"2025-12-10T21:59:08","guid":{"rendered":"https:\/\/www.europesays.com\/fi\/113060\/"},"modified":"2025-12-10T21:59:08","modified_gmt":"2025-12-10T21:59:08","slug":"f-liigassa-on-edelleen-pelannut-vedonlyonnista-rangaistuja-pelaajia-taustalla-yksinkertainen-keino-urheilua-lyhyesti","status":"publish","type":"post","link":"https:\/\/www.europesays.com\/fi\/113060\/","title":{"rendered":"F-liigassa on edelleen pelannut vedonly\u00f6nnist\u00e4 rangaistuja pelaajia \u2013 taustalla yksinkertainen keino | Urheilua lyhyesti"},"content":{"rendered":"<p class=\"aw-1gybjub aw-5vja16 kEtdKx kmuxyA yle__article__paragraph\">Rangaistuksen t\u00e4yt\u00e4nt\u00f6\u00f6npano voidaan valitus\u00adlautakunnan p\u00e4\u00e4t\u00f6ksell\u00e4 keskeytt\u00e4\u00e4. Valitusaika vedonly\u00f6nti\u00adskandaalin pelikielto\u00adrangaistuksista p\u00e4\u00e4ttyy t\u00e4n\u00e4\u00e4n keskiviikkona.<\/p>\n<p><img decoding=\"async\" alt=\"Suomi voitti kultaa salibandyn MM-kisoissa 2024. Kuvituskuva Suomen ottelusta. \" src=\"https:\/\/www.europesays.com\/fi\/wp-content\/uploads\/2025\/12\/39-14832476852ce747560d.jpeg\" class=\"aw-1l9m598 hKVVvP\"\/><\/p>\n<p>Avaa kuvien katselu<\/p>\n<p>Salibandynpelaaja on valituksen tekem\u00e4ll\u00e4 voinut jatkaa pelaamista, vaikka h\u00e4nelle olisi tuomittu vedonly\u00f6ntivilppiin liittyen pelikieltoa. Kuva: Viktor K\u00e4llberg \/ IFF<\/p>\n<p class=\"aw-1gybjub aw-1p7kakr kEtdKx cEmitX yle__article__paragraph\">Salibandyn vedonly\u00f6ntiskandaalissa pelikieltorangaistuksen saanut pelaaja on saattanut p\u00e4\u00e4st\u00e4 pelaamaan, jos h\u00e4n on valittanut rangaistuksesta liiton valituslautakuntaan.<\/p>\n<p class=\"aw-1gybjub aw-1p7kakr kEtdKx cEmitX yle__article__paragraph\">Viime viikon alussa ilmoitettujen pelikieltojen oli m\u00e4\u00e4r\u00e4 tulla voimaan saman tien eli 3. joulukuuta alkaen.<\/p>\n<p class=\"aw-1gybjub aw-1p7kakr kEtdKx cEmitX yle__article__paragraph\">Esimerkiksi keskiviikkona miesten F-liigan ottelussa on pelannut yksi pelaaja, jonka seura on kertonut saaneen pelikieltoa. Yle Urheilun tietojen mukaan kilpailukieltoon m\u00e4\u00e4r\u00e4ttyj\u00e4 pelaajia on ollut mukana kokoonpanoissa my\u00f6s viime viikonloppuna.<\/p>\n<p class=\"aw-1gybjub aw-1p7kakr kEtdKx cEmitX yle__article__paragraph\">F-liigan toimitusjohtaja <strong class=\"aw-ak79eh KyCXm yle__article__strong\">Kimmo Nurminen<\/strong> kertoo, ett\u00e4 Salibandyliiton valituslautakunta k\u00e4sittelee kaikki valitukset ja on mahdollista, ett\u00e4 rangaistuksen t\u00e4yt\u00e4nt\u00f6\u00f6npano voidaan keskeytt\u00e4\u00e4.<\/p>\n<p class=\"aw-1gybjub aw-1p7kakr kEtdKx cEmitX yle__article__paragraph\">\u2013 Se on toistaiseksi voimassa aina siihen asti, kunnes valituslautakunta varsinaisen valituksen k\u00e4sittelee.<\/p>\n<p class=\"aw-1gybjub aw-1p7kakr kEtdKx cEmitX yle__article__paragraph\">Nurmisen mukaan valituslautakunta arvioi tapauskohtaisesti, onko rangaistuksen keskeytykseen aihetta vai pystyt\u00e4\u00e4nk\u00f6 valitus ev\u00e4\u00e4m\u00e4\u00e4n heti. Lautakuntaan kuuluu viisi j\u00e4sent\u00e4, jotka on valittu Salibandyliiton valtuuston kokouksessa.<\/p>\n<p class=\"aw-1gybjub aw-1p7kakr kEtdKx cEmitX yle__article__paragraph\">Valitusaika viime viikon alussa julkaistuihin kurinpitop\u00e4\u00e4t\u00f6ksiin vedonly\u00f6nti\u00e4 koskevien s\u00e4\u00e4nt\u00f6jen rikkomisesta p\u00e4\u00e4ttyy t\u00e4n\u00e4\u00e4n keskiviikkona puolilta\u00f6in. Nurminen ei tarkenna, kuinka moni pelaaja on t\u00e4h\u00e4n menness\u00e4 valituksen j\u00e4tt\u00e4nyt.<\/p>\n<p class=\"aw-1gybjub aw-1p7kakr kEtdKx cEmitX yle__article__paragraph\">Kysymykseen siit\u00e4, kauanko valitusten k\u00e4sitteleminen ja samalla rangaistusten v\u00e4likainen keskeytt\u00e4minen vie aikaa, Nurminen ei osaa viel\u00e4 vastata. Se riippuu siit\u00e4, paljonko valituksia tulee.<\/p>\n<p class=\"aw-1gybjub aw-1p7kakr kEtdKx cEmitX yle__article__paragraph\">\u2013 Kuitenkaan tarpeettomasti valituslautakunta ei varmasti t\u00e4t\u00e4 k\u00e4sittely\u00e4 aio pitkitt\u00e4\u00e4.<\/p>\n<p class=\"aw-1gybjub aw-1p7kakr kEtdKx cEmitX yle__article__paragraph\">Salibandyliitto m\u00e4\u00e4r\u00e4si vedonly\u00f6ntirikkomuksista vuosilta 2021\u20132025 kilpailukieltoon 80 henkil\u00f6\u00e4 3. joulukuuta alkaen. Pelikieltojen pituus vaihteli kahdesta kuukaudesta puoleen vuoteen, mutta suuri enemmist\u00f6 eli 73 henkil\u00f6\u00e4 sai kahden kuukauden rangaistuksen.<\/p>\n","protected":false},"excerpt":{"rendered":"Rangaistuksen t\u00e4yt\u00e4nt\u00f6\u00f6npano voidaan valitus\u00adlautakunnan p\u00e4\u00e4t\u00f6ksell\u00e4 keskeytt\u00e4\u00e4. Valitusaika vedonly\u00f6nti\u00adskandaalin pelikielto\u00adrangaistuksista p\u00e4\u00e4ttyy t\u00e4n\u00e4\u00e4n keskiviikkona. Avaa kuvien katselu Salibandynpelaaja on valituksen&hellip;\n","protected":false},"author":2,"featured_media":113061,"comment_status":"","ping_status":"","sticky":false,"template":"","format":"standard","meta":{"footnotes":""},"categories":[158],"tags":[5476,33,31,30,5472,159,32,160,14983],"class_list":{"0":"post-113060","1":"post","2":"type-post","3":"status-publish","4":"format-standard","5":"has-post-thumbnail","7":"category-urheilu","8":"tag-f-liiga-miehet","9":"tag-fi","10":"tag-finland","11":"tag-finnish","12":"tag-salibandy","13":"tag-sports","14":"tag-suomi","15":"tag-urheilu","16":"tag-urheilurangaistus"},"share_on_mastodon":{"url":"https:\/\/pubeurope.com\/@fi\/115697521272569991","error":""},"_links":{"self":[{"href":"https:\/\/www.europesays.com\/fi\/wp-json\/wp\/v2\/posts\/113060","targetHints":{"allow":["GET"]}}],"collection":[{"href":"https:\/\/www.europesays.com\/fi\/wp-json\/wp\/v2\/posts"}],"about":[{"href":"https:\/\/www.europesays.com\/fi\/wp-json\/wp\/v2\/types\/post"}],"author":[{"embeddable":true,"href":"https:\/\/www.europesays.com\/fi\/wp-json\/wp\/v2\/users\/2"}],"replies":[{"embeddable":true,"href":"https:\/\/www.europesays.com\/fi\/wp-json\/wp\/v2\/comments?post=113060"}],"version-history":[{"count":0,"href":"https:\/\/www.europesays.com\/fi\/wp-json\/wp\/v2\/posts\/113060\/revisions"}],"wp:featuredmedia":[{"embeddable":true,"href":"https:\/\/www.europesays.com\/fi\/wp-json\/wp\/v2\/media\/113061"}],"wp:attachment":[{"href":"https:\/\/www.europesays.com\/fi\/wp-json\/wp\/v2\/media?parent=113060"}],"wp:term":[{"taxonomy":"category","embeddable":true,"href":"https:\/\/www.europesays.com\/fi\/wp-json\/wp\/v2\/categories?post=113060"},{"taxonomy":"post_tag","embeddable":true,"href":"https:\/\/www.europesays.com\/fi\/wp-json\/wp\/v2\/tags?post=113060"}],"curies":[{"name":"wp","href":"https:\/\/api.w.org\/{rel}","templated":true}]}}