{"id":113066,"date":"2025-12-10T22:04:09","date_gmt":"2025-12-10T22:04:09","guid":{"rendered":"https:\/\/www.europesays.com\/fi\/113066\/"},"modified":"2025-12-10T22:04:09","modified_gmt":"2025-12-10T22:04:09","slug":"putin-huolestui-mita-kiina-aikoo","status":"publish","type":"post","link":"https:\/\/www.europesays.com\/fi\/113066\/","title":{"rendered":"Putin huolestui: Mit\u00e4 Kiina aikoo?"},"content":{"rendered":"<p>T\u00e4h\u00e4n artikkeliin on koottu Ukrainan sodan keskeisimm\u00e4t tapahtumat keskiviikolta 10. joulukuuta 2025. Kyseess\u00e4 on sodan 1386. p\u00e4iv\u00e4.<\/p>\n<ul>\n<li>Ukraina: Ven\u00e4j\u00e4n alueita on k\u00e4yt\u00e4nn\u00f6ss\u00e4 alistettu Kiinan kontrolliin.<\/li>\n<li>Brittisotilas sai surmansa Ukrainassa.<\/li>\n<li>Ukrainan presidentti Zelenskyi sanoo olevansa valmis j\u00e4rjest\u00e4m\u00e4\u00e4n vaalit.<\/li>\n<\/ul>\n<p>Ven\u00e4j\u00e4ll\u00e4 her\u00e4si huoli: Suunnitteleeko Kiina aluevaltauksia?<\/p>\n<p class=\"paragraph\">Kiinan viimeaikaiset toimet ovat her\u00e4tt\u00e4neet spekulaatioita siit\u00e4, voisiko maa ottaa haltuunsa raja-alueita Ven\u00e4j\u00e4lt\u00e4, kirjoittaa <a href=\"https:\/\/www.newsweek.com\/china-is-slowly-taking-back-lost-territory-from-russia-11180044\" target=\"_blank\" rel=\"noopener nofollow\">Newsweek.<\/a><\/p>\n<p class=\"paragraph\"><a href=\"https:\/\/www.newsweek.com\/map-russian-territory-china-annex-fsb-2082706\" target=\"_blank\" rel=\"noopener nofollow\">Kes\u00e4kuussa New York Timesille<\/a> vuodetun Ven\u00e4j\u00e4n turvallisuuspalvelun (FSB) raportin mukaan presidentti <a href=\"https:\/\/www.iltalehti.fi\/henkilot\/Vladimir Putin\" class=\"article-link-person-page\" rel=\"nofollow noopener\" target=\"_blank\">Vladimir Putin<\/a> pelk\u00e4\u00e4 Kiinan aikovan vallata alueita Ven\u00e4j\u00e4lt\u00e4. Vaikka maiden suhteet ovat tiivistyneet, Kiinan aikomukset her\u00e4tt\u00e4v\u00e4t Ven\u00e4j\u00e4ss\u00e4 syv\u00e4\u00e4 huolta.<\/p>\n<p class=\"paragraph\">Ven\u00e4j\u00e4n huolet koskevat osaa Kaukoid\u00e4n alueista, mukaan lukien Vladivostokin satamakaupunkia. N\u00e4m\u00e4 alueet Kiina menetti Qing-dynastian aikana Ven\u00e4j\u00e4n keisarikunnalle. Newsweek kirjoittaa, ett\u00e4 kiinalaisnationalistit vaativat nyt avoimesti alueiden \u201dpalauttamista\u201d.<\/p>\n<p class=\"paragraph\">Vaikka Ven\u00e4j\u00e4n ja Kiinan suhteet ovat tiivistyneet entisest\u00e4\u00e4n, molemmat suhtautuvat toistensa kansalaisiin ja etenkin tiedusteluun hyvin ep\u00e4ilev\u00e4isesti.<\/p>\n<p class=\"paragraph\">Taustalla vaikuttaa maiden suhteen ep\u00e4tasapainoisuus: Kiina hy\u00f6tyy tiiviist\u00e4 valtasuhteestaan Ven\u00e4j\u00e4\u00e4n, joka on joutunut kauppaamaan arvokkaita ja v\u00e4h\u00e4isi\u00e4 resurssejaan voidakseen jatkaa hy\u00f6kk\u00e4yssotaansa.<\/p>\n<p><img decoding=\"async\" class=\"image image-show image-preview\" src=\"https:\/\/www.europesays.com\/fi\/wp-content\/uploads\/2025\/12\/27962c8964f968819d4b03fc79db1d590b5b8d3907967894caa659fe23b6f82d.jpg\" alt=\"\"\/><img decoding=\"async\" class=\"image image-show\" src=\"https:\/\/www.europesays.com\/fi\/wp-content\/uploads\/2025\/12\/1765404249_845_27962c8964f968819d4b03fc79db1d590b5b8d3907967894caa659fe23b6f82d.jpg\" alt=\"\"\/><\/p>\n<p>Ven\u00e4j\u00e4 pelk\u00e4\u00e4 Kiinan presidentti Xin (kuvassa) silm\u00e4ilev\u00e4n alueitaan, kirjoittavat Newsweek ja New York Times. EPA \/ AOP<\/p>\n<p class=\"paragraph\">Samaan aikaan talousvaikeuksista k\u00e4rsiv\u00e4n Kiinan johtaja <a href=\"https:\/\/www.iltalehti.fi\/henkilot\/Xi Jinping\" class=\"article-link-person-page\" rel=\"nofollow noopener\" target=\"_blank\">Xi Jinping<\/a> kaipaa kipe\u00e4sti resursseja pit\u00e4\u00e4kseen kansan tyytyv\u00e4isen\u00e4. Ukrainan presidentti <a href=\"https:\/\/www.iltalehti.fi\/henkilot\/Volodymyr Zelenskyi\" class=\"article-link-person-page\" rel=\"nofollow noopener\" target=\"_blank\">Volodymyr Zelenskyin<\/a> mukaan osa Ven\u00e4j\u00e4n alueista on k\u00e4yt\u00e4nn\u00f6ss\u00e4 alistettu Kiinan kontrolliin.<\/p>\n<p class=\"paragraph\">Ven\u00e4j\u00e4n biosodank\u00e4ynnist\u00e4 kirjoittanut <strong>John Lonergan<\/strong> arvioi hein\u00e4kuussa The Hilliss\u00e4, ett\u00e4 Kiina voisi kehyst\u00e4\u00e4 Siperiaan kohdistuvan hy\u00f6kk\u00e4yksen \u201derikoisoperaatioksi\u201d.<\/p>\n<p class=\"paragraph\">Newsweekin mukaan osa asiantuntijoista pit\u00e4\u00e4 huolia liioiteltuna, vaikka Kiinan ja Ven\u00e4j\u00e4n suhteet ovat l\u00e4hentyess\u00e4\u00e4n kiristyneet. L\u00e4nsimaiden ennusteista ja arkisista kahinoista suuria erimielisyyksi\u00e4 ei ole n\u00e4kyviss\u00e4, sanoo Defense Priorities -ajatushautomon <strong>Lyle Goldstein<\/strong>.<\/p>\n<p class=\"paragraph\">Xi pit\u00e4\u00e4 Ven\u00e4j\u00e4\u00e4 korvaamattomana kumppanina Yhdysvaltojen valtakauden j\u00e4lkeisen maailmanj\u00e4rjestyksen rakentamisessa, sanoo Hudson-instituutin asiantuntija <strong>Patrick Cronin<\/strong>.<\/p>\n<p class=\"paragraph\">Samaan aikaan Kiina toisaalta &#8221;n\u00e4ytt\u00e4\u00e4 selv\u00e4sti olevan valmis laajentamaan vaikutusvaltaansa yhteisill\u00e4 rajaseuduillaan r\u00f6yhkeiden kyberhy\u00f6kk\u00e4ysten ja opportunististen toimien avulla ankkuroidakseen itsens\u00e4 Ven\u00e4j\u00e4n yh\u00e4 heikkenev\u00e4\u00e4n talouteen\u201d, Cronin sanoo.<\/p>\n<p>T\u00e4rkeiden liittolaisten v\u00e4lill\u00e4 on my\u00f6s j\u00e4nnitteit\u00e4. Putin ja Xi tapasivat syyskuussa Pekingiss\u00e4. EPA \/ AOP<\/p>\n<p>Ukraina: Ven\u00e4j\u00e4n alueita k\u00e4yt\u00e4nn\u00f6ss\u00e4 alistettu Kiinan hallintaan<\/p>\n<p class=\"paragraph\">Ukrainan presidentti Volodymyr Zelenskyi kertoo komentaneensa ulkomaantiedustelupalvelun (SZRU) seuraamaan entist\u00e4 tarkemmin Ven\u00e4j\u00e4n ja Kiinan v\u00e4lisi\u00e4 suhteita.<\/p>\n<p class=\"paragraph\">Zelenskyin mukaan on kasvava trendi, ett\u00e4 osa Ven\u00e4j\u00e4n alueista luovuttaa alueellisen itsem\u00e4\u00e4r\u00e4\u00e4misoikeutensa Kiinalle. Presidentti perustaa tietonsa SZRU:n johtajan <strong>Oleh Iva\u0161t\u0161enkon<\/strong> raporttiin, jonka mukaan Ven\u00e4j\u00e4 antaa resurssirikkaita maitaan ja alueiden v\u00e4h\u00e4isi\u00e4 resurssejaan Kiinalle.<\/p>\n<p class=\"paragraph\">\u2013 Kiina on ryhtym\u00e4ss\u00e4 toimiin tehostaakseen yhteisty\u00f6t\u00e4 Ven\u00e4j\u00e4n kanssa my\u00f6s sotateollisuussektorilla, Zelenskyi kirjoittaa <a href=\"https:\/\/x.com\/ZelenskyyUa\/status\/1998733101967556852\" target=\"_blank\" rel=\"noopener nofollow\">X:ss\u00e4.<\/a><\/p>\n<p>Brittisotilas sai surmansa Ukrainassa<\/p>\n<p class=\"paragraph\">Ison-Britannian asevoimien sotilas on saanut surmansa Ukrainassa. Asiasta kertoo BBC sek\u00e4 maan puolustusministeri\u00f6 viestipalvelu X:ss\u00e4.<\/p>\n<p class=\"paragraph\">Sotilas sai surmansa Ukrainassa tiistaiaamuna sattuneessa onnettomuudessa h\u00e4nen seurattuaan Ukrainan uuden puolustusj\u00e4rjestelm\u00e4n testausta. Onnettomuus tapahtui kaukana etulinjasta eik\u00e4 se BBC:n tietojen mukaan johtunut \u201dvihamielisest\u00e4 toiminnasta\u201d.<\/p>\n<p class=\"paragraph\">P\u00e4\u00e4ministeri <a href=\"https:\/\/www.iltalehti.fi\/henkilot\/Keir Starmer\" class=\"article-link-person-page\" rel=\"nofollow noopener\" target=\"_blank\">Keir Starmer<\/a> sek\u00e4 puolustusministeri <a href=\"https:\/\/www.iltalehti.fi\/henkilot\/John Healey\" class=\"article-link-person-page\" rel=\"nofollow noopener\" target=\"_blank\">John Healey<\/a> esittiv\u00e4t omaisille surunvalittelunsa.<\/p>\n<p class=\"paragraph\">Kyseess\u00e4 on ensimm\u00e4inen julkisesti vahvistettu brittil\u00e4isen sotilaan kuolema Ukrainassa sitten t\u00e4ysimittaisen hy\u00f6kk\u00e4yssodan alkamisen helmikuussa 2022.<\/p>\n<p class=\"paragraph\">Ison-Britannian hallitus ei ole vahvistanut sen Ukrainassa olevien sotilaiden lukum\u00e4\u00e4r\u00e4\u00e4, mutta on aiemmin my\u00f6nt\u00e4nyt, ett\u00e4 maassa on pieni m\u00e4\u00e4r\u00e4 sotilaita tukemassa Ukrainan asevoimia sek\u00e4 turvaamassa diplomaattihenkil\u00f6st\u00f6\u00e4.<\/p>\n<p>Trump antoi Zelenskyille jouluaattoon asti aikaa hyv\u00e4ksy\u00e4 rauhanehdot<\/p>\n<p class=\"paragraph\">Yhdysvaltain presidentti <a href=\"https:\/\/www.iltalehti.fi\/henkilot\/Donald Trump\" class=\"article-link-person-page\" rel=\"nofollow noopener\" target=\"_blank\">Donald Trump<\/a> <a href=\"https:\/\/www.telegraph.co.uk\/world-news\/2025\/12\/09\/trump-zelensky-must-accept-peace-deal-ukraine-losing\/\" target=\"_blank\" rel=\"noopener nofollow\">vaatii<\/a> Ukrainan presidentti Volodymyr Zelenskyi\u00e4 hyv\u00e4ksym\u00e4\u00e4n Yhdysvaltain v\u00e4litt\u00e4m\u00e4n rauhanehdotuksen jouluun menness\u00e4.<\/p>\n<p class=\"paragraph\">Trumpin l\u00e4hettil\u00e4\u00e4t <a href=\"https:\/\/www.iltalehti.fi\/henkilot\/Jared Kushner\" class=\"article-link-person-page\" rel=\"nofollow noopener\" target=\"_blank\">Jared Kushner<\/a> ja <a href=\"https:\/\/www.iltalehti.fi\/henkilot\/Steve Witkoff\" class=\"article-link-person-page\" rel=\"nofollow noopener\" target=\"_blank\">Steve Witkoff<\/a> v\u00e4littiv\u00e4t varoituksen kaksi tuntia kest\u00e4neess\u00e4 puhelussa, joka tapahtui sen j\u00e4lkeen kun neuvottelut Ven\u00e4j\u00e4n presidentti Vladimir Putinin kanssa olivat p\u00e4\u00e4ttyneet.<\/p>\n<p class=\"paragraph\">Trump arvioi, ett\u00e4 Ukraina \u201dlopulta taipuu\u201d Ven\u00e4j\u00e4lle, ellei rauhansopimusta synny, ja moitti eurooppalaisia johtajia heikkoudesta.<\/p>\n<p class=\"paragraph\">Ukraina sanoo Trumpin hallinnon painostavan Kiovaa alueellisiin my\u00f6nnytyksiin ilman selkeit\u00e4 turvallisuustakuita.<\/p>\n<p class=\"paragraph\">Zelenskyi kiert\u00e4\u00e4 parhaillaan Euroopassa rakentaakseen vaihtoehtoista rauhanmallia ja vaatii Yhdysvalloilta Naton viidennen artiklan tyylisi\u00e4 turvatakuita ennen mahdollisia alueluovutuksia.<\/p>\n<p>Zelenskyi valmis j\u00e4rjest\u00e4m\u00e4\u00e4n vaalit<\/p>\n<p class=\"paragraph\">Ukrainan presidentti Volodymyr Zelenskyi ilmoittaa olevansa valmis j\u00e4rjest\u00e4m\u00e4\u00e4n maassa presidentinvaalit, jos sen kansainv\u00e4liset kumppanit voivat taata turvallisuuden \u00e4\u00e4nestyksen aikana.<\/p>\n<p class=\"paragraph\">Ukrainan presidentti kertoi asiasta lehdist\u00f6tilaisuudessa Ukrainska Pravdan <a href=\"https:\/\/www.pravda.com.ua\/eng\/news\/2025\/12\/09\/8011129\/\" target=\"_blank\" rel=\"noopener nofollow\">mukaan<\/a>.<\/p>\n<p class=\"paragraph\">H\u00e4n sanoo olevansa valmis tekem\u00e4\u00e4n muutoksia Ukrainan vaalilakeihin, jotta ne sallivat vaalien j\u00e4rjest\u00e4misen sotatilan aikana.<\/p>\n<p class=\"paragraph\">Zelenskyin mukaan vaalien j\u00e4rjest\u00e4misess\u00e4 on kiinnitett\u00e4v\u00e4 huomiota niiden turvallisuusj\u00e4rjestelyihin erityisesti Ven\u00e4j\u00e4n ilmaiskujen varalta. Toinen ratkaistava ongelma on se, kuinka maan asevoimien on mahdollista \u00e4\u00e4nest\u00e4\u00e4.<\/p>\n<p class=\"paragraph\">Zelenskyi pyyt\u00e4\u00e4 Yhdysvalloilta sek\u00e4 eurooppalaisilta kumppanimailtaan apua vaalien turvallisuuden varmistamiseen, jotta Ukraina voisi j\u00e4rjest\u00e4\u00e4 vaalit seuraavien 60\u201390 p\u00e4iv\u00e4n kuluessa.<\/p>\n<p class=\"paragraph\">Lis\u00e4ksi h\u00e4n pyyt\u00e4\u00e4 Ukrainan parlamenttia valmistamaan lains\u00e4\u00e4d\u00e4nt\u00f6ehdotuksia ja muutoksia maan vaalilakeihin.<\/p>\n","protected":false},"excerpt":{"rendered":"T\u00e4h\u00e4n artikkeliin on koottu Ukrainan sodan keskeisimm\u00e4t tapahtumat keskiviikolta 10. joulukuuta 2025. Kyseess\u00e4 on sodan 1386. p\u00e4iv\u00e4. Ukraina:&hellip;\n","protected":false},"author":2,"featured_media":113067,"comment_status":"","ping_status":"","sticky":false,"template":"","format":"standard","meta":{"footnotes":""},"categories":[14],"tags":[35,22,23,26,27,33,31,30,17,24,25,28,29,15,18,21,142,637,144,32,19,20,56,16,638,1262,59,60,61],"class_list":{"0":"post-113066","1":"post","2":"type-post","3":"status-publish","4":"format-standard","5":"has-post-thumbnail","7":"category-ulkomaat","8":"tag-24h","9":"tag-breaking-news","10":"tag-breakingnews","11":"tag-featured-news","12":"tag-featurednews","13":"tag-fi","14":"tag-finland","15":"tag-finnish","16":"tag-headlines","17":"tag-latest-news","18":"tag-latestnews","19":"tag-main-news","20":"tag-mainnews","21":"tag-news","22":"tag-otsikot","23":"tag-paauutiset","24":"tag-poliitikot","25":"tag-politiikka","26":"tag-presidentti","27":"tag-suomi","28":"tag-top-stories","29":"tag-topstories","30":"tag-ulkomaat","31":"tag-uutiset","32":"tag-valtiovalta","33":"tag-venajan-politiikka","34":"tag-world","35":"tag-world-news","36":"tag-worldnews"},"share_on_mastodon":{"url":"https:\/\/pubeurope.com\/@fi\/115697540799971955","error":""},"_links":{"self":[{"href":"https:\/\/www.europesays.com\/fi\/wp-json\/wp\/v2\/posts\/113066","targetHints":{"allow":["GET"]}}],"collection":[{"href":"https:\/\/www.europesays.com\/fi\/wp-json\/wp\/v2\/posts"}],"about":[{"href":"https:\/\/www.europesays.com\/fi\/wp-json\/wp\/v2\/types\/post"}],"author":[{"embeddable":true,"href":"https:\/\/www.europesays.com\/fi\/wp-json\/wp\/v2\/users\/2"}],"replies":[{"embeddable":true,"href":"https:\/\/www.europesays.com\/fi\/wp-json\/wp\/v2\/comments?post=113066"}],"version-history":[{"count":0,"href":"https:\/\/www.europesays.com\/fi\/wp-json\/wp\/v2\/posts\/113066\/revisions"}],"wp:featuredmedia":[{"embeddable":true,"href":"https:\/\/www.europesays.com\/fi\/wp-json\/wp\/v2\/media\/113067"}],"wp:attachment":[{"href":"https:\/\/www.europesays.com\/fi\/wp-json\/wp\/v2\/media?parent=113066"}],"wp:term":[{"taxonomy":"category","embeddable":true,"href":"https:\/\/www.europesays.com\/fi\/wp-json\/wp\/v2\/categories?post=113066"},{"taxonomy":"post_tag","embeddable":true,"href":"https:\/\/www.europesays.com\/fi\/wp-json\/wp\/v2\/tags?post=113066"}],"curies":[{"name":"wp","href":"https:\/\/api.w.org\/{rel}","templated":true}]}}