{"id":113068,"date":"2025-12-10T22:05:09","date_gmt":"2025-12-10T22:05:09","guid":{"rendered":"https:\/\/www.europesays.com\/fi\/113068\/"},"modified":"2025-12-10T22:05:09","modified_gmt":"2025-12-10T22:05:09","slug":"suomen-rakastetuimpiin-kuuluva-joululaulu-putosi-lauluvihkosta-tassa-syy","status":"publish","type":"post","link":"https:\/\/www.europesays.com\/fi\/113068\/","title":{"rendered":"Suomen rakastetuimpiin kuuluva joululaulu putosi lauluvihkosta \u2013 T\u00e4ss\u00e4 syy"},"content":{"rendered":"<p>Kirkko ja kaupunki -lehden haastattelun mukaan Sylvian joululaulu ei sovi kanttorien mielest\u00e4 tilaisuuksiin.<\/p>\n<p><img decoding=\"async\" class=\"image image-show image-preview\" src=\"https:\/\/www.europesays.com\/fi\/wp-content\/uploads\/2025\/12\/8ae17d95f5e7628482c019d9d8ff74377b4b5238dbf4a4f4d9cdda7a6052b29f.jpg\" alt=\"\"\/><img decoding=\"async\" class=\"image image-show\" src=\"https:\/\/www.europesays.com\/fi\/wp-content\/uploads\/2025\/12\/1765404309_691_8ae17d95f5e7628482c019d9d8ff74377b4b5238dbf4a4f4d9cdda7a6052b29f.jpg\" alt=\"\"\/><\/p>\n<p>Kuvituskuva kirkosta. Ismo Pekkarinen, AOP<\/p>\n<p class=\"paragraph\">Sylvian joululaulu poistettiin t\u00e4m\u00e4n vuoden Kauneimmat joululaulut -lauluvihkosta. Asiasta kertoo <a href=\"https:\/\/www.kirkkojakaupunki.fi\/-\/perinteinen-sylvian-joululaulu-jai-pois-kauneimmat-joululaulut-vihkosta-\" rel=\"noopener nofollow\" target=\"_blank\">Kirkko ja kaupunki<\/a> -lehti.<\/p>\n<p class=\"paragraph\">Suomen L\u00e4hetysseuran varainhankinnan p\u00e4\u00e4llikk\u00f6 <strong>Hanna Kalanne<\/strong> on ollut mukana valitsemassa lauluja lauluvihkoon. H\u00e4n kommentoi haastattelussa, ett\u00e4 raadin tekem\u00e4n p\u00e4\u00e4t\u00f6ksen taustalla on kanttorien antama palaute.<\/p>\n<p class=\"paragraph\">\u2013 Kanttorien suunnalta on tullut sellaista viesti\u00e4, ett\u00e4 Sylvian joululaulu ei toimi yhteislauluna kovin hyvin.\u00a0Lis\u00e4ksi lauluvihkoon toivottiin enemm\u00e4n kansainv\u00e4lisi\u00e4 joululauluja, Kalanne kommentoi Kirkko ja Kaupungille.<\/p>\n<p class=\"paragraph\">Artikkelissa kerrotaan, ett\u00e4 l\u00e4hetysseura on saanut jo jonkin verran palautetta kappaleen poistamisesta.<\/p>\n<p class=\"paragraph\">Lauluvihkossa on 28 laulua, joista 9 vaihtuivat t\u00e4n\u00e4 vuonna uusiin. Mukana ovat nyt muun muassa Hyv\u00e4n joulun toivotus ( We Wish You a Merry Christmas ), Ensimm\u00e4inen joulu (The First Noel) ja Kuului laulu enkelten (Les Anges dans nos campagnes). Lauluvihkoon j\u00e4tettiin perinteiset kappaleet, kuten Maa on niin kaunis ja Arkihuolesi kaikki heit\u00e4.<\/p>\n<p class=\"paragraph\">Sylvian joululaulu on \u00e4\u00e4nestetty usein Suomen rakastetuimpien joululaulujen joukkoon. Sylvian joululaulu on s\u00e4velletty vuonna 1918. Sanat ovat per\u00e4isin <a href=\"https:\/\/www.iltalehti.fi\/henkilot\/Zachris Topelius\" class=\"article-link-person-page\" rel=\"nofollow noopener\" target=\"_blank\">Zacharias Topeliuksen<\/a> runosta, jonka <a href=\"https:\/\/www.iltalehti.fi\/henkilot\/Karl Collan\" class=\"article-link-person-page\" rel=\"nofollow noopener\" target=\"_blank\">Karl Collan<\/a> s\u00e4velsi joululauluksi.<\/p>\n<p class=\"paragraph\">Kauneimmat joululaulut on joka vuosi j\u00e4rjestett\u00e4v\u00e4 joululaulutapahtuma. Kirkko ja Suomen l\u00e4hetysseura is\u00e4nn\u00f6iv\u00e4t tilaisuuksia eri tiloissa, kuten kirkoissa ja kauppakeskuksissa. Tapahtuma on j\u00e4rjestetty ensimm\u00e4isen kerran vuonna 1973. Tapahtuma j\u00e4rjestet\u00e4\u00e4n t\u00e4n\u00e4 vuonna 50. kerran. Tapahtuman avulla ker\u00e4t\u00e4\u00e4n my\u00f6s varoja kehittyvien maiden k\u00f6yhimpien ihmisten auttamiseksi.<\/p>\n","protected":false},"excerpt":{"rendered":"Kirkko ja kaupunki -lehden haastattelun mukaan Sylvian joululaulu ei sovi kanttorien mielest\u00e4 tilaisuuksiin. Kuvituskuva kirkosta. Ismo Pekkarinen, AOP&hellip;\n","protected":false},"author":2,"featured_media":113069,"comment_status":"","ping_status":"","sticky":false,"template":"","format":"standard","meta":{"footnotes":""},"categories":[12],"tags":[35,22,23,26,27,33,31,30,17,3674,763,99,24,25,28,29,47,15,18,21,32,397,484,19,20,16],"class_list":{"0":"post-113068","1":"post","2":"type-post","3":"status-publish","4":"format-standard","5":"has-post-thumbnail","7":"category-suomi","8":"tag-24h","9":"tag-breaking-news","10":"tag-breakingnews","11":"tag-featured-news","12":"tag-featurednews","13":"tag-fi","14":"tag-finland","15":"tag-finnish","16":"tag-headlines","17":"tag-juhla-ja-vapaapaivat","18":"tag-kulttuuri-ja-viihde","19":"tag-lapset","20":"tag-latest-news","21":"tag-latestnews","22":"tag-main-news","23":"tag-mainnews","24":"tag-musiikki","25":"tag-news","26":"tag-otsikot","27":"tag-paauutiset","28":"tag-suomi","29":"tag-taide","30":"tag-taiteellinen-ilmaisu-ja-mediat","31":"tag-top-stories","32":"tag-topstories","33":"tag-uutiset"},"share_on_mastodon":{"url":"https:\/\/pubeurope.com\/@fi\/115697544554729651","error":""},"_links":{"self":[{"href":"https:\/\/www.europesays.com\/fi\/wp-json\/wp\/v2\/posts\/113068","targetHints":{"allow":["GET"]}}],"collection":[{"href":"https:\/\/www.europesays.com\/fi\/wp-json\/wp\/v2\/posts"}],"about":[{"href":"https:\/\/www.europesays.com\/fi\/wp-json\/wp\/v2\/types\/post"}],"author":[{"embeddable":true,"href":"https:\/\/www.europesays.com\/fi\/wp-json\/wp\/v2\/users\/2"}],"replies":[{"embeddable":true,"href":"https:\/\/www.europesays.com\/fi\/wp-json\/wp\/v2\/comments?post=113068"}],"version-history":[{"count":0,"href":"https:\/\/www.europesays.com\/fi\/wp-json\/wp\/v2\/posts\/113068\/revisions"}],"wp:featuredmedia":[{"embeddable":true,"href":"https:\/\/www.europesays.com\/fi\/wp-json\/wp\/v2\/media\/113069"}],"wp:attachment":[{"href":"https:\/\/www.europesays.com\/fi\/wp-json\/wp\/v2\/media?parent=113068"}],"wp:term":[{"taxonomy":"category","embeddable":true,"href":"https:\/\/www.europesays.com\/fi\/wp-json\/wp\/v2\/categories?post=113068"},{"taxonomy":"post_tag","embeddable":true,"href":"https:\/\/www.europesays.com\/fi\/wp-json\/wp\/v2\/tags?post=113068"}],"curies":[{"name":"wp","href":"https:\/\/api.w.org\/{rel}","templated":true}]}}