{"id":113088,"date":"2025-12-10T22:44:08","date_gmt":"2025-12-10T22:44:08","guid":{"rendered":"https:\/\/www.europesays.com\/fi\/113088\/"},"modified":"2025-12-10T22:44:08","modified_gmt":"2025-12-10T22:44:08","slug":"hussi-kertoo-iloisen-uutisen","status":"publish","type":"post","link":"https:\/\/www.europesays.com\/fi\/113088\/","title":{"rendered":"Hussi kertoo iloisen uutisen"},"content":{"rendered":"<p>Mediapersoona <strong>Janni Hussi<\/strong> tekee ty\u00f6kseen montaa eri asiaa. H\u00e4n on muun muassa rallikartturi, juontaja ja h\u00e4nen sometilill\u00e4\u00e4n on paljon seuraajia. H\u00e4n on my\u00f6s luotsannut podcastia Sana on vapaa yhdess\u00e4 <strong>Sointu Borgin<\/strong> kanssa jo useamman vuoden ajan. Siihen liittyy Jannin sometilill\u00e4\u00e4n kertoma iloinen uutinen.<\/p>\n<p>\u2013 110 000 kertaa kiitos! Me ollaan j\u00e4lleen t\u00e4n\u00e4 vuonna Sana on vapaa -podcastin kanssa Podimon kuunnelluin podi. K\u00e4rkipaikka on pysynyt kaikkina vuosina, kun ollaan oltu olemassa. Kiitos teille ett\u00e4 kuuntelette meid\u00e4n jorinoita!\u00a0paljastaa Janni.<\/p>\n<p>Hussi kertoo, kuinka podcastia on julkaistu pian kolmen vuoden ajan.<\/p>\n<p>\u2013 Me ollaan kohta kolme vuotta putkeen julkaistu jokainen viikko uusi jakso. Siihen on jos jonkunlaista aihetta ja juttua mahtunut. V\u00e4lill\u00e4 ollaan naurettu vedet silmiss\u00e4, joskus avattu itse\u00e4mme hyvinkin raa\u2019asti ja toisinaan p\u00e4\u00e4sty keskustelemaan mielenkiintoisista aiheita meid\u00e4n mielett\u00f6mien vieraiden kanssa!<\/p>\n<p>Sointu saa julkaisussa kiitokset siit\u00e4, kuinka Jannilla on ollut mukavaa tehd\u00e4 h\u00e4nen kanssaan t\u00e4t\u00e4 podcastia.<\/p>\n<p>\u2013 Oot fiksu, ter\u00e4v\u00e4 ja suorasanainen. Oot ihana kun sukellat kaninkoloihis, josta saan sut tulla repim\u00e4\u00e4n pois ja joskus sukeltaa per\u00e4\u00e4nkin. Ja oon onnekas, ett\u00e4 ty\u00f6parin lis\u00e4ks saan kutsua sua my\u00f6s mun yst\u00e4v\u00e4ksi, kertoo Hussi.<\/p>\n<p>Lue my\u00f6s: <a href=\"https:\/\/www.voice.fi\/viihde\/topi-ja-sointu-borg-saavat-oman-tv-sarjan\" title=\"Topi ja Sointu Borg saavat oman tv-sarjan\" class=\"underline-custom !font-montserrat !font-bold !underline-offset-4 !decoration-4 !decoration-tilt-light !text-md\" rel=\"nofollow noopener\" target=\"_blank\">Topi ja Sointu Borg saavat oman tv-sarjan<\/a><\/p>\n<p>Julkaisuun on tullut paljon onnitteluita.<\/p>\n<p>N\u00e4et Jannin julkaisun my\u00f6s <a href=\"https:\/\/www.instagram.com\/p\/DSFpB3FiIlX\/?utm_source=ig_web_copy_link&amp;igsh=MzRlODBiNWFlZA==\" target=\"_blank\" rel=\"noreferrer noopener nofollow\">t\u00e4\u00e4lt\u00e4<\/a>.<\/p>\n<p>\t\t\t<script async src=\"\/\/www.instagram.com\/embed.js\"><\/script><\/p>\n","protected":false},"excerpt":{"rendered":"Mediapersoona Janni Hussi tekee ty\u00f6kseen montaa eri asiaa. H\u00e4n on muun muassa rallikartturi, juontaja ja h\u00e4nen sometilill\u00e4\u00e4n on&hellip;\n","protected":false},"author":2,"featured_media":113089,"comment_status":"","ping_status":"","sticky":false,"template":"","format":"standard","meta":{"footnotes":""},"categories":[136],"tags":[407,137,33,31,30,2597,408,32,109],"class_list":{"0":"post-113088","1":"post","2":"type-post","3":"status-publish","4":"format-standard","5":"has-post-thumbnail","7":"category-julkkikset","8":"tag-celebrities","9":"tag-entertainment","10":"tag-fi","11":"tag-finland","12":"tag-finnish","13":"tag-janni-hussi","14":"tag-julkkikset","15":"tag-suomi","16":"tag-viihde"},"share_on_mastodon":{"url":"https:\/\/pubeurope.com\/@fi\/115697697545712933","error":""},"_links":{"self":[{"href":"https:\/\/www.europesays.com\/fi\/wp-json\/wp\/v2\/posts\/113088","targetHints":{"allow":["GET"]}}],"collection":[{"href":"https:\/\/www.europesays.com\/fi\/wp-json\/wp\/v2\/posts"}],"about":[{"href":"https:\/\/www.europesays.com\/fi\/wp-json\/wp\/v2\/types\/post"}],"author":[{"embeddable":true,"href":"https:\/\/www.europesays.com\/fi\/wp-json\/wp\/v2\/users\/2"}],"replies":[{"embeddable":true,"href":"https:\/\/www.europesays.com\/fi\/wp-json\/wp\/v2\/comments?post=113088"}],"version-history":[{"count":0,"href":"https:\/\/www.europesays.com\/fi\/wp-json\/wp\/v2\/posts\/113088\/revisions"}],"wp:featuredmedia":[{"embeddable":true,"href":"https:\/\/www.europesays.com\/fi\/wp-json\/wp\/v2\/media\/113089"}],"wp:attachment":[{"href":"https:\/\/www.europesays.com\/fi\/wp-json\/wp\/v2\/media?parent=113088"}],"wp:term":[{"taxonomy":"category","embeddable":true,"href":"https:\/\/www.europesays.com\/fi\/wp-json\/wp\/v2\/categories?post=113088"},{"taxonomy":"post_tag","embeddable":true,"href":"https:\/\/www.europesays.com\/fi\/wp-json\/wp\/v2\/tags?post=113088"}],"curies":[{"name":"wp","href":"https:\/\/api.w.org\/{rel}","templated":true}]}}