{"id":113092,"date":"2025-12-10T22:52:10","date_gmt":"2025-12-10T22:52:10","guid":{"rendered":"https:\/\/www.europesays.com\/fi\/113092\/"},"modified":"2025-12-10T22:52:10","modified_gmt":"2025-12-10T22:52:10","slug":"prinsessa-madeleinen-anoppi-eva-oneill-ryhtyy-toimittajaksi","status":"publish","type":"post","link":"https:\/\/www.europesays.com\/fi\/113092\/","title":{"rendered":"Prinsessa Madeleinen anoppi Eva O&#8217;Neill ryhtyy toimittajaksi"},"content":{"rendered":"<p>            AOP\n        <\/p>\n<p class=\"subtitle \">O&#8217;Neillien perhe on usein esiintynyt brittil\u00e4isen lifestyle-lehden palstoilla, ja nyt Eva O&#8217;Neill astuu aivan uudenlaiseen rooliin.<\/p>\n<p class=\"article-content article-content-width !bg-background\">Prinsessa  anoppi ja  \u00e4iti  on Lontoon seurapiirien ykk\u00f6snimi\u00e4 ja varakas kuin mik\u00e4. Silti h\u00e4nest\u00e4 ei paljoa tiedet\u00e4.<\/p>\n<p class=\"font-weight-bold m-font-weight-bold article-content article-content-width !bg-background\">Arkistovideo: prinsessa Madeleine New Yorkissa<\/p>\n<p class=\"article-content article-content-width !bg-background\">Eva on pit\u00e4nyt matalaa profiilia, eik\u00e4 suomalaisessa mediassa ole juuri tietoa h\u00e4nest\u00e4. Edes Ruotsissa h\u00e4n ei ole valtavan tunnettu, ja n\u00e4ht\u00e4v\u00e4sti Isossa-Britanniassakin h\u00e4n tunnettu l\u00e4hinn\u00e4 varakkaiden ja ylh\u00e4isten piireiss\u00e4.<\/p>\n<p class=\"article-content article-content-width !bg-background\">Mystisen Evan tarkkaa ik\u00e4\u00e4k\u00e4\u00e4n ei tiedet\u00e4. H\u00e4n kuitenkin\u00a0tuntee kaikki, jotka kannattaa tuntea. H\u00e4n ja h\u00e4nen tytt\u00e4rens\u00e4 ovat seurapiirin suurpelaajia.\u00a0<\/p>\n<p>Tyt\u00e4r ammatinvalinnanohjaajana?<\/p>\n<p class=\"article-content article-content-width !bg-background\"><a href=\"https:\/\/www.svenskdam.se\/kungligt\/eva-oneills-nya-jobb-avslojat-som-journalist\/11175866\" target=\"_blank\" rel=\"nofollow noopener\">Svensk Damin mukaan Evan toinen tyt\u00e4r eli yksi Chrisin sisarpuolista Natascha Abensperg und Traun on aiemmin ollut Tattlerin toimittajana<\/a>.<\/p>\n<p>        <a itemprop=\"url\" href=\"https:\/\/www.seiska.fi\/kuninkaalliset\/prinsessa-madeleinelta-harvinainen-paljastus-kuvat-julki\/1967618\" rel=\"nofollow noopener\" target=\"_blank\"><\/p>\n<p>\nKuvat julki!\n<\/p>\n<p class=\"section-date\">\n        <strong class=\"article-section\" data-section=\"kuninkaalliset\"><br \/>\n            kuninkaalliset<br \/>\n        <\/strong><br \/>\n        22.10. 16:30\n    <\/p>\n<p>Prinsessa Madeleinelta harvinainen paljastus \u2013 kuvat julki\n    <\/p>\n<p itemprop=\"description\" class=\"subtitle \">\n    Prinsessa avasi julkisuuden verhoa ja latasi nettiin kuvan, jonka sis\u00e4lt\u00f6 hovin mielest\u00e4 kuuluisi yksityisyyteen.\n<\/p>\n<p>        <\/a><\/p>\n<p class=\"article-content article-content-width !bg-background\">Kyseess\u00e4 on arvostettu lehti ja painava rooli \u2013 jossa Natascha ty\u00f6skenteli ennen naimisiinmenoaan kreivi  kanssa. Tattlerin aihepiiriin kuuluvat jalosukuiset, varakkaat, seurapiirit, luksus-el\u00e4m\u00e4ntyyli, muoti, ravintolat ja matkailu.<\/p>\n<p class=\"article-content article-content-width !bg-background\">Nyt Eva ottaa toimittajan paikan Tattlerissa.<\/p>\n<p>Evan matkaopas ja sivumaininta Silviasta.<\/p>\n<p class=\"article-content article-content-width !bg-background\">Luultavasti Eva ei kuitenkaan hypp\u00e4\u00e4 aivan perustoimittajaksi.\u00a0<a href=\"https:\/\/www.tatler.com\/article\/guide-mozart-salzburg-summer-austria\" target=\"_blank\" rel=\"nofollow noopener\">H\u00e4n kirjoitti hein\u00e4kuussa Tattleriin matkaoppaan synnyinmaahansa It\u00e4valtaan<\/a>.<\/p>\n<p>        <a itemprop=\"url\" href=\"https:\/\/www.seiska.fi\/kuninkaalliset\/chris-oneillin-uuden-firman-tulos-nolla-kruunua\/1850411\" rel=\"nofollow noopener\" target=\"_blank\"><\/p>\n<p>\nFirman tulos:\n<\/p>\n<p class=\"section-date\">\n        <strong class=\"article-section\" data-section=\"kuninkaalliset\"><br \/>\n            kuninkaalliset<br \/>\n        <\/strong><br \/>\n        27.6. 20:00\n    <\/p>\n<p>Chris O&#8217;Neillin uuden firman tulos: Nolla kruunua!\n    <\/p>\n<p itemprop=\"description\" class=\"subtitle \">\n    Prinsessa Madeleinen puoliso osasi jo ennustaa, ett\u00e4 aivan viel\u00e4 ei ly\u00f6d\u00e4 rahoiksi.\n<\/p>\n<p>        <\/a><\/p>\n<p class=\"article-content article-content-width !bg-background\">Hienostorouvan siteet maahan ovat edelleen vahvat.\u00a0H\u00e4n j\u00e4rjest\u00e4\u00e4 joka vuosi musiikkitapahtuman ja hyv\u00e4ntekev\u00e4isyysgaalan Amadeus Weekend, jota oli perustamassa.<\/p>\n<p>                <img decoding=\"async\" src=\"https:\/\/www.europesays.com\/fi\/wp-content\/uploads\/2025\/12\/2017790.webp\" width=\"576\" height=\"927\" alt=\"Eva ja Silvia kuvattiin toissa kes\u00e4n\u00e4 yhdess\u00e4 Salzburgissa oopperaviikonloppuna. Molempien syntym\u00e4kotikieli on saksa.\" loading=\"lazy\" \/>            <\/p>\n<p>\n            Eva ja Silvia kuvattiin toissa kes\u00e4n\u00e4 yhdess\u00e4 Salzburgissa oopperaviikonloppuna. Molempien syntym\u00e4kotikieli on saksa.<br \/>\n            AOP\n        <\/p>\n<p class=\"article-content article-content-width !bg-background\">Tekstiss\u00e4 ei mainita, ett\u00e4 Eva on Ruotsin prinsessan anoppi. Kuningattaren h\u00e4n kuitenkin mainitsee.  on ahkera oopperaviikonlopun k\u00e4vij\u00e4 Salzburgissa, ja Eva nostaa sen esiin:<\/p>\n<p class=\"article-content article-content-width !bg-background\">\u2013 Perustamani Amadeus Weekend on houkutellut merkitt\u00e4vi\u00e4 vierailijoita ymp\u00e4ri maailmaa, Englannin kuninkaasta Ruotsin kuninkaaseen ja kuningattareen.<\/p>\n<p>        <a itemprop=\"url\" href=\"https:\/\/www.seiska.fi\/kuninkaalliset\/kuningatar-silvian-tilanteessa-kaanne\/2016933\" rel=\"nofollow noopener\" target=\"_blank\"><\/p>\n<p>\nKuningatar Silvia\n<\/p>\n<p class=\"section-date\">\n        <strong class=\"article-section\" data-section=\"kuninkaalliset\"><br \/>\n            kuninkaalliset<br \/>\n        <\/strong><br \/>\n        12:56\n    <\/p>\n<p>Kuningatar Silvian tilanteessa k\u00e4\u00e4nne\n    <\/p>\n<p itemprop=\"description\" class=\"subtitle \">\n    Kuningatar on 81-vuotias, mutta painaan tiukasti t\u00f6it\u00e4. Pysyyk\u00f6 terveys per\u00e4ss\u00e4?\n<\/p>\n<p>        <\/a><\/p>\n","protected":false},"excerpt":{"rendered":"AOP O&#8217;Neillien perhe on usein esiintynyt brittil\u00e4isen lifestyle-lehden palstoilla, ja nyt Eva O&#8217;Neill astuu aivan uudenlaiseen rooliin. Prinsessa&hellip;\n","protected":false},"author":2,"featured_media":113093,"comment_status":"","ping_status":"","sticky":false,"template":"","format":"standard","meta":{"footnotes":""},"categories":[130],"tags":[1177,17935,20844,137,20845,33,31,30,4550,212,20846,3431,20847,110,20848,6395,32,109],"class_list":{"0":"post-113092","1":"post","2":"type-post","3":"status-publish","4":"format-standard","5":"has-post-thumbnail","7":"category-viihde","8":"tag-aiti","9":"tag-anoppi","10":"tag-chris-oneill","11":"tag-entertainment","12":"tag-eva-oneill","13":"tag-fi","14":"tag-finland","15":"tag-finnish","16":"tag-kuningatar-silvia","17":"tag-lifestyle","18":"tag-mystinen","19":"tag-prinsessa-madeleine","20":"tag-rikas","21":"tag-ruotsi","22":"tag-seurapiiri","23":"tag-seurapiirikaunotar","24":"tag-suomi","25":"tag-viihde"},"share_on_mastodon":{"url":"https:\/\/pubeurope.com\/@fi\/115697729176824031","error":""},"_links":{"self":[{"href":"https:\/\/www.europesays.com\/fi\/wp-json\/wp\/v2\/posts\/113092","targetHints":{"allow":["GET"]}}],"collection":[{"href":"https:\/\/www.europesays.com\/fi\/wp-json\/wp\/v2\/posts"}],"about":[{"href":"https:\/\/www.europesays.com\/fi\/wp-json\/wp\/v2\/types\/post"}],"author":[{"embeddable":true,"href":"https:\/\/www.europesays.com\/fi\/wp-json\/wp\/v2\/users\/2"}],"replies":[{"embeddable":true,"href":"https:\/\/www.europesays.com\/fi\/wp-json\/wp\/v2\/comments?post=113092"}],"version-history":[{"count":0,"href":"https:\/\/www.europesays.com\/fi\/wp-json\/wp\/v2\/posts\/113092\/revisions"}],"wp:featuredmedia":[{"embeddable":true,"href":"https:\/\/www.europesays.com\/fi\/wp-json\/wp\/v2\/media\/113093"}],"wp:attachment":[{"href":"https:\/\/www.europesays.com\/fi\/wp-json\/wp\/v2\/media?parent=113092"}],"wp:term":[{"taxonomy":"category","embeddable":true,"href":"https:\/\/www.europesays.com\/fi\/wp-json\/wp\/v2\/categories?post=113092"},{"taxonomy":"post_tag","embeddable":true,"href":"https:\/\/www.europesays.com\/fi\/wp-json\/wp\/v2\/tags?post=113092"}],"curies":[{"name":"wp","href":"https:\/\/api.w.org\/{rel}","templated":true}]}}