{"id":113098,"date":"2025-12-10T22:57:10","date_gmt":"2025-12-10T22:57:10","guid":{"rendered":"https:\/\/www.europesays.com\/fi\/113098\/"},"modified":"2025-12-10T22:57:10","modified_gmt":"2025-12-10T22:57:10","slug":"tuore-tieto-suomalaisista-varusmiehista-pohjakosketus-otettu","status":"publish","type":"post","link":"https:\/\/www.europesays.com\/fi\/113098\/","title":{"rendered":"Tuore tieto suomalaisista varusmiehist\u00e4: Pohjakosketus otettu"},"content":{"rendered":"<p>Tuoreiden testitulosten mukaan koululaisten ja varusmiesten fyysisen toimintakyvyn my\u00f6nteinen kehitys jatkuu.<\/p>\n<p><img decoding=\"async\" class=\"image image-show image-preview\" src=\"https:\/\/www.europesays.com\/fi\/wp-content\/uploads\/2025\/12\/d71395e379a4d56a3d7a21a2e9a011ba121a310f13e750f9810ebe2a2eed1141.jpg\" alt=\"\"\/><img decoding=\"async\" class=\"image image-show\" src=\"https:\/\/www.europesays.com\/fi\/wp-content\/uploads\/2025\/12\/1765407430_725_d71395e379a4d56a3d7a21a2e9a011ba121a310f13e750f9810ebe2a2eed1141.jpg\" alt=\"\"\/><\/p>\n<p>Varusmiesten kest\u00e4vyysjuoksukunto on nousussa. Kuvituskuva. JAAKKO STENROOS \/ AOP<\/p>\n<p class=\"paragraph\">Vuosimallin 2025 varusmies juoksi palvelukseen astuessaan Cooperin testiss\u00e4 keskim\u00e4\u00e4rin 2414 metri\u00e4.<\/p>\n<p class=\"paragraph\">Edellisen kerran yht\u00e4 hyv\u00e4 tulos saavutettiin kymmenen vuotta sitten. Vuosi sitten keskiarvotulos oli 16 metri\u00e4 heikompi kuin nyt.<\/p>\n<p class=\"paragraph\">Tuoreet tulokset kertovat my\u00f6s, ett\u00e4 yli 3000 metri\u00e4 juosseiden osuus on kasvanut yhdell\u00e4 ja 2600\u20133000 metri\u00e4 juosseiden viidell\u00e4 prosenttiyksik\u00f6ll\u00e4. Alle 2200 metri\u00e4 juosseiden osuus on pienentynyt viisi prosenttiyksikk\u00f6\u00e4 vuodesta 2019.<\/p>\n<p class=\"paragraph\">Jos taulukko ei n\u00e4y kokonaan, n\u00e4et sen <a href=\"https:\/\/infogram.com\/varusmiesten-cooper-tulokset-1hxj48mq81k752v\" target=\"_blank\" rel=\"noopener nofollow\">t\u00e4st\u00e4<\/a>.<\/p>\n<p>Perinteik\u00e4s testi<\/p>\n<p class=\"paragraph\">Cooper on perinteik\u00e4s testimuoto, jossa juostaan mahdollisimman pitk\u00e4 matka 12 minuutissa. <a href=\"https:\/\/arkisto.lekiyu.net\/home\/files\/Cooper-taulukko.pdf\" target=\"_blank\" rel=\"noopener nofollow\">T\u00e4\u00e4lt\u00e4 n\u00e4et ik\u00e4kohtaisen arviointitaulukon.<\/a><\/p>\n<p class=\"paragraph\">Puolustusvoimissa testi suoritetaan kahden viikon kuluessa palveluksen alkamisesta.<\/p>\n<p class=\"paragraph\">\u2013\u2009Edist\u00e4mme kutsuntaik\u00e4isten omaehtoista liikkumista ja toimintakyvyn kehittymist\u00e4 ennen asepalveluksen aloittamista puolustusministeri\u00f6n koordinoimalla Suomi liikkeelle -toimenpiteell\u00e4, puolustusministeri <strong>Antti H\u00e4kk\u00e4nen<\/strong> kommentoi tiedotteessa.<\/p>\n<p class=\"paragraph\">\u2013\u2009Tarjoamallamme liikuntaneuvonnalla ja -ohjauksella tuemme edellytyksi\u00e4 asevelvollisuuden suorittamiseen ja tarjoamme ev\u00e4it\u00e4 liikunnallisen el\u00e4m\u00e4ntavan omaksumiseen.<\/p>\n<p class=\"paragraph\">Varusmiesten kuntotilastoja on seurattu Cooperin testin osalta vuodesta 1975 alkaen. Paras keskiarvo on 2760 metri\u00e4 vuodelta 1979. Pohjakosketus otettiin vuonna 2019, jolloin keskiarvotulos oli 2358 metri\u00e4.<\/p>\n<p class=\"paragraph\">Tarkemmat tulokset varusmiesten t\u00e4m\u00e4n vuoden kuntotesteist\u00e4 julkaistaan Puolustusvoimien verkkosivuilla torstaina.<\/p>\n<p>Move!-tuloksia<\/p>\n<p>Move! mittaa viides- ja kahdeksasluokkalaisia. Kuvituskuva. AOP<\/p>\n<p class=\"paragraph\">Uunituoreet Move!-tulokset kertovat, ett\u00e4 lasten ja nuorten fyysinen toimintakyky on kehittynyt.<\/p>\n<p class=\"paragraph\">\u2013\u2009Erityisen ilahduttavaa on, ett\u00e4 maltillinen my\u00f6nteinen kehitys on jatkunut jo kolmatta vuotta per\u00e4kk\u00e4in, kommentoi <strong>Iiris Kolunsarka<\/strong>, asiantuntija Jyv\u00e4skyl\u00e4n yliopiston liikuntatieteellisest\u00e4 tiedekunnasta.<\/p>\n<p class=\"paragraph\">\u2013\u2009Se kertoo siit\u00e4, ett\u00e4 lasten ja nuorten fyysinen toimintakyky on menossa oikeaan suuntaan.<\/p>\n<p class=\"paragraph\"><strong>Miten noususuhdanne on saatu aikaan?<\/strong><\/p>\n<p class=\"paragraph\">\u2013\u2009Varmaa selityst\u00e4 ei ole, mutta lasten ja nuorten liikkuminen sek\u00e4 fyysinen toimintakyky ovat saaneet viime vuosina aiempaa enemm\u00e4n huomiota, ja tietoisuus lasten ja nuorten fyysisen toimintakyvyn tilasta ja sen\u00a0kehityssuunnista on lis\u00e4\u00e4ntynyt, Kolunsarka vastaa.<\/p>\n<p class=\"paragraph\">\u2013\u2009T\u00e4m\u00e4 on johtanut liikkumisen ja fyysisen toimintakyvyn edist\u00e4miseksi paikallisiin, alueellisiin ja valtakunnallisiin toimenpiteisiin, joiden vaikutukset voivat nyt mahdollisesti alkaa n\u00e4ky\u00e4\u00a0Move!-tuloksissa.<\/p>\n<p class=\"paragraph\">Move! on kouluissa k\u00e4yt\u00f6ss\u00e4 oleva j\u00e4rjestelm\u00e4, jolla mitataan perusopetusik\u00e4isten fyysist\u00e4 toimintakyky\u00e4. T\u00e4m\u00e4n syksyn testit kohdistuivat yli 110 000 viides- ja kahdeksasluokkalaiseen.<\/p>\n<p class=\"paragraph\">Kuusiosaisessa mittauksessa selvitet\u00e4\u00e4n kest\u00e4vyytt\u00e4, lihaskuntoa, liikkuvuutta ja motorisia taitoja. Testin osia ovat muun muassa 20 metrin viivajuoksu, etunojapunnerrus ja vauhditon viisiloikka.<\/p>\n<p>Huolenaiheita<\/p>\n<p class=\"paragraph\">Heikoimmat Move!-tulokset n\u00e4htiin vuonna 2022. Tuolloin \u201dfyysinen toimintakyky oli mahdollisesti terveytt\u00e4 ja hyvinvointia kuluttavalla tai haittaavalla tasolla\u201d 39,7 prosentilla kaikista viides- ja kahdeksasluokkalaisista.<\/p>\n<p class=\"paragraph\"><strong>Mik\u00e4 oli johtanut kaikkien aikojen heikoimpiin Move!-tuloksiin?<\/strong><\/p>\n<p class=\"paragraph\">\u2013\u2009Varmaa yksitt\u00e4ist\u00e4 syyt\u00e4 ei voida osoittaa, mutta esimerkiksi korona-aika ja sen rajoitukset ovat todenn\u00e4k\u00f6isesti vaikuttaneet. Tutkimusn\u00e4ytt\u00f6 osoittaa, ett\u00e4 lasten ja nuorten liikkuminen v\u00e4heni pandemian aikana, mik\u00e4 on voinut heikent\u00e4\u00e4 fyysist\u00e4 toimintakyky\u00e4.<\/p>\n<p class=\"paragraph\">Kolmatta vuotta jatkuvasta noususuhdanteesta huolimatta liian suuriin riemunkiljahduksiin ei ole aihetta.<\/p>\n<p class=\"paragraph\">\u2013\u2009Edelleen reilulla kolmanneksella lapsista ja nuorista fyysinen toimintakyky on tasolla, joka on\u00a0mahdollisesti terveytt\u00e4 ja hyvinvointia haittaavaa\u00a0tai kuluttavaa.<\/p>\n<p class=\"paragraph\">T\u00e4m\u00e4n vuoden mittauksen tarkka prosenttiluku on 37.<\/p>\n<p class=\"paragraph\">Kolunsarka mainitsee toisena selke\u00e4n\u00e4 huolenaiheena suuret alueelliset erot.<\/p>\n<p class=\"paragraph\">\u2013\u2009Kaupunkimaisissa kunnissa lasten ja nuorten fyysinen toimintakyky on selke\u00e4sti parempi kuin maaseutumaisissa kunnissa. T\u00e4m\u00e4 ero on pysynyt\u00a0samansuuntaisena\u00a0koko mittaushistorian ajan.<\/p>\n<p>Iiris Kolunsarka on valtakunnallisen Move!-j\u00e4rjestelm\u00e4n tuntija. <\/p>\n","protected":false},"excerpt":{"rendered":"Tuoreiden testitulosten mukaan koululaisten ja varusmiesten fyysisen toimintakyvyn my\u00f6nteinen kehitys jatkuu. Varusmiesten kest\u00e4vyysjuoksukunto on nousussa. Kuvituskuva. JAAKKO STENROOS&hellip;\n","protected":false},"author":2,"featured_media":113099,"comment_status":"","ping_status":"","sticky":false,"template":"","format":"standard","meta":{"footnotes":""},"categories":[12],"tags":[35,22,23,26,27,33,31,30,17,96,757,2111,100,24,25,41,28,29,15,18,21,32,19,20,16],"class_list":{"0":"post-113098","1":"post","2":"type-post","3":"status-publish","4":"format-standard","5":"has-post-thumbnail","7":"category-suomi","8":"tag-24h","9":"tag-breaking-news","10":"tag-breakingnews","11":"tag-featured-news","12":"tag-featurednews","13":"tag-fi","14":"tag-finland","15":"tag-finnish","16":"tag-headlines","17":"tag-koulutus","18":"tag-koulutus-ja-kasvatus","19":"tag-kuntourheilu","20":"tag-lapset-ja-nuoret","21":"tag-latest-news","22":"tag-latestnews","23":"tag-liikunta-ja-urheilu","24":"tag-main-news","25":"tag-mainnews","26":"tag-news","27":"tag-otsikot","28":"tag-paauutiset","29":"tag-suomi","30":"tag-top-stories","31":"tag-topstories","32":"tag-uutiset"},"share_on_mastodon":{"url":"https:\/\/pubeurope.com\/@fi\/115697748981517917","error":""},"_links":{"self":[{"href":"https:\/\/www.europesays.com\/fi\/wp-json\/wp\/v2\/posts\/113098","targetHints":{"allow":["GET"]}}],"collection":[{"href":"https:\/\/www.europesays.com\/fi\/wp-json\/wp\/v2\/posts"}],"about":[{"href":"https:\/\/www.europesays.com\/fi\/wp-json\/wp\/v2\/types\/post"}],"author":[{"embeddable":true,"href":"https:\/\/www.europesays.com\/fi\/wp-json\/wp\/v2\/users\/2"}],"replies":[{"embeddable":true,"href":"https:\/\/www.europesays.com\/fi\/wp-json\/wp\/v2\/comments?post=113098"}],"version-history":[{"count":0,"href":"https:\/\/www.europesays.com\/fi\/wp-json\/wp\/v2\/posts\/113098\/revisions"}],"wp:featuredmedia":[{"embeddable":true,"href":"https:\/\/www.europesays.com\/fi\/wp-json\/wp\/v2\/media\/113099"}],"wp:attachment":[{"href":"https:\/\/www.europesays.com\/fi\/wp-json\/wp\/v2\/media?parent=113098"}],"wp:term":[{"taxonomy":"category","embeddable":true,"href":"https:\/\/www.europesays.com\/fi\/wp-json\/wp\/v2\/categories?post=113098"},{"taxonomy":"post_tag","embeddable":true,"href":"https:\/\/www.europesays.com\/fi\/wp-json\/wp\/v2\/tags?post=113098"}],"curies":[{"name":"wp","href":"https:\/\/api.w.org\/{rel}","templated":true}]}}