{"id":113110,"date":"2025-12-10T23:22:09","date_gmt":"2025-12-10T23:22:09","guid":{"rendered":"https:\/\/www.europesays.com\/fi\/113110\/"},"modified":"2025-12-10T23:22:09","modified_gmt":"2025-12-10T23:22:09","slug":"maarobotti-murskasi-hyokkaajan-rynnakon-panssaroitu-ajoneuvo-ammuttiin-seulaksi","status":"publish","type":"post","link":"https:\/\/www.europesays.com\/fi\/113110\/","title":{"rendered":"Maarobotti murskasi hy\u00f6kk\u00e4\u00e4j\u00e4n rynn\u00e4k\u00f6n, panssaroitu ajoneuvo ammuttiin seulaksi"},"content":{"rendered":"<p class=\"ai-optimize-6 ai-optimize-introduction\">Ukrainan maavoimien 5. rynn\u00e4kk\u00f6prikaatin sotilaat pys\u00e4yttiv\u00e4t maarobotin avulla ven\u00e4l\u00e4isen kuljetuspanssarivaunun ja torjuivat hy\u00f6kk\u00e4yksen.<\/p>\n<p class=\"ai-optimize-6 ai-optimize-introduction\">\u2013 Vihollinen valmistautui y\u00f6ll\u00e4 hy\u00f6kk\u00e4\u00e4m\u00e4\u00e4n 5. rynn\u00e4kk\u00f6prikaatin asemiin. Sotilaamme k\u00e4yttiv\u00e4t suurikaliiperisella konekiv\u00e4\u00e4rill\u00e4 varustettua maadroonia (miehitt\u00e4m\u00e4t\u00f6n maa-ajoneuvo), prikaati <a href=\"https:\/\/t.me\/fifthbrUA\/1205\" target=\"_blank\" rel=\"noopener nofollow\">kertoo<\/a> Telegramissa.<\/p>\n<p class=\"ai-optimize-6 ai-optimize-introduction\">Video (jutun alla) n\u00e4ytt\u00e4\u00e4, kuinka kauko-ohjattavan maadroonin ukrainalainen ohjaaja havaitsee l\u00e4mp\u00f6kameralla ven\u00e4l\u00e4issotilaita kuljettavan MT-LB-vaunun.<\/p>\n<p class=\"ai-optimize-6 ai-optimize-introduction\">Sen j\u00e4lkeen maadrooniin asennetun konekiv\u00e4\u00e4rin ammukset l\u00e4vist\u00e4v\u00e4t ven\u00e4l\u00e4isvaunun kyljen osuen sen miehist\u00f6\u00f6n ja rynn\u00e4kk\u00f6ryhm\u00e4\u00e4n.<\/p>\n<p class=\"ai-optimize-6 ai-optimize-introduction\">Lopulta ohjauskyvyt\u00f6n ajoneuvo ohittaa ukrainalaisen maadroonin muutaman senttimetrin et\u00e4isyydelt\u00e4 ja pys\u00e4htyy saatuaan toistuvia osumia takaosaansa.<\/p>\n<p class=\"ai-optimize-6 ai-optimize-introduction\">\u2013 Tulos: MT-LB tuhottiin, vihollisen jalkav\u00e4ki eliminoitiin, hy\u00f6kk\u00e4ys estettiin.<\/p>\n<p class=\"ai-optimize-6 ai-optimize-introduction\">Molemmat osapuolet ovat k\u00e4ytt\u00e4neet taisteluiden tukena yh\u00e4 useampia kauko-ohjattavia robotteja.<\/p>\n<p class=\"ai-optimize-6 ai-optimize-introduction\">Ne tukevat huoltokuljetuksia, haavoittuneiden evakuointeja ja tekev\u00e4t my\u00f6s suoria hy\u00f6kk\u00e4yksi\u00e4.<\/p>\n<p>\u00a0<\/p>\n","protected":false},"excerpt":{"rendered":"Ukrainan maavoimien 5. rynn\u00e4kk\u00f6prikaatin sotilaat pys\u00e4yttiv\u00e4t maarobotin avulla ven\u00e4l\u00e4isen kuljetuspanssarivaunun ja torjuivat hy\u00f6kk\u00e4yksen. \u2013 Vihollinen valmistautui y\u00f6ll\u00e4 hy\u00f6kk\u00e4\u00e4m\u00e4\u00e4n&hellip;\n","protected":false},"author":2,"featured_media":113111,"comment_status":"","ping_status":"","sticky":false,"template":"","format":"standard","meta":{"footnotes":""},"categories":[14],"tags":[22,23,26,27,33,31,30,17,24,25,28,29,15,18,21,2807,32,19,20,56,16,59,60,61],"class_list":{"0":"post-113110","1":"post","2":"type-post","3":"status-publish","4":"format-standard","5":"has-post-thumbnail","7":"category-ulkomaat","8":"tag-breaking-news","9":"tag-breakingnews","10":"tag-featured-news","11":"tag-featurednews","12":"tag-fi","13":"tag-finland","14":"tag-finnish","15":"tag-headlines","16":"tag-latest-news","17":"tag-latestnews","18":"tag-main-news","19":"tag-mainnews","20":"tag-news","21":"tag-otsikot","22":"tag-paauutiset","23":"tag-sota-ukrainassa","24":"tag-suomi","25":"tag-top-stories","26":"tag-topstories","27":"tag-ulkomaat","28":"tag-uutiset","29":"tag-world","30":"tag-world-news","31":"tag-worldnews"},"share_on_mastodon":{"url":"https:\/\/pubeurope.com\/@fi\/115697847159920159","error":""},"_links":{"self":[{"href":"https:\/\/www.europesays.com\/fi\/wp-json\/wp\/v2\/posts\/113110","targetHints":{"allow":["GET"]}}],"collection":[{"href":"https:\/\/www.europesays.com\/fi\/wp-json\/wp\/v2\/posts"}],"about":[{"href":"https:\/\/www.europesays.com\/fi\/wp-json\/wp\/v2\/types\/post"}],"author":[{"embeddable":true,"href":"https:\/\/www.europesays.com\/fi\/wp-json\/wp\/v2\/users\/2"}],"replies":[{"embeddable":true,"href":"https:\/\/www.europesays.com\/fi\/wp-json\/wp\/v2\/comments?post=113110"}],"version-history":[{"count":0,"href":"https:\/\/www.europesays.com\/fi\/wp-json\/wp\/v2\/posts\/113110\/revisions"}],"wp:featuredmedia":[{"embeddable":true,"href":"https:\/\/www.europesays.com\/fi\/wp-json\/wp\/v2\/media\/113111"}],"wp:attachment":[{"href":"https:\/\/www.europesays.com\/fi\/wp-json\/wp\/v2\/media?parent=113110"}],"wp:term":[{"taxonomy":"category","embeddable":true,"href":"https:\/\/www.europesays.com\/fi\/wp-json\/wp\/v2\/categories?post=113110"},{"taxonomy":"post_tag","embeddable":true,"href":"https:\/\/www.europesays.com\/fi\/wp-json\/wp\/v2\/tags?post=113110"}],"curies":[{"name":"wp","href":"https:\/\/api.w.org\/{rel}","templated":true}]}}