{"id":113132,"date":"2025-12-11T00:03:14","date_gmt":"2025-12-11T00:03:14","guid":{"rendered":"https:\/\/www.europesays.com\/fi\/113132\/"},"modified":"2025-12-11T00:03:14","modified_gmt":"2025-12-11T00:03:14","slug":"jopa-aleksi-valavuori-pitaa-kalle-palanderin-tuoretta-molaytysta-huonona-tasta-kyse","status":"publish","type":"post","link":"https:\/\/www.europesays.com\/fi\/113132\/","title":{"rendered":"Jopa Aleksi Valavuori pit\u00e4\u00e4 Kalle Palanderin tuoretta m\u00f6l\u00e4ytyst\u00e4 huonona &#8211; t\u00e4st\u00e4 kyse"},"content":{"rendered":"<p>Alkuvuodesta Kalle Palander kehitteli kevyesti kenk\u00e4\u00e4 Ylest\u00e4 h\u00e4nen h\u00f6lm\u00f6ilty\u00e4\u00e4n G\u00e4mblers Cast -nimisess\u00e4 podcastissa. Sittemmin Kalle on pahoitellut asiaa Kiira Korvelle.<\/p>\n<p>Lue my\u00f6s: <a href=\"https:\/\/www.como.fi\/uutiset\/nain-kavi-palanderin-podcastille-kiira-korpi-puuttui-nyt-asiaan\/\" title=\"N\u00e4in k\u00e4vi Palanderin podcastille \u2013 Kiira Korpi puuttui nyt asiaan\" class=\"underline-custom !font-montserrat !font-bold !underline-offset-4 !decoration-4 !decoration-red-600 !text-md\" rel=\"nofollow noopener\" target=\"_blank\">N\u00e4in k\u00e4vi Palanderin podcastille \u2013 Kiira Korpi puuttui nyt asiaan<\/a><\/p>\n<p>Kallen ajattelussa tuntuu toistuvan sama kaava. Ensin sanotaan, sitten mietit\u00e4\u00e4n. Tai ehk\u00e4p\u00e4 mies vain on pirist\u00e4v\u00e4 ruiske t\u00e4m\u00e4n p\u00e4iv\u00e4n ylisovinnaisessa ja hysteerisess\u00e4 konsensusmaailmassa. N\u00e4inkin joku lausui Paladerin edesottamuksia ruotivassa keskustelussa.<\/p>\n<p>Niin tai n\u00e4in, taas on per\u00e4st\u00e4 kuulunut.<\/p>\n<p>Kalle m\u00f6l\u00e4ytti taas<\/p>\n<p><a href=\"https:\/\/open.spotify.com\/episode\/22llWnHwbjvYFEkKLA17MD\" rel=\"nofollow noopener\" target=\"_blank\">Kohupodcast<\/a> on j\u00e4lleen palannut eetteriin. T\u00e4ll\u00e4 kertaa on aiheena ollut muun muassa rakkauden tunnustaminen. <\/p>\n<p>Jenkkil\u00e4ss\u00e4h\u00e4n kuulee sanottavan \u201dI love you\u201d v\u00e4h\u00e4n joka k\u00e4\u00e4nteess\u00e4, toisin kuin Suomessa, jossa niin kuiskitaan vain silloin, kun halutaan baarista jatkoille. N\u00e4in tuumii ohjelmassa vakiopanelistina toimiva Juha Per\u00e4l\u00e4.<\/p>\n<p>Sitten p\u00e4\u00e4see taas Kalle \u00e4\u00e4neen:<\/p>\n<p>\u2013 Rakkaus loppuu, kun kuti l\u00e4htee! h\u00e4n pamauttaa ihan vain v\u00e4h\u00e4n sovinistisesti.<\/p>\n<p>Nyt Aleksillakin menee jo hernekeitto nen\u00e4\u00e4n.<\/p>\n<p>\u2013 Miks sun pit\u00e4\u00e4 Kalle aina ampua kaikki yli. Siis ihan v-tun kaikki, Aleksi toteaa tyhj\u00e4 ilme kasvoillaan.<\/p>\n<p>Kallella on puolustus valmiina:<\/p>\n<p>\u2013 Se kuulosti mun p\u00e4\u00e4ss\u00e4 jotenkin erilaiselta.<\/p>\n<p>Lue my\u00f6s: <a href=\"https:\/\/www.como.fi\/uutiset\/is-riina-maija-palander-odottamaton-totuus-parisuhteesta\/\" title=\"IS: Riina-Maija Palander \u2013 odottamaton totuus parisuhteesta\" class=\"underline-custom !font-montserrat !font-bold !underline-offset-4 !decoration-4 !decoration-red-600 !text-md\" rel=\"nofollow noopener\" target=\"_blank\">IS: Riina-Maija Palander \u2013 odottamaton totuus parisuhteesta<\/a><\/p>\n<p>Lue my\u00f6s: <a href=\"https:\/\/www.como.fi\/tilaa-comon-uutiskirje\/\" title=\"Tilaa Comon uutiskirje ja tied\u00e4t mist\u00e4 kahvitauolla puhutaan! Nappaa kotimaan tv-vinkit ja puheenaiheet suoraan s\u00e4hk\u00f6postiin t\u00e4st\u00e4.\" class=\"underline-custom !font-montserrat !font-bold !underline-offset-4 !decoration-4 !decoration-red-600 !text-md\" rel=\"nofollow noopener\" target=\"_blank\">Tilaa Comon uutiskirje ja tied\u00e4t mist\u00e4 kahvitauolla puhutaan! Nappaa kotimaan tv-vinkit ja puheenaiheet suoraan s\u00e4hk\u00f6postiin t\u00e4st\u00e4.<\/a><\/p>\n","protected":false},"excerpt":{"rendered":"Alkuvuodesta Kalle Palander kehitteli kevyesti kenk\u00e4\u00e4 Ylest\u00e4 h\u00e4nen h\u00f6lm\u00f6ilty\u00e4\u00e4n G\u00e4mblers Cast -nimisess\u00e4 podcastissa. Sittemmin Kalle on pahoitellut asiaa&hellip;\n","protected":false},"author":2,"featured_media":113133,"comment_status":"","ping_status":"","sticky":false,"template":"","format":"standard","meta":{"footnotes":""},"categories":[136],"tags":[407,137,33,31,30,408,32,109],"class_list":{"0":"post-113132","1":"post","2":"type-post","3":"status-publish","4":"format-standard","5":"has-post-thumbnail","7":"category-julkkikset","8":"tag-celebrities","9":"tag-entertainment","10":"tag-fi","11":"tag-finland","12":"tag-finnish","13":"tag-julkkikset","14":"tag-suomi","15":"tag-viihde"},"share_on_mastodon":{"url":"https:\/\/pubeurope.com\/@fi\/115698008263824596","error":""},"_links":{"self":[{"href":"https:\/\/www.europesays.com\/fi\/wp-json\/wp\/v2\/posts\/113132","targetHints":{"allow":["GET"]}}],"collection":[{"href":"https:\/\/www.europesays.com\/fi\/wp-json\/wp\/v2\/posts"}],"about":[{"href":"https:\/\/www.europesays.com\/fi\/wp-json\/wp\/v2\/types\/post"}],"author":[{"embeddable":true,"href":"https:\/\/www.europesays.com\/fi\/wp-json\/wp\/v2\/users\/2"}],"replies":[{"embeddable":true,"href":"https:\/\/www.europesays.com\/fi\/wp-json\/wp\/v2\/comments?post=113132"}],"version-history":[{"count":0,"href":"https:\/\/www.europesays.com\/fi\/wp-json\/wp\/v2\/posts\/113132\/revisions"}],"wp:featuredmedia":[{"embeddable":true,"href":"https:\/\/www.europesays.com\/fi\/wp-json\/wp\/v2\/media\/113133"}],"wp:attachment":[{"href":"https:\/\/www.europesays.com\/fi\/wp-json\/wp\/v2\/media?parent=113132"}],"wp:term":[{"taxonomy":"category","embeddable":true,"href":"https:\/\/www.europesays.com\/fi\/wp-json\/wp\/v2\/categories?post=113132"},{"taxonomy":"post_tag","embeddable":true,"href":"https:\/\/www.europesays.com\/fi\/wp-json\/wp\/v2\/tags?post=113132"}],"curies":[{"name":"wp","href":"https:\/\/api.w.org\/{rel}","templated":true}]}}