{"id":113140,"date":"2025-12-11T00:15:16","date_gmt":"2025-12-11T00:15:16","guid":{"rendered":"https:\/\/www.europesays.com\/fi\/113140\/"},"modified":"2025-12-11T00:15:16","modified_gmt":"2025-12-11T00:15:16","slug":"zelenskyi-ehdottaa-ukrainaan-vaaleja-vaikka-ne-ovat-kaytannossa-mahdottomat-tutkija-kertoo-todellisen-syyn-ulkomaat","status":"publish","type":"post","link":"https:\/\/www.europesays.com\/fi\/113140\/","title":{"rendered":"Zelenskyi ehdottaa Ukrainaan vaaleja, vaikka ne ovat k\u00e4yt\u00e4nn\u00f6ss\u00e4 mahdottomat \u2013 tutkija kertoo todellisen syyn | Ulkomaat"},"content":{"rendered":"<ul class=\"aw-1jjocuh iJTSwP yle__article__list yle__article__list--ul\">\n<li class=\"aw-1j7gwms gNYKfi\">Ukrainalaisen asiantuntijan Kostjantyn Batozskyin mukaan maassa on mahdotonta j\u00e4rjest\u00e4\u00e4 rehellisi\u00e4 vaaleja sodan takia.<\/li>\n<li class=\"aw-1j7gwms gNYKfi\">Vaaleja est\u00e4v\u00e4t nykyinen perustuslaki, miljoonat pakolaiset ja rintamalla olevat sotilaat.<\/li>\n<li class=\"aw-1j7gwms gNYKfi\">Presidentti Zelenskyi ehdotti vaaleja vastauksena Yhdysvaltain presidentti Donald Trumpin painostukseen.<\/li>\n<li class=\"aw-1j7gwms gNYKfi\">Lis\u00e4ksi Ven\u00e4j\u00e4 pyrkisi vaaleilla aiheuttamaan sis\u00e4ist\u00e4 kaaosta Ukrainassa.<\/li>\n<\/ul>\n<p class=\"aw-1gybjub aw-1p7kakr kEtdKx cEmitX yle__article__paragraph\"><strong class=\"aw-ak79eh KyCXm yle__article__strong\">KIOVA<\/strong> Ukrainalainen poliittinen asiantuntija <strong class=\"aw-ak79eh KyCXm yle__article__strong\">Kostjantyn Batozskyi<\/strong> tyrm\u00e4\u00e4 ajatuksen siit\u00e4, ett\u00e4 Ukrainassa j\u00e4rjestett\u00e4isiin vaalit l\u00e4hikuukausina.<\/p>\n<p class=\"aw-1gybjub aw-1p7kakr kEtdKx cEmitX yle__article__paragraph\">\u2013 Ensinn\u00e4kin kyseess\u00e4 olisivat ep\u00e4rehelliset vaalit. Niiden tuloksia eiv\u00e4t hyv\u00e4ksyisi sen enemp\u00e4\u00e4 ukrainalaiset, ven\u00e4l\u00e4iset kuin muutkaan, Batozskyi arvioi.<\/p>\n<p class=\"aw-1gybjub aw-1p7kakr kEtdKx cEmitX yle__article__paragraph\">Ukrainan presidentti <strong class=\"aw-ak79eh KyCXm yle__article__strong\">Volodymyr Zelenskyi<\/strong> sanoi eilen tiistaina olevansa valmis j\u00e4rjest\u00e4m\u00e4\u00e4n vaalit Ukrainassa jo seuraavan kolmen kuukauden aikana.<\/p>\n<p class=\"aw-1gybjub aw-1p7kakr kEtdKx cEmitX yle__article__paragraph\">T\u00e4m\u00e4 olisi kuitenkin mahdollista vain kahdella ehdolla: Ukrainan turvallisuuden tulisi olla taattu ja lains\u00e4\u00e4d\u00e4nt\u00f6\u00e4 pit\u00e4isi muuttaa.<\/p>\n<p class=\"aw-1gybjub aw-1p7kakr kEtdKx cEmitX yle__article__paragraph\">\u2013 Minulla on siihen tahtoa \u2013 olen valmis, Zelenskyi <a class=\"aw-iao6s4 iHOxEa yle__article__link\" href=\"https:\/\/www.pravda.com.ua\/eng\/news\/2025\/12\/09\/8011129\/\" role=\"link\" rel=\"nofollow noopener\" target=\"_blank\">totesi<\/a>.<\/p>\n<p class=\"aw-1gybjub aw-1p7kakr kEtdKx cEmitX yle__article__paragraph\">Kommentti oli vastaus Yhdysvaltain presidentti <strong class=\"aw-ak79eh KyCXm yle__article__strong\">Donald Trumpin<\/strong> toistuviin vaatimuksiin Ukrainan vaalien j\u00e4rjest\u00e4misest\u00e4.<\/p>\n<p class=\"aw-1gybjub aw-1p7kakr kEtdKx cEmitX yle__article__paragraph\">Muutama p\u00e4iv\u00e4 sitten Trump <a class=\"aw-iao6s4 iHOxEa yle__article__link\" href=\"https:\/\/www.france24.com\/en\/live-news\/20251209-ukraine-should-hold-elections-trump-says\" role=\"link\" rel=\"nofollow noopener\" target=\"_blank\">vihjaili<\/a>, ettei Ukraina ole en\u00e4\u00e4 todellinen demokratia.<\/p>\n<p class=\"aw-1gybjub aw-1p7kakr kEtdKx cEmitX yle__article__paragraph\">Trumpin vaatimukset heijastelevat Ven\u00e4j\u00e4n propagandaa, joka esitt\u00e4\u00e4 Zelenskyin laittomana presidenttin\u00e4. Ven\u00e4j\u00e4 haluaa p\u00e4\u00e4st\u00e4 eroon Zelenskyist\u00e4, joka on sen tavoitteiden esteen\u00e4.<\/p>\n<p>Tutkija: Vaaliehdotuksen tarkoitus on torjua USA:n painetta<\/p>\n<p class=\"aw-1gybjub aw-1p7kakr kEtdKx cEmitX yle__article__paragraph\"><strong class=\"aw-ak79eh KyCXm yle__article__strong\">Videolla Batozskyi kertoo, miksi Zelenskyi ehdottaa vaaleja:<\/strong><\/p>\n<p class=\"aw-1gybjub aw-1p7kakr kEtdKx cEmitX yle__article__paragraph\">Batozskyn mukaan rehellisten vaalien j\u00e4rjest\u00e4minen vie aikaa eik\u00e4 niit\u00e4 voida j\u00e4rjest\u00e4\u00e4 kolmen kuukauden kuluessa. Ehdottamalla vaaleja Zelenskyi vie kuitenkin pohjan Trumpin kritiikilt\u00e4.<\/p>\n<p class=\"aw-1gybjub aw-1p7kakr kEtdKx cEmitX yle__article__paragraph\">Perustuslaki kielt\u00e4\u00e4 t\u00e4ll\u00e4 hetkell\u00e4 vaalien j\u00e4rjest\u00e4misen sotatilan aikana.<\/p>\n<p class=\"aw-1gybjub aw-1p7kakr kEtdKx cEmitX yle__article__paragraph\">Tutkija luettelee monta painavaa syyt\u00e4, miksi vaalien j\u00e4rjest\u00e4minen on k\u00e4yt\u00e4nn\u00f6ss\u00e4 mahdotonta, vaikka lains\u00e4\u00e4d\u00e4nt\u00f6\u00e4 muutettaisiinkin. Silloinkin vaalit voitaisiin j\u00e4rjest\u00e4\u00e4 Batozskyin mukaan vasta kuuden kuukauden kuluttua sotatilan p\u00e4\u00e4ttymisest\u00e4.<\/p>\n<p class=\"aw-1gybjub aw-1p7kakr kEtdKx cEmitX yle__article__paragraph\">Keskeinen haaste on h\u00e4nen mielest\u00e4\u00e4n valtion rajan m\u00e4\u00e4ritt\u00e4minen.<\/p>\n<p class=\"aw-1gybjub aw-1p7kakr kEtdKx cEmitX yle__article__paragraph\">\u2013 Perustuslaki vaatii vaalipiirien luomista koko Ukrainan alueelle.<\/p>\n<p class=\"aw-1gybjub aw-1p7kakr kEtdKx cEmitX yle__article__paragraph\">Samaan aikaan miljoonat ukrainalaiset ovat paenneet ulkomaille. Maassa on miljoonia sis\u00e4isi\u00e4 pakolaisia, jotka eiv\u00e4t voisi \u00e4\u00e4nest\u00e4\u00e4 oman paikkakuntansa ehdokasta.<\/p>\n<p class=\"aw-1gybjub aw-1p7kakr kEtdKx cEmitX yle__article__paragraph\">Lis\u00e4ksi rintamalla taistelee noin miljoona ukrainalaista. Batozskyin mukaan on ep\u00e4selv\u00e4\u00e4, miten kaikki ukrainalaiset voisivat \u00e4\u00e4nest\u00e4\u00e4 \u2013 varsinkaan sotilaat.<\/p>\n<p>Vaalit olisivat suuri riski<\/p>\n<p class=\"aw-1gybjub aw-1p7kakr kEtdKx cEmitX yle__article__paragraph\">Vaikka Ven\u00e4j\u00e4 suostuisi tulitaukoon, Batozskyn mukaan siihen ei voi luottaa. T\u00e4st\u00e4 Ukrainalla on jo kokemusta Minskin sopimuksista, jotka solmittiin vuosina 2014 ja 2015. Molemmilla kerroilla sovittiin v\u00e4lit\u00f6n aselepo, mutta Ven\u00e4j\u00e4 ei sit\u00e4 noudattanut.<\/p>\n<p class=\"aw-1gybjub aw-1p7kakr kEtdKx cEmitX yle__article__paragraph\">Batozskyi on varma, ett\u00e4 Ven\u00e4j\u00e4 provosoisi tilanteen niin, ettei tulitauko pit\u00e4isi.<\/p>\n<p class=\"aw-1gybjub aw-1p7kakr kEtdKx cEmitX yle__article__paragraph\">\u2013 Nime\u00e4 minulle demokratia, joka on sodassa ydinasevaltion kanssa ja pystynyt j\u00e4rjest\u00e4m\u00e4\u00e4n t\u00e4ysin vapaat ja rehelliset vaalit. Et l\u00f6yd\u00e4 sellaista esimerkki\u00e4, Batozskyi sanoo.<\/p>\n<p class=\"aw-1gybjub aw-1p7kakr kEtdKx cEmitX yle__article__paragraph\">Ven\u00e4j\u00e4 tunnetusti panostaa vaalivaikuttamiseen ja k\u00e4ytt\u00e4\u00e4 siihen paljon resursseja.<\/p>\n<p class=\"aw-1gybjub aw-1p7kakr kEtdKx cEmitX yle__article__paragraph\">Esimerkiksi Moldovassa ja <a class=\"aw-iao6s4 iHOxEa yle__article__link\" href=\"https:\/\/yle.fi\/a\/74-20158422\" role=\"link\" rel=\"nofollow noopener\" target=\"_blank\">Romaniassa j\u00e4rjestetyiss\u00e4 vaaleissa<\/a> Ven\u00e4j\u00e4n vaikutusyritykset ovat olleet huomattavia. Batozskyn mielest\u00e4 Ven\u00e4j\u00e4 pyrkisi samaan Ukrainassa.<\/p>\n<p class=\"aw-1gybjub aw-1p7kakr kEtdKx cEmitX yle__article__paragraph\">\u2013 He tietysti k\u00e4ytt\u00e4isiv\u00e4t samoja keinoja Ukrainaa vastaan, mutta satakertaisella voimalla, koska heid\u00e4n tavoitteensa on tuhota Ukrainan valtio.<\/p>\n<p class=\"aw-1gybjub aw-1p7kakr kEtdKx cEmitX yle__article__paragraph\">H\u00e4nen mukaansa Ven\u00e4j\u00e4 k\u00e4ytt\u00e4\u00e4 vaatimusta vaaleista Ukrainassa keinona aiheuttaa sis\u00e4ist\u00e4 vastakkainasettelua, koska se ei kykene voittamaan sotaa kent\u00e4ll\u00e4.<\/p>\n<p>Kukaan ei haluaisi Zelenskyin paikalle<\/p>\n<p class=\"aw-1gybjub aw-1p7kakr kEtdKx cEmitX yle__article__paragraph\">Jos vaalit kuitenkin j\u00e4rjestett\u00e4isiin, olisi silloinkin monta avointa kysymyst\u00e4. Osallistuisiko Zelenskyi niihin ja kuka h\u00e4nt\u00e4 haastaisi?<\/p>\n<p class=\"aw-1gybjub aw-1p7kakr kEtdKx cEmitX yle__article__paragraph\">Varteenotettavia ehdokkaita ei Batozskyn mielest\u00e4 t\u00e4ll\u00e4 hetkell\u00e4 ole.<\/p>\n<p class=\"aw-1gybjub aw-1p7kakr kEtdKx cEmitX yle__article__paragraph\">H\u00e4nen mukaansa kukaan ei haluaisi olla Zelenskyin asemassa nyt \u2013 ei edes kansan suosiossa oleva entinen asevoimien p\u00e4\u00e4llikk\u00f6 <strong class=\"aw-ak79eh KyCXm yle__article__strong\">Valeri Zalu\u017enyi<\/strong>.<\/p>\n<p><img decoding=\"async\" alt=\"Puhujankorokkeella istuva Volodymy Zelenskyi k\u00e4ttelee Valeri Zalu\u017enyita.\" src=\"https:\/\/www.europesays.com\/fi\/wp-content\/uploads\/2025\/11\/39-1136938649fe7ba629f7.jpeg\" loading=\"lazy\" class=\"aw-1l9m598 hKVVvP\"\/><\/p>\n<p>Avaa kuvien katselu<\/p>\n<p>Valeri Zalu\u017enyi on nyky\u00e4\u00e4n Ukrainan Britannian suurl\u00e4hettil\u00e4s. Kuvassa h\u00e4n k\u00e4ttelee Zelenskyi\u00e4 Ukrainan parlamentissa hein\u00e4kuussa 2022. Kuva: AOP<\/p>\n<p class=\"aw-1gybjub aw-1p7kakr kEtdKx cEmitX yle__article__paragraph\">My\u00f6s entisen presidentin <strong class=\"aw-ak79eh KyCXm yle__article__strong\">Petro Poro\u0161enkon<\/strong> kohdalla kyselyt osoittavat, ett\u00e4 yli puolet ukrainalaisista ei \u00e4\u00e4nest\u00e4isi h\u00e4nt\u00e4.<\/p>\n<p class=\"aw-1gybjub aw-1p7kakr kEtdKx cEmitX yle__article__paragraph\">Ven\u00e4j\u00e4mielisist\u00e4 ehdokkaista tutkija mainitsee <strong class=\"aw-ak79eh KyCXm yle__article__strong\">Oleksi Arestovyt\u0161in<\/strong>. H\u00e4n oli Zelenskyin neuvonantaja sodan alussa, mutta riitaantui ja on siit\u00e4 l\u00e4htien hy\u00f6k\u00e4nnyt Zelenskyit\u00e4 vastaan.<\/p>\n<p class=\"aw-1gybjub aw-1p7kakr kEtdKx cEmitX yle__article__paragraph\">Ukraina on julistanut h\u00e4net k\u00e4yt\u00e4nn\u00f6ss\u00e4 ei-toivotuksi henkil\u00f6ksi, ja h\u00e4net on asetettu pakotelistalle, <a class=\"aw-iao6s4 iHOxEa yle__article__link\" href=\"https:\/\/www.rbc.ua\/rus\/news\/arestovich-spisku-zelenskiy-zatverdiv-noviy-1746102730.html\" role=\"link\" rel=\"nofollow noopener\" target=\"_blank\">ukrainalainen RBC kertoo.<\/a> H\u00e4n ei voi osallistua vaaleihin, kuten eiv\u00e4t muut ulkomailla pitk\u00e4\u00e4n oleskelleet, tutkija selitt\u00e4\u00e4.<\/p>\n<p><img decoding=\"async\" alt=\"Oleksi Arestovytsh.\" src=\"https:\/\/www.europesays.com\/fi\/wp-content\/uploads\/2025\/12\/39-9280496230250567d5e.jpeg\" loading=\"lazy\" class=\"aw-1l9m598 hKVVvP\"\/><\/p>\n<p>Avaa kuvien katselu<\/p>\n<p>Oleksi Arestovyt\u0161 toimi aiemmin Zelenskyin neuvonantajana. Kuva vuodelta 2020. Kuva: Ukrinform \/ AOP<\/p>\n<p class=\"aw-1gybjub aw-1p7kakr kEtdKx cEmitX yle__article__paragraph\">\u2013 Ven\u00e4j\u00e4 voi nostaa esiin t\u00e4llaisia henkil\u00f6it\u00e4 ja v\u00e4itt\u00e4\u00e4, ett\u00e4 vaalit ovat laittomat, koska oppositiolla ei ollut mahdollisuutta osallistua. T\u00e4m\u00e4 on t\u00e4ysin mahdollista.<\/p>\n<p>Tutkija ei tied\u00e4, asettuisiko Zelenskyi ehdolle<\/p>\n<p class=\"aw-1gybjub aw-1p7kakr kEtdKx cEmitX yle__article__paragraph\">Zelenskyin ehdokkuudestakaan tutkija ei ole varma.<\/p>\n<p class=\"aw-1gybjub aw-1p7kakr kEtdKx cEmitX yle__article__paragraph\">\u2013 Presidentti sanoi heti alkuun, ett\u00e4 h\u00e4n on vain yhden kauden presidentti. Ukrainalaiset muistavat sen hyvin. Kaikki riippuu muista ehdokkaista. Jos Zelenskyi on varma, ettei h\u00e4n voita, h\u00e4n ei l\u00e4hde ehdolle, Batozskyi sanoo.<\/p>\n<p class=\"aw-1gybjub aw-1p7kakr kEtdKx cEmitX yle__article__paragraph\">Yhdest\u00e4 asiasta tutkija on kuitenkin varma: ukrainalaiset eiv\u00e4t kaipaa vaaleja nyt. Eiv\u00e4t edes Zelenskyin l\u00e4hipiiriin ulottuvan korruptioskandaalin j\u00e4lkeen. H\u00e4nen mukaansa Zelenskyi k\u00e4sitteli tilanteen hyvin heitt\u00e4m\u00e4ll\u00e4 korruptioon sotkeutuneet \u201djunan alle\u201d.<\/p>\n<p class=\"aw-1gybjub aw-1p7kakr kEtdKx cEmitX yle__article__paragraph\">\u2013 Se henkil\u00f6, joka ensimm\u00e4isen\u00e4 astuu esiin ja sanoo haluavansa asettua presidenttiehdokkaaksi, joutuu ihmisten julkisen lynkkauksen kohteeksi \u2013 ja t\u00e4ysin oikeutetusti.<\/p>\n","protected":false},"excerpt":{"rendered":"Ukrainalaisen asiantuntijan Kostjantyn Batozskyin mukaan maassa on mahdotonta j\u00e4rjest\u00e4\u00e4 rehellisi\u00e4 vaaleja sodan takia. Vaaleja est\u00e4v\u00e4t nykyinen perustuslaki, miljoonat&hellip;\n","protected":false},"author":2,"featured_media":113141,"comment_status":"","ping_status":"","sticky":false,"template":"","format":"standard","meta":{"footnotes":""},"categories":[14],"tags":[22,23,585,26,27,33,31,30,17,24,25,28,29,15,18,21,32,19,20,1303,56,16,547,987,3963,59,60,61],"class_list":{"0":"post-113140","1":"post","2":"type-post","3":"status-publish","4":"format-standard","5":"has-post-thumbnail","7":"category-ulkomaat","8":"tag-breaking-news","9":"tag-breakingnews","10":"tag-donald-trump","11":"tag-featured-news","12":"tag-featurednews","13":"tag-fi","14":"tag-finland","15":"tag-finnish","16":"tag-headlines","17":"tag-latest-news","18":"tag-latestnews","19":"tag-main-news","20":"tag-mainnews","21":"tag-news","22":"tag-otsikot","23":"tag-paauutiset","24":"tag-suomi","25":"tag-top-stories","26":"tag-topstories","27":"tag-ukraina","28":"tag-ulkomaat","29":"tag-uutiset","30":"tag-venaja","31":"tag-venajan-hyokkays","32":"tag-volodymyr-zelenskyi","33":"tag-world","34":"tag-world-news","35":"tag-worldnews"},"share_on_mastodon":{"url":"https:\/\/pubeurope.com\/@fi\/115698055843192730","error":""},"_links":{"self":[{"href":"https:\/\/www.europesays.com\/fi\/wp-json\/wp\/v2\/posts\/113140","targetHints":{"allow":["GET"]}}],"collection":[{"href":"https:\/\/www.europesays.com\/fi\/wp-json\/wp\/v2\/posts"}],"about":[{"href":"https:\/\/www.europesays.com\/fi\/wp-json\/wp\/v2\/types\/post"}],"author":[{"embeddable":true,"href":"https:\/\/www.europesays.com\/fi\/wp-json\/wp\/v2\/users\/2"}],"replies":[{"embeddable":true,"href":"https:\/\/www.europesays.com\/fi\/wp-json\/wp\/v2\/comments?post=113140"}],"version-history":[{"count":0,"href":"https:\/\/www.europesays.com\/fi\/wp-json\/wp\/v2\/posts\/113140\/revisions"}],"wp:featuredmedia":[{"embeddable":true,"href":"https:\/\/www.europesays.com\/fi\/wp-json\/wp\/v2\/media\/113141"}],"wp:attachment":[{"href":"https:\/\/www.europesays.com\/fi\/wp-json\/wp\/v2\/media?parent=113140"}],"wp:term":[{"taxonomy":"category","embeddable":true,"href":"https:\/\/www.europesays.com\/fi\/wp-json\/wp\/v2\/categories?post=113140"},{"taxonomy":"post_tag","embeddable":true,"href":"https:\/\/www.europesays.com\/fi\/wp-json\/wp\/v2\/tags?post=113140"}],"curies":[{"name":"wp","href":"https:\/\/api.w.org\/{rel}","templated":true}]}}