{"id":113157,"date":"2025-12-11T00:43:10","date_gmt":"2025-12-11T00:43:10","guid":{"rendered":"https:\/\/www.europesays.com\/fi\/113157\/"},"modified":"2025-12-11T00:43:10","modified_gmt":"2025-12-11T00:43:10","slug":"video-julki-usa-kaappasi-oljytankkerin","status":"publish","type":"post","link":"https:\/\/www.europesays.com\/fi\/113157\/","title":{"rendered":"Video julki: USA kaappasi \u00f6ljytankkerin"},"content":{"rendered":"<p>Tapausta luonnehditaan mediassa suureksi eskalaatioksi.<\/p>\n<p><img decoding=\"async\" class=\"image image-show image-preview\" src=\"https:\/\/www.europesays.com\/fi\/wp-content\/uploads\/2025\/12\/56a1a586a2d11b419b444daac9170162da18bd010f3d6f40ac7a99ba5f4afa02.jpg\" alt=\"\"\/><img decoding=\"async\" class=\"image image-show\" src=\"https:\/\/www.europesays.com\/fi\/wp-content\/uploads\/2025\/12\/1765413790_709_56a1a586a2d11b419b444daac9170162da18bd010f3d6f40ac7a99ba5f4afa02.jpg\" alt=\"\"\/><\/p>\n<p>Yhdysvaltain presidentti Donald Trump vahvisti tapauksen keskiviikkoiltana Suomen aikaa. EPA \/ AOP<\/p>\n<p class=\"paragraph\">Yhdysvallat on ottanut haltuunsa \u00f6ljytankkerin Venezuelan edustalla.<\/p>\n<p class=\"paragraph\">Tapauksen vahvistaa Yhdysvaltain presidentti <a href=\"https:\/\/www.iltalehti.fi\/henkilot\/Donald Trump\" class=\"article-link-person-page\" rel=\"nofollow noopener\" target=\"_blank\">Donald Trump<\/a>.<\/p>\n<p class=\"paragraph\">\u2013 Kuten luultavasti tied\u00e4tte, olemme juuri ottaneet haltuumme tankkerin Venezuelan rannikolla, Trump kommentoi toimittajille uutistoimisto Reutersin mukaan.<\/p>\n<p class=\"paragraph\">\u2013 Suuren tankkerin, eritt\u00e4in suuren \u2013 itse asiassa suurimman, jonka olemme koskaan takavarikoineet. Ja muitakin asioita tapahtuu.<\/p>\n<p class=\"paragraph\">Yhdysvaltain oikeusministeri <a href=\"https:\/\/www.iltalehti.fi\/henkilot\/Pam Bondi\" class=\"article-link-person-page\" rel=\"nofollow noopener\" target=\"_blank\">Pam Bondi<\/a> julkaisi <a href=\"https:\/\/x.com\/AGPamBondi\/status\/1998875795151024337\" target=\"_blank\" rel=\"noopener nofollow\">viestipalvelu X:ss\u00e4<\/a> videon, jolla Yhdysvaltain operaatio h\u00e4nen mukaansa n\u00e4kyy.<\/p>\n<p class=\"paragraph\">Trumpilta on kysytty, mit\u00e4 aluksen kuljettamalle \u00f6ljylle tapahtuu.<\/p>\n<p class=\"paragraph\">\u2013 Luulen, ett\u00e4 pid\u00e4mme sen, Trump sanoo.<\/p>\n<p class=\"paragraph\">Trump ei ole kertonut tarkemmin, miksi Yhdysvallat otti aluksen haltuunsa. H\u00e4nen mukaansa takavarikko tehtiin \u201deritt\u00e4in hyv\u00e4st\u00e4 syyst\u00e4\u201d.<\/p>\n<p>Oppositiojohtaja pois maasta<\/p>\n<p class=\"paragraph\">Takavarikko tapahtui sen vain tunteja sen j\u00e4lkeen, kun Yhdysvallat oli kuljettanut Venezuelan oppositiojohtaja <a href=\"https:\/\/www.iltalehti.fi\/henkilot\/Mar\u00eda Corina Machado\" class=\"article-link-person-page\" rel=\"nofollow noopener\" target=\"_blank\">Mar\u00eda Corina Machadon<\/a> pois maasta, uutisoi <a href=\"https:\/\/www.wsj.com\/world\/americas\/u-s-seizes-oil-tanker-off-venezuela-in-escalation-of-pressure-on-maduro-regime-ec2cd0b6\" target=\"_blank\" rel=\"noopener nofollow\">The Wall Street Journal<\/a> (WSJ).<\/p>\n<p class=\"paragraph\">Yhdysvaltain takavarikoima alus oli matkalla Kuubaan, asiaa tunteva l\u00e4hde kertoo <a href=\"https:\/\/www.politico.com\/news\/2025\/12\/10\/us-seizes-venezuelan-oil-tanker-00685289\" target=\"_blank\" rel=\"noopener nofollow\">Politicolle<\/a>. Sen kuljettama \u00f6ljy on tarkoitus myyd\u00e4 aasialaisille v\u00e4litt\u00e4jille, l\u00e4hde sanoo.<\/p>\n<p class=\"paragraph\">Alusta ei ole toistaiseksi nimetty, eik\u00e4 ole tiedossa, miss\u00e4 Yhdysvallat tarkalleen ottaen otti aluksen haltuunsa. Viranomaiset eiv\u00e4t ole my\u00f6sk\u00e4\u00e4n kertoneet, mink\u00e4 lipun alla alus seilaa.<\/p>\n<p class=\"paragraph\">Mediatietojen perusteella kyseess\u00e4 saattaa olla alus, jonka Yhdysvallat on asettanut pakotelistalleen.<\/p>\n<p class=\"paragraph\">Venezuelan edustalla on keskiviikkona otettu haltuun Skipper-niminen \u00f6ljytankkeri, singaporelaiset v\u00e4litt\u00e4j\u00e4t kertovat WSJ:lle.<\/p>\n<p class=\"paragraph\">Aluksen nimi on ollut aiemmin Adisa. Yhdysvaltojen mukaan alus on osallistunut iranilaisen \u00f6ljyn kauppaan, mink\u00e4 vuoksi se on pakotelistalla.<\/p>\n<p>\u201dSuuri eskalaatio\u201d<\/p>\n<p class=\"paragraph\">Politico luonnehtii tapausta \u201dsuureksi eskalaatioksi\u201d Yhdysvaltain painostuskampanjassa Venezuelaa vastaan.<\/p>\n<p class=\"paragraph\">Reutersille puhuneiden l\u00e4hteiden mukaan operaatiota johti Yhdysvaltain rannikkovartiosto. Yhdysvaltain laivasto toimi tukena, kaksi l\u00e4hdett\u00e4 Pentagonista sanoo WSJ:lle.<\/p>\n<p class=\"paragraph\">Venezuelan johtaja <strong>Nicol\u00e1s Maduro<\/strong> on tuominnut Yhdysvaltojen toiminnan, kertoo uutistoimisto AFP.<\/p>\n<p class=\"paragraph\">Maduron mukaan Yhdysvaltojen hallituksen ei tulisi puuttua Venezuelan ja muun Latinalaisen Amerikan asioihin.<\/p>\n<p class=\"paragraph\">\u2013 Yhdysvaltain hallitus keskittyk\u00f6\u00f6n johtamaan omaa maataan, Maduro sanoo.<\/p>\n<p class=\"paragraph\">Yhdysvaltojen ja Venezuelan v\u00e4lit ovat kiristyneet rajusti t\u00e4n\u00e4 vuonna. Joidenkin arvioiden mukaan Yhdysvallat on valmis toteuttamaan iskuja Venezuelan maaper\u00e4lle.<\/p>\n","protected":false},"excerpt":{"rendered":"Tapausta luonnehditaan mediassa suureksi eskalaatioksi. Yhdysvaltain presidentti Donald Trump vahvisti tapauksen keskiviikkoiltana Suomen aikaa. EPA \/ AOP Yhdysvallat&hellip;\n","protected":false},"author":2,"featured_media":113158,"comment_status":"","ping_status":"","sticky":false,"template":"","format":"standard","meta":{"footnotes":""},"categories":[5],"tags":[35,22,23,26,27,33,31,30,17,24,25,28,29,15,18,21,142,637,144,32,19,20,16,2568,143],"class_list":{"0":"post-113157","1":"post","2":"type-post","3":"status-publish","4":"format-standard","5":"has-post-thumbnail","7":"category-otsikot","8":"tag-24h","9":"tag-breaking-news","10":"tag-breakingnews","11":"tag-featured-news","12":"tag-featurednews","13":"tag-fi","14":"tag-finland","15":"tag-finnish","16":"tag-headlines","17":"tag-latest-news","18":"tag-latestnews","19":"tag-main-news","20":"tag-mainnews","21":"tag-news","22":"tag-otsikot","23":"tag-paauutiset","24":"tag-poliitikot","25":"tag-politiikka","26":"tag-presidentti","27":"tag-suomi","28":"tag-top-stories","29":"tag-topstories","30":"tag-uutiset","31":"tag-vesiliikenne","32":"tag-yhdysvaltain-politiikka"},"share_on_mastodon":{"url":"https:\/\/pubeurope.com\/@fi\/115698165962972223","error":""},"_links":{"self":[{"href":"https:\/\/www.europesays.com\/fi\/wp-json\/wp\/v2\/posts\/113157","targetHints":{"allow":["GET"]}}],"collection":[{"href":"https:\/\/www.europesays.com\/fi\/wp-json\/wp\/v2\/posts"}],"about":[{"href":"https:\/\/www.europesays.com\/fi\/wp-json\/wp\/v2\/types\/post"}],"author":[{"embeddable":true,"href":"https:\/\/www.europesays.com\/fi\/wp-json\/wp\/v2\/users\/2"}],"replies":[{"embeddable":true,"href":"https:\/\/www.europesays.com\/fi\/wp-json\/wp\/v2\/comments?post=113157"}],"version-history":[{"count":0,"href":"https:\/\/www.europesays.com\/fi\/wp-json\/wp\/v2\/posts\/113157\/revisions"}],"wp:featuredmedia":[{"embeddable":true,"href":"https:\/\/www.europesays.com\/fi\/wp-json\/wp\/v2\/media\/113158"}],"wp:attachment":[{"href":"https:\/\/www.europesays.com\/fi\/wp-json\/wp\/v2\/media?parent=113157"}],"wp:term":[{"taxonomy":"category","embeddable":true,"href":"https:\/\/www.europesays.com\/fi\/wp-json\/wp\/v2\/categories?post=113157"},{"taxonomy":"post_tag","embeddable":true,"href":"https:\/\/www.europesays.com\/fi\/wp-json\/wp\/v2\/tags?post=113157"}],"curies":[{"name":"wp","href":"https:\/\/api.w.org\/{rel}","templated":true}]}}