{"id":113187,"date":"2025-12-11T01:50:08","date_gmt":"2025-12-11T01:50:08","guid":{"rendered":"https:\/\/www.europesays.com\/fi\/113187\/"},"modified":"2025-12-11T01:50:08","modified_gmt":"2025-12-11T01:50:08","slug":"suositun-sitcom-hahmon-vaatteisiin-pukeutuminen-sai-nayttelijan-kauhistumaan-en-tieda-mita-sanoa","status":"publish","type":"post","link":"https:\/\/www.europesays.com\/fi\/113187\/","title":{"rendered":"Suositun sitcom-hahmon vaatteisiin pukeutuminen sai n\u00e4yttelij\u00e4n kauhistumaan &#8211; &#8221;En tied\u00e4 mit\u00e4 sanoa&#8221;&#8221;"},"content":{"rendered":"<p>1990-luvun sitcom-sarja Seinfeldista tutun Elaine Benes -hahmon tyyli on levinnyt erityisesti Halloween-pukuihin ja someen.<\/p>\n<p>\u201dSe on suosittu ja helppo asu. Pelkk\u00e4 mekko ja kihara tukka. Kuka tahansa voi vet\u00e4\u00e4 lookin kasaan perusvaatteilla\u201d, koomikko <strong>Amy Poehler<\/strong> kuvaili.<\/p>\n<p>Roolia n\u00e4ytellyt<strong> Julia Louis-Dreyfus<\/strong> ei ollut asiasta mieliss\u00e4\u00e4n.<\/p>\n<p>\u201dEn tied\u00e4 mit\u00e4 sanoa. Olen niin pahoillani siit\u00e4\u201d.<\/p>\n<p>\u201cJos kukaan Amerikassa kuuntelee t\u00e4t\u00e4, \u00e4lk\u00e4\u00e4 tuoko 1990-lukua takaisin. Inhoan ajatusta kukkamekkojen, j\u00e4ttibleisereiden ja erikoisten kampauksien paluusta\u201d.<\/p>\n<p>\u201dVoi hyv\u00e4 jumala sent\u00e4\u00e4n, haluaisin palata ajassa taaksep\u00e4in ja korjata sen\u201d, Louis-Dreyfus kauhisteli Poehlerin podcastissa.<\/p>\n<p>Lue my\u00f6s: <a href=\"https:\/\/www.episodi.fi\/uutiset\/larry-david-paljastaa-lempijaksonsa-seinfeldista-oli-valmis-lopettamaan-sarjan-tekemisen-jos-ei-olisi-saanut-tehda-jaksoa\/\" title=\"Larry David paljastaa lempijaksonsa Seinfeldist\u00e4 \u2013\u00a0Oli valmis lopettamaan sarjan tekemisen, jos ei olisi saanut tehd\u00e4 jaksoa\" class=\"underline-custom !font-montserrat !font-bold !underline-offset-4 !decoration-4 !decoration-episodi-blue !text-md\" rel=\"nofollow noopener\" target=\"_blank\">Larry David paljastaa lempijaksonsa Seinfeldist\u00e4 \u2013\u00a0Oli valmis lopettamaan sarjan tekemisen, jos ei olisi saanut tehd\u00e4 jaksoa<\/a><\/p>\n<p>Lue my\u00f6s: <a href=\"https:\/\/www.episodi.fi\/uutiset\/seinfeld-ja-jaita-hattuun-mestari-larry-davidilta-uusi-sketsisarja-hbolle-teemana-amerikan-historia\/\" title=\"Seinfeld- ja J\u00e4it\u00e4 hattuun -mestari Larry Davidilta uusi sketsisarja HBO:lle \u2013 Teemana Amerikan historia\" class=\"underline-custom !font-montserrat !font-bold !underline-offset-4 !decoration-4 !decoration-episodi-blue !text-md\" rel=\"nofollow noopener\" target=\"_blank\">Seinfeld- ja J\u00e4it\u00e4 hattuun -mestari Larry Davidilta uusi sketsisarja HBO:lle \u2013 Teemana Amerikan historia<\/a><\/p>\n<p>Lue my\u00f6s: <a href=\"https:\/\/www.episodi.fi\/uutiset\/julia-louis-dreyfus-kohtaa-kuoleman-a24n-tuottamassa-draamaelokuvassa-katso-traileri\/\" title=\"Julia Louis-Dreyfus kohtaa kuoleman A24:n tuottamassa draamaelokuvassa \u2013 Katso traileri\" class=\"underline-custom !font-montserrat !font-bold !underline-offset-4 !decoration-4 !decoration-episodi-blue !text-md\" rel=\"nofollow noopener\" target=\"_blank\">Julia Louis-Dreyfus kohtaa kuoleman A24:n tuottamassa draamaelokuvassa \u2013 Katso traileri<\/a><\/p>\n<p>Louis-Dreyfusin mukaan aivan kaikki ei 1990-luvulla ollut pieless\u00e4. 11-kertainen Emmy-voittaja muisti vertailleensa tuolloin itse\u00e4\u00e4n Frendit-sarjan n\u00e4yttelij\u00f6ihin.<\/p>\n<p>\u201cKaikki sarjan tyt\u00f6t olivat niin seksikk\u00e4it\u00e4. Muistan ajatelleeni: \u201dVoi helvetti, minunkin olisi pit\u00e4nyt olla seksik\u00e4s\u201d, Louis-Dreyfus lausui.<\/p>\n<p>L\u00e4hde: <a href=\"https:\/\/www.comingsoon.net\/pop-culture\/news\/2072418-julia-louis-dreyfus-seinfeld-elaine-react\" rel=\"nofollow noopener\" target=\"_blank\">Comingsoon<\/a><\/p>\n<p>Lue my\u00f6s: <a href=\"https:\/\/www.episodi.fi\/uutiskirje\/?uutiskirjemainos=tekstilinkkimainos\" title=\"Tilaa Episodin uutiskirje ja voit voittaa leffalippuja! Nappaa tv-vinkit suoraan s\u00e4hk\u00f6postiin t\u00e4st\u00e4.\" class=\"underline-custom !font-montserrat !font-bold !underline-offset-4 !decoration-4 !decoration-episodi-blue !text-md\" rel=\"nofollow noopener\" target=\"_blank\">Tilaa Episodin uutiskirje ja voit voittaa leffalippuja! Nappaa katseluvinkit suoraan s\u00e4hk\u00f6postiin t\u00e4st\u00e4.<\/a><\/p>\n<p>\t\t\t<a href=\"https:\/\/www.facebook.com\/sharer\/sharer.php?u=https:\/\/www.episodi.fi\/uutiset\/ihmiset-pukeutuvat-suositun-sitcom-hahmon-vaatteisiin-halloweenina-alkaa-tuoko-1990-lukua-takaisin\/\" target=\"_blank\" class=\"block px-4 py-2 text-sm text-gray-800 border-b hover:bg-gray-200\" rel=\"nofollow noopener\"><\/p>\n<p>\t\t\t\tFacebook<br \/>\n\t\t\t<\/a><br \/>\n\t\t\t<a href=\"https:\/\/twitter.com\/intent\/tweet?text=https:\/\/www.episodi.fi\/uutiset\/ihmiset-pukeutuvat-suositun-sitcom-hahmon-vaatteisiin-halloweenina-alkaa-tuoko-1990-lukua-takaisin\/\" target=\"_blank\" class=\"block px-4 py-2 text-sm text-gray-800 border-b hover:bg-gray-200\" rel=\"nofollow noopener\"><\/p>\n<p>\t\t\t\tTwitter<br \/>\n\t\t\t<\/a><br \/>\n\t\t\t<a href=\"mailto:?subject=Suositun sitcom-hahmon vaatteisiin pukeutuminen sai n\u00e4yttelij\u00e4n kauhistumaan \u2013 \u201dEn tied\u00e4 mit\u00e4 sanoa\u201d\u201d&amp;body=https:\/\/www.episodi.fi\/uutiset\/ihmiset-pukeutuvat-suositun-sitcom-hahmon-vaatteisiin-halloweenina-alkaa-tuoko-1990-lukua-takaisin\/\" target=\"_blank\" class=\"block px-4 py-2 text-sm text-gray-800 border-b hover:bg-gray-200\"><\/p>\n<p>\t\t\t\tS\u00e4hk\u00f6posti<\/a><\/p>\n<p>\t\t\t\t<script async src=\"https:\/\/platform.twitter.com\/widgets.js\" charset=\"utf-8\"><\/script><\/p>\n","protected":false},"excerpt":{"rendered":"1990-luvun sitcom-sarja Seinfeldista tutun Elaine Benes -hahmon tyyli on levinnyt erityisesti Halloween-pukuihin ja someen. \u201dSe on suosittu ja&hellip;\n","protected":false},"author":2,"featured_media":113188,"comment_status":"","ping_status":"","sticky":false,"template":"","format":"standard","meta":{"footnotes":""},"categories":[133],"tags":[137,33,31,30,259,20853,32,206,156,109],"class_list":{"0":"post-113187","1":"post","2":"type-post","3":"status-publish","4":"format-standard","5":"has-post-thumbnail","7":"category-televisiot","8":"tag-entertainment","9":"tag-fi","10":"tag-finland","11":"tag-finnish","12":"tag-julia-louis-dreyfus","13":"tag-seinfeld","14":"tag-suomi","15":"tag-televisiot","16":"tag-tv","17":"tag-viihde"},"share_on_mastodon":{"url":"https:\/\/pubeurope.com\/@fi\/115698429045817321","error":""},"_links":{"self":[{"href":"https:\/\/www.europesays.com\/fi\/wp-json\/wp\/v2\/posts\/113187","targetHints":{"allow":["GET"]}}],"collection":[{"href":"https:\/\/www.europesays.com\/fi\/wp-json\/wp\/v2\/posts"}],"about":[{"href":"https:\/\/www.europesays.com\/fi\/wp-json\/wp\/v2\/types\/post"}],"author":[{"embeddable":true,"href":"https:\/\/www.europesays.com\/fi\/wp-json\/wp\/v2\/users\/2"}],"replies":[{"embeddable":true,"href":"https:\/\/www.europesays.com\/fi\/wp-json\/wp\/v2\/comments?post=113187"}],"version-history":[{"count":0,"href":"https:\/\/www.europesays.com\/fi\/wp-json\/wp\/v2\/posts\/113187\/revisions"}],"wp:featuredmedia":[{"embeddable":true,"href":"https:\/\/www.europesays.com\/fi\/wp-json\/wp\/v2\/media\/113188"}],"wp:attachment":[{"href":"https:\/\/www.europesays.com\/fi\/wp-json\/wp\/v2\/media?parent=113187"}],"wp:term":[{"taxonomy":"category","embeddable":true,"href":"https:\/\/www.europesays.com\/fi\/wp-json\/wp\/v2\/categories?post=113187"},{"taxonomy":"post_tag","embeddable":true,"href":"https:\/\/www.europesays.com\/fi\/wp-json\/wp\/v2\/tags?post=113187"}],"curies":[{"name":"wp","href":"https:\/\/api.w.org\/{rel}","templated":true}]}}