{"id":113194,"date":"2025-12-11T01:59:08","date_gmt":"2025-12-11T01:59:08","guid":{"rendered":"https:\/\/www.europesays.com\/fi\/113194\/"},"modified":"2025-12-11T01:59:08","modified_gmt":"2025-12-11T01:59:08","slug":"nato-maa-listasi-usan-uhaksi-nyt-tuli-vastaus","status":"publish","type":"post","link":"https:\/\/www.europesays.com\/fi\/113194\/","title":{"rendered":"Nato-maa listasi USA:n uhaksi \u2013 Nyt tuli vastaus"},"content":{"rendered":"<p>T\u00e4m\u00e4 on ensimm\u00e4inen kerta, kun Tanska nime\u00e4\u00e4 Yhdysvallat turvallisuusriskiksi vuosittaisessa uhka-arviossaan.<\/p>\n<p><img decoding=\"async\" class=\"image image-show image-preview\" src=\"https:\/\/www.europesays.com\/fi\/wp-content\/uploads\/2025\/12\/1765418347_477_9bca21bd78fa3a0a45ffa1772eabba1da4c38d11f71ba3c4cca9172b82886dd4.jpg\" alt=\"\"\/><img decoding=\"async\" class=\"image image-show\" src=\"https:\/\/www.europesays.com\/fi\/wp-content\/uploads\/2025\/12\/1765418348_645_9bca21bd78fa3a0a45ffa1772eabba1da4c38d11f71ba3c4cca9172b82886dd4.jpg\" alt=\"\"\/><\/p>\n<p>Trumpin puheet Gr\u00f6nlannista her\u00e4ttiv\u00e4t j\u00e4rkytyst\u00e4 Tanskassa kev\u00e4\u00e4ll\u00e4. EPA \/ AOP<\/p>\n<p class=\"paragraph\">Tanska on nimennyt Yhdysvallat maata uhkaavaksi turvallisuusriskiksi, kertovat tanskalaismedia <a href=\"https:\/\/politiken.dk\/edition\/news\/art10654773\/A-sentence-about-the-USA-in-a-new-threat-assessment-raises-eyebrows\" target=\"_blank\" rel=\"noopener nofollow\">Politiken<\/a> ja uutistoimisto <a href=\"https:\/\/www.reuters.com\/world\/china\/denmarks-military-intelligence-agency-sees-rising-threats-2025-12-10\/\" target=\"_blank\" rel=\"noopener nofollow\">Reuters.<\/a><\/p>\n<p class=\"paragraph\">Asia k\u00e4y ilmi Tanskan sotilastiedustelun (FE) vuosittaisesta uhka-arviosta. Raportin mukaan Tanska kohtaa eniten ulkoisia uhkia vuosikausiin.<\/p>\n<p class=\"paragraph\">Kiinan ja Ven\u00e4j\u00e4n lis\u00e4ksi raportissa keskityt\u00e4\u00e4n my\u00f6s Yhdysvaltoihin \u2013 ensimm\u00e4ist\u00e4 kertaa koskaan.<\/p>\n<p class=\"paragraph\">\u2013 Yhdysvallat k\u00e4ytt\u00e4\u00e4 nyt taloudellista ja teknologista vahvuuttaan voimanl\u00e4hteen\u00e4, jopa liittolaisia \u200b\u200bja kumppaneita vastaan.<\/p>\n<p class=\"paragraph\">T\u00e4m\u00e4 on Naton j\u00e4senmaalta hyvin tiukka lausunto sotilasliiton johtomaasta Yhdysvalloista. Politikenin haastatteleman asiantuntijan mukaan on poikkeuksellista, ett\u00e4 Tanskan tiedustelu kritisoi Yhdysvaltoja suoraan.<\/p>\n<p>Ven\u00e4j\u00e4 ja USA<\/p>\n<p class=\"paragraph\">Yhdysvaltain presidentti <a href=\"https:\/\/www.iltalehti.fi\/henkilot\/Donald Trump\" class=\"article-link-person-page\" rel=\"nofollow noopener\" target=\"_blank\">Donald Trump<\/a> on toistuvasti vaatinut Tanskaa luovuttamaan Gr\u00f6nlannin ja vihjasi kev\u00e4\u00e4ll\u00e4 olevansa valmis sotilaalliseen operaatioon saadakseen saaren haltuunsa.<\/p>\n<p class=\"paragraph\">Trumpin himo Gr\u00f6nlantia kohtaan ei ole kadonnut mihink\u00e4\u00e4n, Tanskan p\u00e4\u00e4ministeri <a href=\"https:\/\/www.iltalehti.fi\/henkilot\/Mette Frederiksen\" class=\"article-link-person-page\" rel=\"nofollow noopener\" target=\"_blank\">Mette Frederiksen<\/a> varoitti lokakuussa. Raportissa mainitaan Yhdysvaltain kiinnostus arktista aluetta kohtaan ja suurvaltojen v\u00e4linen taistelu alueen herruudesta.<\/p>\n<p class=\"paragraph\">Politicon listan mukaan Tanskan p\u00e4\u00e4ministeri Mette Frederiksen on Euroopan toiseksi vaikutusvaltaisin henkil\u00f6 USA:n presidentti Donald Trumpin j\u00e4lkeen.<\/p>\n<p class=\"paragraph\">Tiedusteluraportin mukaan Tanska on laajemminkin ep\u00e4varma siit\u00e4, onko Yhdysvallat sitoutunut Euroopan turvallisuuteen.<\/p>\n<p class=\"paragraph\">Trumpin hallinto on useasti antanut ymm\u00e4rt\u00e4\u00e4, ettei Yhdysvallat tule v\u00e4ltt\u00e4m\u00e4tt\u00e4 apuun, jos Ven\u00e4j\u00e4 hy\u00f6kk\u00e4isi Nato-maahan.<\/p>\n<p>Trump haluaa edelleen Gr\u00f6nlannin haltuunsa, varoitti Tanskan p\u00e4\u00e4ministeri Mette Frederiksen lokakuussa. EPA \/ AOP<\/p>\n<p class=\"paragraph\">\u2013 Yhdysvallat on ollut turvallisuutemme takaaja sukupolvien ajan, joten turvallisuuspoliittinen ep\u00e4varmuus kasvaa, kun Yhdysvaltojen rooli Euroopassa ja laajemmin on ep\u00e4varma, sanoo FE:n johtaja <strong>Thomas Ahrenkiel<\/strong>.<\/p>\n<p class=\"paragraph\">Ep\u00e4varmuus Yhdysvaltojen roolista tarjoaa Ven\u00e4j\u00e4lle mahdollisuuden tehostaa hybridi-iskujaan Eurooppaan, raportissa todetaan.<\/p>\n<p class=\"paragraph\">\u2013 Tilanne on vakava, ja siksi panostamme aiempaa enemm\u00e4n sen analysoimiseen, Ahrenkiel sanoo.<\/p>\n<p class=\"paragraph\">Tiedustelujohtaja sanoo, ett\u00e4 Yhdysvallat on edelleen Tanskan t\u00e4rkein liittolainen turvallisuuden suhteen. Ahrenkiel ei vastaa suoraan kysymykseen, onko maa Tanskalle yst\u00e4v\u00e4 vai vihollinen.<\/p>\n<p class=\"paragraph\">\u2013 Mielest\u00e4ni se on poliittinen kysymys. Emme keskity yst\u00e4viin ja vihollisiin; teht\u00e4v\u00e4mme on tarkastella, mit\u00e4 turvallisuuspoliittisia haasteita ja uhkia Tanska kohtaa.<\/p>\n<p class=\"paragraph\">Raportissa mainittu taloudellinen uhka viittaa Trumpin tapaan painostaa maita uhkaamalla korottaa tullimaksuja, mik\u00e4li maan suunta ei miellyt\u00e4 USA:ta.<\/p>\n<p class=\"paragraph\">Teknologisella uhalla viitataan esimerkiksi \u201dmuiden maiden tekemiseen riippuvaisiksi amerikkalaisesta teknologiasta, mik\u00e4 v\u00e4hent\u00e4\u00e4 maiden kannustimia kehitt\u00e4\u00e4 samoja teknologioita\u201d, Ahrenkiel sanoo.<\/p>\n<p class=\"paragraph\">Politikenin mukaan Yhdysvaltain Tanskan-suurl\u00e4hetyst\u00f6n tiedottaja vastasi uhka-arvioon diplomaattisesti.<\/p>\n<p class=\"paragraph\">\u2013 Uhka-arvioiden tekeminen on Tanskan hallituksen teht\u00e4v\u00e4. Yhdysvalloilla ja Tanskalla on monia yhteisi\u00e4 huolenaiheita ja tavoitteita teknologian ja talouden alalla.<\/p>\n<p class=\"paragraph\">\u2013 Jatkamme kumppanuuksien vahvistamista liittolaisten kanssa yhteisten tavoitteiden edist\u00e4miseksi, mukaan lukien kriittisten teknologioiden tutkimus, kehitys ja k\u00e4ytt\u00f6\u00f6notto sek\u00e4 valtion tukeman ylikapasiteetin, ylis\u00e4\u00e4ntelyn ja haitallisen teollisuuspolitiikan torjunta ulkomailla.<\/p>\n<p class=\"paragraph\">Uutinen p\u00e4ivittyy.<\/p>\n","protected":false},"excerpt":{"rendered":"T\u00e4m\u00e4 on ensimm\u00e4inen kerta, kun Tanska nime\u00e4\u00e4 Yhdysvallat turvallisuusriskiksi vuosittaisessa uhka-arviossaan. Trumpin puheet Gr\u00f6nlannista her\u00e4ttiv\u00e4t j\u00e4rkytyst\u00e4 Tanskassa kev\u00e4\u00e4ll\u00e4.&hellip;\n","protected":false},"author":2,"featured_media":113195,"comment_status":"","ping_status":"","sticky":false,"template":"","format":"standard","meta":{"footnotes":""},"categories":[14],"tags":[35,722,22,23,26,27,33,31,30,17,24,25,28,29,15,18,21,142,637,144,32,19,20,56,16,59,60,61,143],"class_list":{"0":"post-113194","1":"post","2":"type-post","3":"status-publish","4":"format-standard","5":"has-post-thumbnail","7":"category-ulkomaat","8":"tag-24h","9":"tag-amerikka","10":"tag-breaking-news","11":"tag-breakingnews","12":"tag-featured-news","13":"tag-featurednews","14":"tag-fi","15":"tag-finland","16":"tag-finnish","17":"tag-headlines","18":"tag-latest-news","19":"tag-latestnews","20":"tag-main-news","21":"tag-mainnews","22":"tag-news","23":"tag-otsikot","24":"tag-paauutiset","25":"tag-poliitikot","26":"tag-politiikka","27":"tag-presidentti","28":"tag-suomi","29":"tag-top-stories","30":"tag-topstories","31":"tag-ulkomaat","32":"tag-uutiset","33":"tag-world","34":"tag-world-news","35":"tag-worldnews","36":"tag-yhdysvaltain-politiikka"},"share_on_mastodon":{"url":"https:\/\/pubeurope.com\/@fi\/115698464755489103","error":""},"_links":{"self":[{"href":"https:\/\/www.europesays.com\/fi\/wp-json\/wp\/v2\/posts\/113194","targetHints":{"allow":["GET"]}}],"collection":[{"href":"https:\/\/www.europesays.com\/fi\/wp-json\/wp\/v2\/posts"}],"about":[{"href":"https:\/\/www.europesays.com\/fi\/wp-json\/wp\/v2\/types\/post"}],"author":[{"embeddable":true,"href":"https:\/\/www.europesays.com\/fi\/wp-json\/wp\/v2\/users\/2"}],"replies":[{"embeddable":true,"href":"https:\/\/www.europesays.com\/fi\/wp-json\/wp\/v2\/comments?post=113194"}],"version-history":[{"count":0,"href":"https:\/\/www.europesays.com\/fi\/wp-json\/wp\/v2\/posts\/113194\/revisions"}],"wp:featuredmedia":[{"embeddable":true,"href":"https:\/\/www.europesays.com\/fi\/wp-json\/wp\/v2\/media\/113195"}],"wp:attachment":[{"href":"https:\/\/www.europesays.com\/fi\/wp-json\/wp\/v2\/media?parent=113194"}],"wp:term":[{"taxonomy":"category","embeddable":true,"href":"https:\/\/www.europesays.com\/fi\/wp-json\/wp\/v2\/categories?post=113194"},{"taxonomy":"post_tag","embeddable":true,"href":"https:\/\/www.europesays.com\/fi\/wp-json\/wp\/v2\/tags?post=113194"}],"curies":[{"name":"wp","href":"https:\/\/api.w.org\/{rel}","templated":true}]}}