{"id":113198,"date":"2025-12-11T02:01:08","date_gmt":"2025-12-11T02:01:08","guid":{"rendered":"https:\/\/www.europesays.com\/fi\/113198\/"},"modified":"2025-12-11T02:01:08","modified_gmt":"2025-12-11T02:01:08","slug":"kokoomus-pelasti-yrittajaelakkeet-kohtuudelta-hs-fi","status":"publish","type":"post","link":"https:\/\/www.europesays.com\/fi\/113198\/","title":{"rendered":"Kokoomus pelasti yritt\u00e4j\u00e4el\u00e4kkeet kohtuudelta | HS.fi"},"content":{"rendered":"<p>P\u00e4\u00e4kirjoitus|Yritt\u00e4j\u00e4t ketjuttavat omia el\u00e4kkeit\u00e4\u00e4n muiden maksettaviksi, jotta maksut aktiiviyritt\u00e4misen aikana olisivat pieni\u00e4. Jos t\u00e4llainen ajatustapa hyv\u00e4ksyt\u00e4\u00e4n yritt\u00e4jien kohdalla, miksei sitten muualla?<\/p>\n<p class=\"article-body mb-nof-24 px-nof-16\">Suomalaisessa hyvinvointivaltiossa monet asiat perustuvat luottamukseen. Hyv\u00e4 esimerkki t\u00e4st\u00e4 on ty\u00f6el\u00e4kej\u00e4rjestelm\u00e4.<\/p>\n<p class=\"article-body mb-nof-24 px-nof-16\">El\u00e4kkeell\u00e4 olevien el\u00e4kkeist\u00e4 iso osa tulee ty\u00f6ss\u00e4 olevilta nuoremmilta sukupolvilta. He maksavat, koska olettavat, ett\u00e4 heit\u00e4 nuoremmat jatkavat aikanaan ketjua ja hoitavat vastuunsa vuorollaan.<\/p>\n<p class=\"article-body mb-nof-24 px-nof-16\">Luottamuksen s\u00e4ilymist\u00e4 tukee, ettei sit\u00e4 p\u00e4\u00e4se katkaisemaan. Ei tule \u00e4\u00e4nestyst\u00e4 tai muuta selke\u00e4\u00e4 valintaa, jossa nuoremmat ik\u00e4luokat voisivat kertoa, hylk\u00e4\u00e4v\u00e4tk\u00f6 he ketjutukseen perustuvan el\u00e4kemallin.<\/p>\n<p class=\"article-body mb-nof-24 px-nof-16\">On vanhempien ik\u00e4luokkien onni, ett\u00e4 n\u00e4in on. Nuorten luottamus ty\u00f6el\u00e4kej\u00e4rjestelm\u00e4\u00e4n on heikentynyt: he eiv\u00e4t saa samaa tuottoa maksamalleen el\u00e4ke-eurolle kuin esimerkiksi suuret ik\u00e4luokat.<\/p>\n<p class=\"article-body mb-nof-24 px-nof-16\">Yritt\u00e4jien el\u00e4kkeist\u00e4 yritt\u00e4j\u00e4t \u2013 nuoret ja vanhat \u2013 sen sijaan p\u00e4\u00e4siv\u00e4t sanomaan mielipiteens\u00e4, ja hallitus pel\u00e4styi kuulemaansa. Yritt\u00e4jien el\u00e4kej\u00e4rjestelm\u00e4 (yel) ollaan uudistamassa tavalla, jossa ketjun p\u00e4\u00e4ss\u00e4 maksajaksi joutuu tavallinen suomalainen veronmaksaja.<\/p>\n<p class=\"article-body mb-nof-24 px-nof-16\">Sosiaali- ja terveysministeri\u00f6 asetti vuosi sitten tohtori Jukka Rantalan selvitt\u00e4m\u00e4\u00e4n, miten yritt\u00e4jien el\u00e4kej\u00e4rjestelm\u00e4\u00e4 tulisi uudistaa. Ongelmana on ollut se, miten yritt\u00e4jien el\u00e4kkeit\u00e4 kartuttava ty\u00f6tulo m\u00e4\u00e4ritell\u00e4\u00e4n. Nykyisin pohjana on el\u00e4kelaitoksen arvioima ty\u00f6tulo, johon perustuu moni my\u00f6hempi maksu: el\u00e4ke, sairausvakuutuksen p\u00e4iv\u00e4raha, ty\u00f6tt\u00f6myysturva ja asumistuki.<\/p>\n<p class=\"article-body mb-nof-24 px-nof-16\">Ongelma ei rajoitu ep\u00e4selv\u00e4\u00e4n ja ep\u00e4oikeudenmukaiseksi koettuun laskentaan, vaan hankaluutena on my\u00f6s alivakuuttaminen. Yritt\u00e4jien laskennalliset yel-ty\u00f6tulot ovat selv\u00e4sti yritt\u00e4jien verotettavia ansiotuloja pienemm\u00e4t.<\/p>\n<p class=\"article-body mb-nof-24 px-nof-16\">T\u00e4m\u00e4 on johtanut siihen, ett\u00e4 valtio \u2013 siis veronmaksaja \u2013 on joutunut kustantamaan maksussa olevista yritt\u00e4j\u00e4el\u00e4kkeist\u00e4 sen osan, jota aktiiviyritt\u00e4jien maksamat el\u00e4kemaksut eiv\u00e4t riit\u00e4 kattamaan. Ensi vuonna valtion osuus on kasvamassa jo l\u00e4hes 600 miljoonaan euroon.<\/p>\n<p class=\"article-body mb-nof-24 px-nof-16\">Yritt\u00e4j\u00e4t ketjuttavat omia el\u00e4kkeit\u00e4\u00e4n muiden maksettaviksi, jotta maksut aktiiviyritt\u00e4misen aikana olisivat pieni\u00e4. Moni yritt\u00e4j\u00e4 laskee hoitavansa oman sosiaaliturvansa ja el\u00e4kkeens\u00e4 itse, eik\u00e4 tunne vastuuta aiempien yritt\u00e4j\u00e4polvien el\u00e4kkeist\u00e4. Jos t\u00e4llainen ajatustapa hyv\u00e4ksyt\u00e4\u00e4n yritt\u00e4jien kohdalla, miksei sitten muualla?<\/p>\n<p class=\"article-body mb-nof-24 px-nof-16\">Rantalan tiedettiin valmistelevan j\u00e4rkipohjaista linjausta, jossa yritt\u00e4jien el\u00e4kemaksut sidottaisiin p\u00e4\u00e4s\u00e4\u00e4nt\u00f6isesti yritt\u00e4jien todellisiin verotettaviin ansiotuloihin. Kokoomus riensi kaatamaan uudistuksen jo ennakolta \u2013 ennen kuin jokin muu hallituspuolue olisi ehtinyt ker\u00e4t\u00e4 pisteit\u00e4 torppaamisella.<\/p>\n<p class=\"article-body mb-nof-24 px-nof-16\">Sosiaaliturvaministeri Sanni Grahn-Laasonen (kok) kiskaisi t\u00e4ysin poikkeuksellisella tavalla maton oman selvitysmiehens\u00e4 jalkojen alta kertomalla kaksi p\u00e4iv\u00e4\u00e4 ennen raportin julkistamista, ett\u00e4 se ei kelpaa. Rantasen malli olisi ollut ep\u00e4edullisin suurituloisille yritt\u00e4jille, joilla maksut ovat todellisiin tuloihin n\u00e4hden pienet.<\/p>\n<blockquote class=\"citation\">\n<p>\u201d<\/p>\n<p>Valtion osuus on kasvamassa jo l\u00e4hes 600 miljoonaan.<\/p>\n<\/blockquote>\n<p class=\"article-body mb-nof-24 px-nof-16\">Nykyisess\u00e4 uhkien ja kituliaan kasvun maailmassa on kaksi ilmaisua, joilla voi puolustaa melkein mit\u00e4 tahansa. Ne ovat huoltovarmuus ja yritt\u00e4misen edellytykset. Ministeri k\u00e4ytti j\u00e4lkimm\u00e4ist\u00e4.<\/p>\n<p class=\"article-body mb-nof-24 px-nof-16\">Rantalan kohtelu muistuttaa Britannian brexit-kansan\u00e4\u00e4nestyksen kuuluisaa lohkaisua. EU-eroa ajanut silloinen oikeusministeri Michael Gove n\u00e4ki, ett\u00e4 j\u00e4rki ja asiantuntemus olivat EU-j\u00e4senyyden sek\u00e4 kohtuuden asialla, eiv\u00e4t h\u00e4nen ajamansa politiikan puolella. Niinp\u00e4 Gove ilmoitti, ett\u00e4 Britannian kansa on saanut tarpeekseen asiantuntijoista.<\/p>\n<p class=\"article-body mb-nof-24 px-nof-16\">Suomen julkinen talous uppoaa velkoihin. S\u00e4\u00e4st\u00f6j\u00e4 etsit\u00e4\u00e4n joka puolelta. Paitsi yrityksist\u00e4, koska ne on julistettu talouskasvun tekij\u00f6iksi.<\/p>\n<p class=\"article-body mb-nof-24 px-nof-16\">Yritykset ovat saaneet ty\u00f6markkinauudistuksissa valtavia voittoja. Sen sijaan yritystukia ja verohelpotuksia karsivat hankkeet ovat j\u00e4\u00e4neet hankkeiksi. Listaamattomien yritysten osinkoverotusta ei muuteta. Eik\u00e4 siis n\u00e4k\u00f6j\u00e4\u00e4n alivakuuttamistakaan, jonka valtiolle tuottama lasku n\u00e4ytt\u00e4\u00e4 kasvavan yht\u00e4 jalkaa julkisen talouden velan kanssa.<\/p>\n<p class=\"article-body mb-nof-24 px-nof-16\">Yritt\u00e4j\u00e4t ja kokoomus arvostelevat usein kovin sanoin yhteiskunnan rahoilla el\u00e4vi\u00e4. Nyt yritt\u00e4jien el\u00e4kkeet pannaan kuitenkin valtion maksettaviksi. \u00c4l\u00e4 tee niin kuin min\u00e4 teen, vaan tee niin kuin min\u00e4 sanon.<\/p>\n","protected":false},"excerpt":{"rendered":"P\u00e4\u00e4kirjoitus|Yritt\u00e4j\u00e4t ketjuttavat omia el\u00e4kkeit\u00e4\u00e4n muiden maksettaviksi, jotta maksut aktiiviyritt\u00e4misen aikana olisivat pieni\u00e4. Jos t\u00e4llainen ajatustapa hyv\u00e4ksyt\u00e4\u00e4n yritt\u00e4jien kohdalla,&hellip;\n","protected":false},"author":2,"featured_media":3965,"comment_status":"","ping_status":"","sticky":false,"template":"","format":"standard","meta":{"footnotes":""},"categories":[5],"tags":[22,23,26,27,33,31,30,17,46,24,25,28,29,15,18,21,32,19,20,16],"class_list":{"0":"post-113198","1":"post","2":"type-post","3":"status-publish","4":"format-standard","5":"has-post-thumbnail","7":"category-otsikot","8":"tag-breaking-news","9":"tag-breakingnews","10":"tag-featured-news","11":"tag-featurednews","12":"tag-fi","13":"tag-finland","14":"tag-finnish","15":"tag-headlines","16":"tag-helsingin-sanomat","17":"tag-latest-news","18":"tag-latestnews","19":"tag-main-news","20":"tag-mainnews","21":"tag-news","22":"tag-otsikot","23":"tag-paauutiset","24":"tag-suomi","25":"tag-top-stories","26":"tag-topstories","27":"tag-uutiset"},"share_on_mastodon":{"url":"https:\/\/pubeurope.com\/@fi\/115698472296101827","error":""},"_links":{"self":[{"href":"https:\/\/www.europesays.com\/fi\/wp-json\/wp\/v2\/posts\/113198","targetHints":{"allow":["GET"]}}],"collection":[{"href":"https:\/\/www.europesays.com\/fi\/wp-json\/wp\/v2\/posts"}],"about":[{"href":"https:\/\/www.europesays.com\/fi\/wp-json\/wp\/v2\/types\/post"}],"author":[{"embeddable":true,"href":"https:\/\/www.europesays.com\/fi\/wp-json\/wp\/v2\/users\/2"}],"replies":[{"embeddable":true,"href":"https:\/\/www.europesays.com\/fi\/wp-json\/wp\/v2\/comments?post=113198"}],"version-history":[{"count":0,"href":"https:\/\/www.europesays.com\/fi\/wp-json\/wp\/v2\/posts\/113198\/revisions"}],"wp:featuredmedia":[{"embeddable":true,"href":"https:\/\/www.europesays.com\/fi\/wp-json\/wp\/v2\/media\/3965"}],"wp:attachment":[{"href":"https:\/\/www.europesays.com\/fi\/wp-json\/wp\/v2\/media?parent=113198"}],"wp:term":[{"taxonomy":"category","embeddable":true,"href":"https:\/\/www.europesays.com\/fi\/wp-json\/wp\/v2\/categories?post=113198"},{"taxonomy":"post_tag","embeddable":true,"href":"https:\/\/www.europesays.com\/fi\/wp-json\/wp\/v2\/tags?post=113198"}],"curies":[{"name":"wp","href":"https:\/\/api.w.org\/{rel}","templated":true}]}}