{"id":113209,"date":"2025-12-11T02:25:13","date_gmt":"2025-12-11T02:25:13","guid":{"rendered":"https:\/\/www.europesays.com\/fi\/113209\/"},"modified":"2025-12-11T02:25:13","modified_gmt":"2025-12-11T02:25:13","slug":"nain-ukrainan-vastaisku-etenee-pokrovskin-puolustaminen-jatkuu","status":"publish","type":"post","link":"https:\/\/www.europesays.com\/fi\/113209\/","title":{"rendered":"N\u00e4in Ukrainan vastaisku etenee, Pokrovskin puolustaminen jatkuu"},"content":{"rendered":"<p class=\"ai-optimize-6 ai-optimize-introduction\">Ukrainan joukot ovat vallanneet takaisin osan Donetskin alueella sijaitsevasta Pokrovskin kaupungista, kertoo Ukrainan asevoimien komentaja <strong>Oleksandr Syrskyi<\/strong>.<\/p>\n<p class=\"ai-optimize-6 ai-optimize-introduction\">\u2013 Pokrovskin puolustaminen jatkuu, h\u00e4n sanoi tiedotustilaisuudessa ukrainalaisille medioille.<\/p>\n<p class=\"ai-optimize-6 ai-optimize-introduction\">Asiasta<a href=\"https:\/\/kyivindependent.com\/ukraine-regains-part-of-pokrovsk-syrskyi-says\/\" target=\"_blank\" rel=\"noopener nofollow\"> uutisoi<\/a> muun muassa Kyiv Independent.<\/p>\n<p class=\"ai-optimize-6 ai-optimize-introduction\">My\u00f6sk\u00e4\u00e4n naapurikaupunki Myrnohradia ei ole saarrettu, vaikka logistiikka onkin vaikeutunut.<\/p>\n<p class=\"ai-optimize-6 ai-optimize-introduction\">Komentajan mukaan Ukrainan joukot ovat vallanneet takaisin noin 13 neli\u00f6kilometri\u00e4 Pokrovskin 29 neli\u00f6kilometrin kokonaispinta-alasta marraskuun puoliv\u00e4list\u00e4 l\u00e4htien. Ukrainan joukkojen m\u00e4\u00e4r\u00e4n odotetaan kasvavan kaupungissa.<\/p>\n<p class=\"ai-optimize-6 ai-optimize-introduction\">H\u00e4n kertoo Ven\u00e4j\u00e4n asevoimien keskitt\u00e4v\u00e4n lis\u00e4\u00e4 joukkoja Pokrovskin suunnalle, jossa on nyt jo yli 155 000 ven\u00e4l\u00e4issotilasta.<\/p>\n<p class=\"ai-optimize-6 ai-optimize-introduction\">Syrskyin mukaan 40\u201350 prosenttia kaikista Ven\u00e4j\u00e4n rintamalla k\u00e4ytt\u00e4mist\u00e4 liitopommeista kohdistetaan Pokrovskin suunnalle, josta on tullut sodan p\u00e4\u00e4taistelukentt\u00e4.<\/p>\n<p class=\"ai-optimize-6 ai-optimize-introduction\">Komentaja kertoo, ett\u00e4 etulinjan pituus on lyhentynyt 35 kilometrill\u00e4 viimeisen kuukauden aikana. Asiasta <a href=\"https:\/\/www.ukrinform.net\/rubric-ato\/4067899-cinc-syrskyi-frontline-shortened-by-35-km-over-past-month.html\" target=\"_blank\" rel=\"noopener nofollow\">uutisoi<\/a> Ukrinform.<\/p>\n<p class=\"ai-optimize-6 ai-optimize-introduction\">\u2013 Etulinja on t\u00e4ll\u00e4 hetkell\u00e4 1 218 kilometri\u00e4 pitk\u00e4. T\u00e4m\u00e4 luku muuttuu ajoittain. Vain kuukausi sitten aktiivisten taistelualueiden pituus oli 1 253 kilometri\u00e4. Se on nyt lyhentynyt Ukrainan joukkojen toimien ansiosta.<\/p>\n<p class=\"ai-optimize-6 ai-optimize-introduction\">Syrskyin mukaan Ven\u00e4j\u00e4n joukot etenev\u00e4t tietyill\u00e4 suunnilla 1,5\u20134,5 kilometrin kuukausivauhdilla. Erityisesti Pokrovskin suunnalla hy\u00f6kk\u00e4\u00e4j\u00e4 etenee noin 1,5 kilometri\u00e4 kuukaudessa.<\/p>\n<p class=\"ai-optimize-6 ai-optimize-introduction\">\u2013 Ottaen huomioon ven\u00e4l\u00e4isten p\u00e4ivitt\u00e4iset (kokonais-)tappiot, jotka ylitt\u00e4v\u00e4t 1 000 sotilasta, t\u00e4llainen edistyminen on merkitykset\u00f6nt\u00e4, Syrskyi totesi.<\/p>\n<p class=\"ai-optimize-6 ai-optimize-introduction\">H\u00e4n lis\u00e4si, ett\u00e4 Ukrainan droonij\u00e4rjestelmien aiheuttamat tappiot Ven\u00e4j\u00e4n joukoille marraskuussa olivat noin 24 000 sotilasta \u2013 enn\u00e4tysm\u00e4\u00e4r\u00e4.<\/p>\n<blockquote class=\"twitter-tweet\" data-width=\"550\" data-dnt=\"true\">\n<p lang=\"en\" dir=\"ltr\">\ud83c\uddfa\ud83c\udde6 Key updates from Ukraine\u2019s Commander-in-Chief Oleksandr Syrskyi \u2014 the real picture of the war, beyond russian propaganda<\/p>\n<p>Commander-in-Chief of the Armed Forces <a href=\"https:\/\/twitter.com\/CinC_AFU?ref_src=twsrc%5Etfw\" rel=\"nofollow noopener\" target=\"_blank\">@CinC_AFU<\/a>  of Ukraine meets with editors of leading Ukrainian media \u2014 key takeaways for the world:<\/p>\n<p>\u2014 Pokrovsk\u2026 <a href=\"https:\/\/t.co\/gts90ZxAKa\" rel=\"nofollow\">pic.twitter.com\/gts90ZxAKa<\/a><\/p>\n<p>\u2014 ArmyInform \ud83c\uddfa\ud83c\udde6 (@armyinformcomua) <a href=\"https:\/\/twitter.com\/armyinformcomua\/status\/1998694680490307824?ref_src=twsrc%5Etfw\" rel=\"nofollow noopener\" target=\"_blank\">December 10, 2025<\/a><\/p>\n<\/blockquote>\n<p>Poimintoja videosis\u00e4ll\u00f6ist\u00e4mme<\/p>\n<p>\t\t\t\t<script async src=\"https:\/\/platform.twitter.com\/widgets.js\" charset=\"utf-8\"><\/script><\/p>\n","protected":false},"excerpt":{"rendered":"Ukrainan joukot ovat vallanneet takaisin osan Donetskin alueella sijaitsevasta Pokrovskin kaupungista, kertoo Ukrainan asevoimien komentaja Oleksandr Syrskyi. \u2013&hellip;\n","protected":false},"author":2,"featured_media":113210,"comment_status":"","ping_status":"","sticky":false,"template":"","format":"standard","meta":{"footnotes":""},"categories":[14],"tags":[22,23,26,27,33,31,30,17,24,25,28,29,15,18,21,2807,32,19,20,56,16,59,60,61],"class_list":{"0":"post-113209","1":"post","2":"type-post","3":"status-publish","4":"format-standard","5":"has-post-thumbnail","7":"category-ulkomaat","8":"tag-breaking-news","9":"tag-breakingnews","10":"tag-featured-news","11":"tag-featurednews","12":"tag-fi","13":"tag-finland","14":"tag-finnish","15":"tag-headlines","16":"tag-latest-news","17":"tag-latestnews","18":"tag-main-news","19":"tag-mainnews","20":"tag-news","21":"tag-otsikot","22":"tag-paauutiset","23":"tag-sota-ukrainassa","24":"tag-suomi","25":"tag-top-stories","26":"tag-topstories","27":"tag-ulkomaat","28":"tag-uutiset","29":"tag-world","30":"tag-world-news","31":"tag-worldnews"},"share_on_mastodon":{"url":"https:\/\/pubeurope.com\/@fi\/115698566781534585","error":""},"_links":{"self":[{"href":"https:\/\/www.europesays.com\/fi\/wp-json\/wp\/v2\/posts\/113209","targetHints":{"allow":["GET"]}}],"collection":[{"href":"https:\/\/www.europesays.com\/fi\/wp-json\/wp\/v2\/posts"}],"about":[{"href":"https:\/\/www.europesays.com\/fi\/wp-json\/wp\/v2\/types\/post"}],"author":[{"embeddable":true,"href":"https:\/\/www.europesays.com\/fi\/wp-json\/wp\/v2\/users\/2"}],"replies":[{"embeddable":true,"href":"https:\/\/www.europesays.com\/fi\/wp-json\/wp\/v2\/comments?post=113209"}],"version-history":[{"count":0,"href":"https:\/\/www.europesays.com\/fi\/wp-json\/wp\/v2\/posts\/113209\/revisions"}],"wp:featuredmedia":[{"embeddable":true,"href":"https:\/\/www.europesays.com\/fi\/wp-json\/wp\/v2\/media\/113210"}],"wp:attachment":[{"href":"https:\/\/www.europesays.com\/fi\/wp-json\/wp\/v2\/media?parent=113209"}],"wp:term":[{"taxonomy":"category","embeddable":true,"href":"https:\/\/www.europesays.com\/fi\/wp-json\/wp\/v2\/categories?post=113209"},{"taxonomy":"post_tag","embeddable":true,"href":"https:\/\/www.europesays.com\/fi\/wp-json\/wp\/v2\/tags?post=113209"}],"curies":[{"name":"wp","href":"https:\/\/api.w.org\/{rel}","templated":true}]}}