{"id":113211,"date":"2025-12-11T02:26:09","date_gmt":"2025-12-11T02:26:09","guid":{"rendered":"https:\/\/www.europesays.com\/fi\/113211\/"},"modified":"2025-12-11T02:26:09","modified_gmt":"2025-12-11T02:26:09","slug":"move-mittaukset-kaupunkien-pojat-ovat-parhaassa-kunnossa-maaseudun-tyttojen-toimintakyky-huolettaa","status":"publish","type":"post","link":"https:\/\/www.europesays.com\/fi\/113211\/","title":{"rendered":"Move-mittaukset: Kaupunkien pojat ovat parhaassa kunnossa, maaseudun tytt\u00f6jen toimintakyky huolettaa"},"content":{"rendered":"<p>Koululaisten ja varusmiesten fyysisest\u00e4 kunnosta saatiin tuoreita tuloksia. Riemunkiljahduksiin ei ole aihetta.<\/p>\n<p>Lue tiivistelm\u00e4<\/p>\n<p>Tiivistelm\u00e4 on teko\u00e4lyn tekem\u00e4 ja ihmisen tarkistama.<\/p>\n<p class=\"article-body mb-nof-24 px-nof-16 sndp-summary-bullet-point-font\">Koululaisten fyysinen kunto on parantunut hieman, mutta edelleen 37 prosentilla viides- ja kasiluokkalaisista kunto on terveytt\u00e4 haittaavalla tasolla.<\/p>\n<p class=\"article-body mb-nof-24 px-nof-16 sndp-summary-bullet-point-font\">Perusopetusik\u00e4isten mittausj\u00e4rjestelm\u00e4 Move!:n mukaan maaseudulla asuvilla lapsilla kunto on heikompi kuin kaupungeissa.<\/p>\n<p class=\"article-body mb-nof-24 px-nof-16 sndp-summary-bullet-point-font\">Varusmiesten kest\u00e4vyyskunto on parantunut liev\u00e4sti, ja 12 minuutin juoksutestin keskiarvo oli 2 414 metri\u00e4.<\/p>\n<p class=\"article-body mb-nof-24 px-nof-16 sndp-summary-bullet-point-font\">Liikuntaministeri Mika Poutala (kd) ja puolustusministeri Antti H\u00e4kk\u00e4nen (kok) kertovat toimenpiteist\u00e4, joilla tilannetta pyrit\u00e4\u00e4n parantamaan.<\/p>\n<p class=\"article-body mb-nof-24 px-nof-16\">Koululaisten fyysisen toimintakyvyn my\u00f6nteinen kehitys jatkuu.<\/p>\n<p class=\"article-body mb-nof-24 px-nof-16\">Positiivinen kehitys on jatkunut erityisesti viidesluokkalaisilla.<\/p>\n<p class=\"article-body mb-nof-24 px-nof-16\">T\u00e4m\u00e4 k\u00e4y ilmi perusopetusik\u00e4isten fyysisen toimintakyvyn mittaus- ja palautej\u00e4rjestelm\u00e4 Move!:n tuoreista tuloksista. Esimerkiksi viivajuoksua, punnertamista ja pallonheittoa sis\u00e4lt\u00e4v\u00e4t testit j\u00e4rjestet\u00e4\u00e4n vuosittain.<\/p>\n<p class=\"article-body mb-nof-24 px-nof-16\">Aihetta valtavaan riemuun ei kuitenkaan n\u00e4yt\u00e4 olevan, sill\u00e4 edelleen 37 prosentilla viidennen luokan ja kasiluokan oppilaista fyysinen toimintakyky on mahdollisesti terveytt\u00e4 ja hyvinvointia kuluttavalla tai haittaavalla tasolla.<\/p>\n<p class=\"article-body mb-nof-24 px-nof-16\">N\u00e4in on 35 prosentilla viidesluokkalaisista ja 40 prosentilla kasiluokkalaisista. Viel\u00e4 kolme vuotta sitten vastaava keskiarvo oli noin 40 prosenttia.<\/p>\n<p class=\"article-body mb-nof-24 px-nof-16\">Syksyn 2025 valtakunnallisessa Move! -tiedonkeruussa raportoitiin yli 111\u202f000 oppilaan mittaustuloksista 5. ja 8. -luokan oppilailla.<\/p>\n<p class=\"article-body mb-nof-24 px-nof-16\">Tiedonkeruun mukaan lasten ja nuorten fyysisess\u00e4 toimintakyvyss\u00e4 on merkitt\u00e4vi\u00e4 alueellisia eroja, jotka korostuvat erityisesti pojilla.<\/p>\n<p class=\"article-body mb-nof-24 px-nof-16\">Move!:n mukaan maaseutumaisissa kunnissa noin 42 prosentilla viidesluokkalaisista ja 46 prosentilla kasiluokkalaisista oppilaista fyysinen toimintakyky on mahdollisesti terveytt\u00e4 ja hyvinvointia kuluttavalla tai haittaavalla tasolla.<\/p>\n<p class=\"article-body mb-nof-24 px-nof-16\">Kaupunkimaisissa kunnissa vastaavat osuudet olivat 33 prosenttia ja 38 prosenttia.<\/p>\n<p class=\"article-body mb-nof-24 px-nof-16\">Erot maaseudun ja kaupunkien v\u00e4lill\u00e4 ovat pysyneet samansuuntaisina koko noin kymmenvuotisen Move! -mittaushistorian ajan.<\/p>\n<p><img decoding=\"async\" src=\"https:\/\/images.sanoma-sndp.fi\/2e92c9088360a5e39780df16115a911f.svg\" alt=\"\" class=\"_Img_1rerz_1\" style=\"aspect-ratio:0.76\" loading=\"eager\"\/><\/p>\n<p class=\"article-body mb-nof-24 px-nof-16\">My\u00f6s hyvinvointialueiden v\u00e4lill\u00e4 n\u00e4kyy selkeit\u00e4 eroja lasten ja nuorten toimintakyvyss\u00e4. Oppilaiden osuus, joiden fyysinen toimintakyky on mahdollisesti terveytt\u00e4 ja hyvinvointia kuluttavalla tai haittaavalla tasolla, vaihtelee hyvinvointialueittain 33\u201343 prosentin v\u00e4lill\u00e4.<\/p>\n<p class=\"article-body mb-nof-24 px-nof-16\">Pienimpi\u00e4 mainitut osuudet ovat Helsingin kaupungissa (33 prosenttia) sek\u00e4 Pohjois-Pohjanmaan (33,9 prosenttia) ja It\u00e4- ja L\u00e4nsi-Uudenmaan hyvinvointialueilla (32,6 ja 33,3 prosenttia).<\/p>\n<p class=\"article-body mb-nof-24 px-nof-16\">Suurimmat osuudet ovat Lapin (42,7 prosenttia), Kainuun (43,2 prosenttia) ja Satakunnan hyvinvointialueilla (42,6 prosenttia).<\/p>\n<p class=\"article-body mb-nof-24 px-nof-16\">Hyvinvointialueilla fyysisen toimintakyvyn my\u00f6nteinen kehitys on jatkunut. Valtaosalla alueista niiden oppilaiden osuus, joiden fyysinen toimintakyky on mahdollisesti terveytt\u00e4 ja hyvinvointia kuluttavalla tai haittaavalla tasolla, on Move!:n mukaan pienentynyt edellisvuoteen verrattuna.<\/p>\n<p><img decoding=\"async\" src=\"https:\/\/images.sanoma-sndp.fi\/ac3da9c8adf2c31e11a07516862695f7.svg\" alt=\"\" class=\"_Img_1rerz_1\" style=\"aspect-ratio:1\" loading=\"eager\"\/><\/p>\n<p class=\"article-body mb-nof-24 px-nof-16\">Liikuntaministeri <a class=\"article-personlink\" href=\"https:\/\/www.is.fi\/haku\/?query=Mika%20Poutalan\" rel=\"nofollow noopener\" target=\"_blank\">Mika Poutalan<\/a> (kd) mukaan Suomi liikkeelle -ohjelman avustuksilla tuetaan kuluvalla lukukaudella 134 kunnan peruskouluissa liikkumisen edist\u00e4mist\u00e4.<\/p>\n<p class=\"article-body mb-nof-24 px-nof-16\">\u2013\u2009 Syksyll\u00e4 2026 astuu voimaan perusopetuslain muutos, joka edellytt\u00e4\u00e4 liikunnallisen el\u00e4m\u00e4ntavan edist\u00e4mist\u00e4 kaikissa kouluissa, entinen pikaluistelija Poutala, 42, toteaa tiedotteessa.<\/p>\n<p class=\"article-body mb-nof-24 px-nof-16\">Varusmiesten kuntotesteiss\u00e4 2025 raportoitiin noin 20\u202f000 palveluksensa aloittaneen tuloksista. Vuonna 2020 alkanut varusmiesten kest\u00e4vyyskunnon liev\u00e4hk\u00f6 nousu on jatkunut.<\/p>\n<p class=\"article-body mb-nof-24 px-nof-16\">Vuonna 2025 varusmiesten 12 minuutin juoksutestin keskiarvo oli 2\u202f414 metri\u00e4. Edellisen kerran yht\u00e4 hyv\u00e4 tuloskeskiarvo saavutettiin kymmenen vuotta sitten.<\/p>\n<p class=\"article-body mb-nof-24 px-nof-16\">Varusmiesten 12 minuutin juoksutestin keskiarvo viime vuonna palveluksen aloittaneilla oli 2\u202f398 metri\u00e4.<\/p>\n<p class=\"article-body mb-nof-24 px-nof-16\">Armeijan Cooperin testin \u201dkulta-ajat\u201d olivat 1970-luvun lopulla, jolloin keskiarvot huitelivat yli 2\u202f700 metriss\u00e4. 1990-luvun puoliv\u00e4lin j\u00e4lkeen tuloksissa tultiin selv\u00e4sti alasp\u00e4in ja 2000-luvun alussa oltiin jo melko ankeissa lukemissa.<\/p>\n<blockquote class=\"citation\">\n<p>\u201d<\/p>\n<p>Syksyll\u00e4 2026 astuu voimaan perusopetuslain muutos, joka edellytt\u00e4\u00e4 liikunnallisen el\u00e4m\u00e4ntavan edist\u00e4mist\u00e4 kaikissa kouluissa.<\/p>\n<\/blockquote>\n<p><img decoding=\"async\" src=\"https:\/\/images.sanoma-sndp.fi\/afe077e7a88e41059e6ea3af488c9bff.svg\" alt=\"\" class=\"_Img_1rerz_1\" style=\"aspect-ratio:0.76\" loading=\"eager\"\/><\/p>\n<p class=\"article-body mb-nof-24 px-nof-16\">Tuoreimpien tulosten mukaan alle 2\u202f200 metri\u00e4 juosseiden osuus on pienentynyt viisi prosenttiyksikk\u00f6\u00e4 vuodesta 2019.<\/p>\n<p class=\"article-body mb-nof-24 px-nof-16\">Samaan aikaan v\u00e4hint\u00e4\u00e4n 3\u202f000 metri\u00e4 juosseiden osuus on kasvanut yhdell\u00e4 prosentilla ja 2\u202f600\u20133\u202f000 metri\u00e4 juosseiden osuus on kasvanut viisi prosenttia.<\/p>\n<p class=\"article-body mb-nof-24 px-nof-16\">\u2013\u2009 Palveluksen aloittaneiden nuorten miesten fyysinen kunto on heikentynyt erityisesti 1980\u20131990-luvuilla, mutta muutos on tasaantunut 2000-luvun puolella. Kunnon heikkenemiseen populaatiotasolla on varmasti monta syyt\u00e4, kuten esimerkiksi istumisen ja paikallaanolon lis\u00e4\u00e4ntyminen, ep\u00e4terveellisten ruokailutottumusten yleistyminen ja kokonaisaktiivisuuden v\u00e4heneminen, totesi Puolustusvoimien p\u00e4\u00e4esikunnan koulutusosaston erikoissuunnittelija <a class=\"article-personlink\" href=\"https:\/\/www.is.fi\/haku\/?query=Kai%20Pihlainen\" rel=\"nofollow noopener\" target=\"_blank\">Kai Pihlainen<\/a> asiasta viime vuonna.<\/p>\n<p class=\"article-body mb-nof-24 px-nof-16\">PUOLUSTUSVOIMISSA on k\u00e4ytetty Cooperin testi\u00e4 1960-luvun lopulta l\u00e4htien, mutta valtakunnallisia seurantatilastoja on alettu yll\u00e4pit\u00e4\u00e4 vuodesta 1975 alkaen.<\/p>\n<p class=\"article-body mb-nof-24 px-nof-16\">Puolustusvoimissa on edelleen pidetty Cooperin testi\u00e4 hyv\u00e4n\u00e4 massatestimenetelm\u00e4n\u00e4 asevoimien k\u00e4ytt\u00f6\u00f6n.<\/p>\n<p><img decoding=\"async\" src=\"https:\/\/www.europesays.com\/fi\/wp-content\/uploads\/2025\/12\/1765419969_618_468.jpg\" alt=\"Varusmiesten kest\u00e4vyyskunnossa on parantamisen varaa.\" class=\"_Img_1rerz_1\" style=\"aspect-ratio:1.4814814814814814\" loading=\"eager\"\/><\/p>\n<p class=\"article-picture-caption\">Varusmiesten kest\u00e4vyyskunnossa on parantamisen varaa. Kuva:\u00a0Kari Mankonen<\/p>\n<p class=\"article-body mb-nof-24 px-nof-16\">Suomi on nykyisin sotilasliitto Naton j\u00e4sen. Cooperin testi\u00e4 on k\u00e4ytetty muiden Nato-maiden armeijoista ainakin Tanskassa ja Hollannissa. Joissakin Nato-maissa Cooperin testin tilalla on ollut 2,4 tai kolmen kilometrin juoksutesti.<\/p>\n<p class=\"article-body mb-nof-24 px-nof-16\">\u2013\u2009 Muilla mailla ei ole yht\u00e4 systemaattista tiedonkeruuta ja raportoidut tulokset perustuvat pienempien otosten tutkimuksiin. N\u00e4iden perusteella voidaan silti arvioida, ett\u00e4 Suomessa mitatut keskiarvotulokset ovat ihan hyv\u00e4\u00e4 perustasoa muihin maihin verrattuna, Pihlainen sanoi viime vuonna.<\/p>\n<p class=\"article-body mb-nof-24 px-nof-16\">Tuoreimpien tulosten mukaan varusmiesten lihaskunnossa ei ole tapahtunut merkitt\u00e4v\u00e4\u00e4 muutosta vuoteen 2024 verrattuna.<\/p>\n<p class=\"article-body mb-nof-24 px-nof-16\">Vuonna 2024 lihaskunnoltaan v\u00e4hint\u00e4\u00e4n hyvien tulosten osuus kasvoi hieman edelliseen vuoteen 2023 verrattuna ja enint\u00e4\u00e4n v\u00e4ltt\u00e4vien osuus vastaavasti laski, Puolustusvoimista kerrottiin kev\u00e4\u00e4ll\u00e4.<\/p>\n<p class=\"article-body mb-nof-24 px-nof-16\">Puolustusvoimat teett\u00e4\u00e4 edelleen lihaskuntotestein\u00e4 vauhdittoman pituushypyn, yhden minuutin toistot istumaan nousussa ja etunojapunnerruksessa (maksimim\u00e4\u00e4r\u00e4 minuutin aikana).<\/p>\n<p class=\"article-body mb-nof-24 px-nof-16\">Puolustusministeri <a class=\"article-personlink\" href=\"https:\/\/www.is.fi\/haku\/?query=Antti%20H%C3%A4kk%C3%A4sen\" rel=\"nofollow noopener\" target=\"_blank\">Antti H\u00e4kk\u00e4sen<\/a> (kok) mukaan kutsuntaik\u00e4isten omaehtoista liikkumista pyrit\u00e4\u00e4n lis\u00e4\u00e4m\u00e4\u00e4n ennen asepalveluksen aloittamista Suomi liikkeelle -toimenpiteell\u00e4.<\/p>\n<p class=\"article-body mb-nof-24 px-nof-16\">\u2013\u2009 Liikuntaneuvonnalla ja -ohjauksella tuemme edellytyksi\u00e4 asevelvollisuuden suorittamiseen ja tarjoamme ev\u00e4it\u00e4 liikunnallisen el\u00e4m\u00e4ntavan omaksumiseen, H\u00e4kk\u00e4nen, 40, sanoo tiedotteessa.<\/p>\n","protected":false},"excerpt":{"rendered":"Koululaisten ja varusmiesten fyysisest\u00e4 kunnosta saatiin tuoreita tuloksia. Riemunkiljahduksiin ei ole aihetta. Lue tiivistelm\u00e4 Tiivistelm\u00e4 on teko\u00e4lyn tekem\u00e4&hellip;\n","protected":false},"author":2,"featured_media":113212,"comment_status":"","ping_status":"","sticky":false,"template":"","format":"standard","meta":{"footnotes":""},"categories":[12],"tags":[22,23,26,27,33,31,30,17,34,24,25,28,29,15,18,21,32,19,20,16],"class_list":{"0":"post-113211","1":"post","2":"type-post","3":"status-publish","4":"format-standard","5":"has-post-thumbnail","7":"category-suomi","8":"tag-breaking-news","9":"tag-breakingnews","10":"tag-featured-news","11":"tag-featurednews","12":"tag-fi","13":"tag-finland","14":"tag-finnish","15":"tag-headlines","16":"tag-ilta-sanomat","17":"tag-latest-news","18":"tag-latestnews","19":"tag-main-news","20":"tag-mainnews","21":"tag-news","22":"tag-otsikot","23":"tag-paauutiset","24":"tag-suomi","25":"tag-top-stories","26":"tag-topstories","27":"tag-uutiset"},"share_on_mastodon":{"url":"https:\/\/pubeurope.com\/@fi\/115698570809218003","error":""},"_links":{"self":[{"href":"https:\/\/www.europesays.com\/fi\/wp-json\/wp\/v2\/posts\/113211","targetHints":{"allow":["GET"]}}],"collection":[{"href":"https:\/\/www.europesays.com\/fi\/wp-json\/wp\/v2\/posts"}],"about":[{"href":"https:\/\/www.europesays.com\/fi\/wp-json\/wp\/v2\/types\/post"}],"author":[{"embeddable":true,"href":"https:\/\/www.europesays.com\/fi\/wp-json\/wp\/v2\/users\/2"}],"replies":[{"embeddable":true,"href":"https:\/\/www.europesays.com\/fi\/wp-json\/wp\/v2\/comments?post=113211"}],"version-history":[{"count":0,"href":"https:\/\/www.europesays.com\/fi\/wp-json\/wp\/v2\/posts\/113211\/revisions"}],"wp:featuredmedia":[{"embeddable":true,"href":"https:\/\/www.europesays.com\/fi\/wp-json\/wp\/v2\/media\/113212"}],"wp:attachment":[{"href":"https:\/\/www.europesays.com\/fi\/wp-json\/wp\/v2\/media?parent=113211"}],"wp:term":[{"taxonomy":"category","embeddable":true,"href":"https:\/\/www.europesays.com\/fi\/wp-json\/wp\/v2\/categories?post=113211"},{"taxonomy":"post_tag","embeddable":true,"href":"https:\/\/www.europesays.com\/fi\/wp-json\/wp\/v2\/tags?post=113211"}],"curies":[{"name":"wp","href":"https:\/\/api.w.org\/{rel}","templated":true}]}}