{"id":113213,"date":"2025-12-11T02:27:15","date_gmt":"2025-12-11T02:27:15","guid":{"rendered":"https:\/\/www.europesays.com\/fi\/113213\/"},"modified":"2025-12-11T02:27:15","modified_gmt":"2025-12-11T02:27:15","slug":"savonlinnan-tulipalon-uhri-harkitsi-lahestymiskieltoa","status":"publish","type":"post","link":"https:\/\/www.europesays.com\/fi\/113213\/","title":{"rendered":"Savonlinnan tulipalon uhri harkitsi l\u00e4hestymiskieltoa"},"content":{"rendered":"<p><strong class=\"typography-bold\">Perheell\u00e4 oli my\u00f6s lastensuojelun asiakkuus vuonna 2023.<\/strong><\/p>\n<p>Savonlinnassa itsen\u00e4isyysp\u00e4iv\u00e4n\u00e4 kuollut nuori nainen harkitsi jo vuonna 2023 l\u00e4hestymiskiellon hakemista lastensa is\u00e4\u00e4 kohtaan. Tuolloin kaksoispojat olivat 11 kuukauden ik\u00e4isi\u00e4.<\/p>\n<p>Asia selvi\u00e4\u00e4 poliisin kuulustelup\u00f6yt\u00e4kirjasta vuodelta 2023, jolloin k\u00e4siteltiin naisen ja miehen, nyt Savonlinnan nelj\u00e4st\u00e4 taposta vangitun, pahoinpitelysyytett\u00e4.<\/p>\n<p>Miehen ep\u00e4ill\u00e4\u00e4n tappaneen naisen ja heid\u00e4n kolme lastaan itsen\u00e4isyysp\u00e4iv\u00e4n\u00e4.<\/p>\n<p>Mies vangittiin todenn\u00e4k\u00f6isin syin ep\u00e4iltyn\u00e4 teosta Etel\u00e4-Savon k\u00e4r\u00e4j\u00e4oikeudessa 10. joulukuuta.<\/p>\n<p>Pahoinpitely tapahtui Savonlinnassa toukokuussa 2023 ravintolassa. P\u00f6yt\u00e4kirjan mukaan molemmat olivat olleet tapahtumahetkell\u00e4 p\u00e4ihtyneit\u00e4. Tuolloin pariskunta oli seurustellut noin 3 vuoden ajan, mutta he eiv\u00e4t asuneet yhdess\u00e4.<\/p>\n<p>Mies kertoi kuulusteluissa, ett\u00e4, ett\u00e4 h\u00e4n olisi halunnut l\u00e4hte\u00e4 ravintolasta jo pois, mutta nainen taas ei. Mies yritti ohjata ja kantaa t\u00e4t\u00e4 autoon. Mies sanoi, ett\u00e4 nainen oli juonut tuona iltana paljon.<\/p>\n<p>Tuomion mukaan mies l\u00f6i naista kasvoihin ainakin kahdesti ja veti autoon, mik\u00e4 aiheutti naiselle kipua. Oikeus tuomitsi miehen 60 p\u00e4iv\u00e4sakkoon.<\/p>\n","protected":false},"excerpt":{"rendered":"Perheell\u00e4 oli my\u00f6s lastensuojelun asiakkuus vuonna 2023. Savonlinnassa itsen\u00e4isyysp\u00e4iv\u00e4n\u00e4 kuollut nuori nainen harkitsi jo vuonna 2023 l\u00e4hestymiskiellon hakemista&hellip;\n","protected":false},"author":2,"featured_media":110766,"comment_status":"","ping_status":"","sticky":false,"template":"","format":"standard","meta":{"footnotes":""},"categories":[5],"tags":[22,23,26,27,33,31,30,17,24,25,28,29,15,18,21,32,19,20,16],"class_list":{"0":"post-113213","1":"post","2":"type-post","3":"status-publish","4":"format-standard","5":"has-post-thumbnail","7":"category-otsikot","8":"tag-breaking-news","9":"tag-breakingnews","10":"tag-featured-news","11":"tag-featurednews","12":"tag-fi","13":"tag-finland","14":"tag-finnish","15":"tag-headlines","16":"tag-latest-news","17":"tag-latestnews","18":"tag-main-news","19":"tag-mainnews","20":"tag-news","21":"tag-otsikot","22":"tag-paauutiset","23":"tag-suomi","24":"tag-top-stories","25":"tag-topstories","26":"tag-uutiset"},"share_on_mastodon":{"url":"https:\/\/pubeurope.com\/@fi\/115698574500474198","error":""},"_links":{"self":[{"href":"https:\/\/www.europesays.com\/fi\/wp-json\/wp\/v2\/posts\/113213","targetHints":{"allow":["GET"]}}],"collection":[{"href":"https:\/\/www.europesays.com\/fi\/wp-json\/wp\/v2\/posts"}],"about":[{"href":"https:\/\/www.europesays.com\/fi\/wp-json\/wp\/v2\/types\/post"}],"author":[{"embeddable":true,"href":"https:\/\/www.europesays.com\/fi\/wp-json\/wp\/v2\/users\/2"}],"replies":[{"embeddable":true,"href":"https:\/\/www.europesays.com\/fi\/wp-json\/wp\/v2\/comments?post=113213"}],"version-history":[{"count":0,"href":"https:\/\/www.europesays.com\/fi\/wp-json\/wp\/v2\/posts\/113213\/revisions"}],"wp:featuredmedia":[{"embeddable":true,"href":"https:\/\/www.europesays.com\/fi\/wp-json\/wp\/v2\/media\/110766"}],"wp:attachment":[{"href":"https:\/\/www.europesays.com\/fi\/wp-json\/wp\/v2\/media?parent=113213"}],"wp:term":[{"taxonomy":"category","embeddable":true,"href":"https:\/\/www.europesays.com\/fi\/wp-json\/wp\/v2\/categories?post=113213"},{"taxonomy":"post_tag","embeddable":true,"href":"https:\/\/www.europesays.com\/fi\/wp-json\/wp\/v2\/tags?post=113213"}],"curies":[{"name":"wp","href":"https:\/\/api.w.org\/{rel}","templated":true}]}}