{"id":113219,"date":"2025-12-11T02:50:21","date_gmt":"2025-12-11T02:50:21","guid":{"rendered":"https:\/\/www.europesays.com\/fi\/113219\/"},"modified":"2025-12-11T02:50:21","modified_gmt":"2025-12-11T02:50:21","slug":"tassa-on-syy-viime-viikon-internetkatkokseen","status":"publish","type":"post","link":"https:\/\/www.europesays.com\/fi\/113219\/","title":{"rendered":"T\u00e4ss\u00e4 on syy viime viikon internetkatkokseen"},"content":{"rendered":"<p>Clouflare k\u00e4rsi j\u00e4lleen lyhyen katkoksen palveluissaan viime viikon perjantaina.<\/p>\n<p><img decoding=\"async\" class=\"image image-show image-preview\" src=\"https:\/\/www.europesays.com\/fi\/wp-content\/uploads\/2025\/12\/06a215746f9d2cd238682c30d1053716c0d63298f056488b86c95f095a297250.jpg\" alt=\"\"\/><img decoding=\"async\" class=\"image image-show\" src=\"https:\/\/www.europesays.com\/fi\/wp-content\/uploads\/2025\/12\/1765421421_656_06a215746f9d2cd238682c30d1053716c0d63298f056488b86c95f095a297250.jpg\" alt=\"\"\/><\/p>\n<p>Kuvankaappaus Cloudflaren sivustolta, jolla todettiin palvelussa olevan h\u00e4iri\u00f6it\u00e4 edellisen suurkatkon aikana. Tilanne on tuon j\u00e4lkeen korjattu. Kuvankaappaus<\/p>\n<p class=\"paragraph\">Suuresta osasta nykyisen internetin liikenteenohjauksesta vastaava Cloudflare-palvelu k\u00e4rsi viime perjantaina lyhyest\u00e4 katkoksesta palveluissaan. Katkos kesti vain tovin, mutta levisi Cloudflaren koosta johtuen laajalle.<\/p>\n<p class=\"paragraph\">Nyt katkoksen syy on selvinnyt. Cloudflaren mukaan se johtui yhti\u00f6n Web Application Firewall -palomuuriin tehdyst\u00e4 p\u00e4ivityksest\u00e4, joka oli tarkoitettu React Server Components -haavoittuvuuden paikkaamiseen. P\u00e4ivitys kuitenkin meni pieleen. Yhti\u00f6 varoitti asiakkaitaan sen hallintapaneelissa ja api-rajapinnoissa olevista ongelmista. Korjaukseen meni vain 10 minuuttia, mutta vahinko oli ehtinyt jo tapahtua ja asiakaspalvelut olivat kaatuneet hetkellisesti.<\/p>\n<p class=\"paragraph\"><a href=\"https:\/\/www.cloudflarestatus.com\/incidents\/lfrm31y6sw9q\" target=\"_blank\" rel=\"noopener nofollow\">Cloudflare julkaisi asiasta hiljattain lyhyen p\u00e4ivitystekstin<\/a>.<\/p>\n<p class=\"paragraph\">\u2013 Muutos siihen, miten Cloudflaren Web Application Firewall j\u00e4sent\u00e4\u00e4 pyynt\u00f6j\u00e4, aiheutti verkon saatavuusongelman useiksi minuuteiksi (perjantaina). Kyse ei ollut hy\u00f6kk\u00e4yksest\u00e4; muutos otettiin k\u00e4ytt\u00f6\u00f6n tiimimme toimesta torjumaan t\u00e4ll\u00e4 viikolla paljastettua React Server Components -haavoittuvuutta, tekstiss\u00e4 todetaan.<\/p>\n<p class=\"paragraph\">React-haavoittuvuudella tarkoitetaan aukkoa, joka mahdollistaa hy\u00f6kk\u00e4\u00e4jien et\u00e4k\u00e4ytt\u00f6oikeuden ja koodin suorittamisen React 19 -kirjastoa k\u00e4ytt\u00e4vill\u00e4 verkkopalvelimilla. Cloudflare pyrki automaattip\u00e4ivityksell\u00e4\u00e4n suojaamaan asiakkaita, jotka eiv\u00e4t olleet ehtineet asentaa korjausta kahden p\u00e4iv\u00e4n aikana haavoittuvuuden paljastumisesta lukien.<\/p>\n<p class=\"paragraph\">Ajoitus katkokselle oli kiusallinen. Cloudflaren palvelut kyykk\u00e4siv\u00e4t edellisen kerran laajalti vain pari viikkoa aiemmin. Tuolloin Cloudflaren sovellus loi liian suuren konfiguraatiotiedoston, jota toinen sovellus ei kyennyt k\u00e4sittelem\u00e4\u00e4n. T\u00e4m\u00e4 pys\u00e4ytti j\u00e4rjestelm\u00e4t.<\/p>\n<p class=\"paragraph\">Cloudflaren ja Amazonin AWS-pilvipalveluiden katkokset ovat her\u00e4tt\u00e4neet keskustelua internetpalveluiden keskittymisest\u00e4 vain muutamalle j\u00e4ttiyhti\u00f6lle. T\u00e4m\u00e4 altistaa suuren osan nykyisest\u00e4 verkkoinfrasta laajoille katkoksille, mik\u00e4li t\u00e4llaisen yrityksen j\u00e4rjestelmiss\u00e4 menee jotain vikaan.<\/p>\n","protected":false},"excerpt":{"rendered":"Clouflare k\u00e4rsi j\u00e4lleen lyhyen katkoksen palveluissaan viime viikon perjantaina. Kuvankaappaus Cloudflaren sivustolta, jolla todettiin palvelussa olevan h\u00e4iri\u00f6it\u00e4 edellisen&hellip;\n","protected":false},"author":2,"featured_media":113220,"comment_status":"","ping_status":"","sticky":false,"template":"","format":"standard","meta":{"footnotes":""},"categories":[76],"tags":[35,79,77,33,31,30,537,148,536,32,78,487,149],"class_list":{"0":"post-113219","1":"post","2":"type-post","3":"status-publish","4":"format-standard","5":"has-post-thumbnail","7":"category-talous","8":"tag-24h","9":"tag-business","10":"tag-economy","11":"tag-fi","12":"tag-finland","13":"tag-finnish","14":"tag-informaatioteknologia-sektori","15":"tag-internet","16":"tag-ohjelmistot","17":"tag-suomi","18":"tag-talous","19":"tag-teknologia-yleista","20":"tag-tietojenkasittely-ja-informaatioteknologia"},"share_on_mastodon":{"url":"https:\/\/pubeurope.com\/@fi\/115698665268639798","error":""},"_links":{"self":[{"href":"https:\/\/www.europesays.com\/fi\/wp-json\/wp\/v2\/posts\/113219","targetHints":{"allow":["GET"]}}],"collection":[{"href":"https:\/\/www.europesays.com\/fi\/wp-json\/wp\/v2\/posts"}],"about":[{"href":"https:\/\/www.europesays.com\/fi\/wp-json\/wp\/v2\/types\/post"}],"author":[{"embeddable":true,"href":"https:\/\/www.europesays.com\/fi\/wp-json\/wp\/v2\/users\/2"}],"replies":[{"embeddable":true,"href":"https:\/\/www.europesays.com\/fi\/wp-json\/wp\/v2\/comments?post=113219"}],"version-history":[{"count":0,"href":"https:\/\/www.europesays.com\/fi\/wp-json\/wp\/v2\/posts\/113219\/revisions"}],"wp:featuredmedia":[{"embeddable":true,"href":"https:\/\/www.europesays.com\/fi\/wp-json\/wp\/v2\/media\/113220"}],"wp:attachment":[{"href":"https:\/\/www.europesays.com\/fi\/wp-json\/wp\/v2\/media?parent=113219"}],"wp:term":[{"taxonomy":"category","embeddable":true,"href":"https:\/\/www.europesays.com\/fi\/wp-json\/wp\/v2\/categories?post=113219"},{"taxonomy":"post_tag","embeddable":true,"href":"https:\/\/www.europesays.com\/fi\/wp-json\/wp\/v2\/tags?post=113219"}],"curies":[{"name":"wp","href":"https:\/\/api.w.org\/{rel}","templated":true}]}}