{"id":113225,"date":"2025-12-11T02:53:09","date_gmt":"2025-12-11T02:53:09","guid":{"rendered":"https:\/\/www.europesays.com\/fi\/113225\/"},"modified":"2025-12-11T02:53:09","modified_gmt":"2025-12-11T02:53:09","slug":"teinipoikaa-epaillaan-koulukaverinsa-pahoinpitelysta-teraaseella","status":"publish","type":"post","link":"https:\/\/www.europesays.com\/fi\/113225\/","title":{"rendered":"Teinipoikaa ep\u00e4ill\u00e4\u00e4n koulukaverinsa pahoinpitelyst\u00e4 ter\u00e4aseella"},"content":{"rendered":"<p>Turku|Ep\u00e4ilty rikos tapahtui keskiviikkoaamuna Turun Nummessa. Kavereiden ei ole syyt\u00e4 sekaantua asian selvitt\u00e4miseen, poliisi painottaa.<\/p>\n<p>10.12. 19:41 | P\u00e4ivitetty 10.12. 21:52<\/p>\n<p class=\"article-body mb-nof-24 px-nof-16\">Poliisi on ottanut kiinni nuoren, jota ep\u00e4ill\u00e4\u00e4n keskiviikkona Turun Nummessa tehdyst\u00e4 v\u00e4kivallanteosta. Tekoa tutkitaan tapon yrityksen\u00e4, poliisi tiedottaa.<\/p>\n<p class=\"article-body mb-nof-24 px-nof-16\">V\u00e4kivallanteko liittyi poliisin mukaan kahden yl\u00e4koululaisen yhteenottoon, jossa k\u00e4ytettiin ter\u00e4asetta. H\u00e4lytys tapahtumapaikalle Nummenpakan koulun Aurajoen yksik\u00f6n l\u00e4hist\u00f6lle tuli keskiviikkoaamuna, poliisi tiedottaa.<\/p>\n<p class=\"article-body mb-nof-24 px-nof-16\">Toisen koululaisen ep\u00e4ill\u00e4\u00e4n pahoinpidelleen toista ter\u00e4aseella. Ep\u00e4ilty poistui paikalta ennen kuin poliisit eh\u00e4ttiv\u00e4t paikalle, mutta h\u00e4n j\u00e4i kiinni my\u00f6hemmin.<\/p>\n<p class=\"article-body mb-nof-24 px-nof-16\">\u201dEp\u00e4ilty on 15-vuotias poika. Poliisi tutkii asiaa t\u00e4ll\u00e4 hetkell\u00e4 tapon yrityksen\u00e4, koska on syyt\u00e4 ep\u00e4ill\u00e4, ett\u00e4 v\u00e4kivallanteossa k\u00e4ytettiin ter\u00e4asetta\u201d, sanoo tiedotteessa tutkinnanjohtaja, komisario <a class=\"article-personlink\" href=\"https:\/\/www.hs.fi\/haku\/?query=Juhani%20Malmberg\" rel=\"nofollow noopener\" target=\"_blank\">Juhani Malmberg<\/a> Lounais-Suomen poliisilaitokselta.<\/p>\n<p class=\"article-body mb-nof-24 px-nof-16\">Tutkittava rikosnimike voi viel\u00e4 muuttua esitutkinnan edetess\u00e4.<\/p>\n<p class=\"article-body mb-nof-24 px-nof-16\">Ep\u00e4ilty\u00e4 ei ole viel\u00e4 p\u00e4\u00e4sty kuulemaan. Tapahtumien kulku on kuitenkin p\u00e4\u00e4piirteiss\u00e4\u00e4n poliisin tiedossa. Kyseess\u00e4 on ollut kahden oppilaan v\u00e4linen kiista, ja my\u00f6s motiivista on k\u00e4sitys. Tutkinnallisista syist\u00e4 poliisi ei viel\u00e4 kerro sit\u00e4.<\/p>\n<p class=\"article-body mb-nof-24 px-nof-16\">Tutkinnanjohtaja Malmbergilla on my\u00f6s viesti riitapukareiden kavereille. Tapahtumien selvitt\u00e4minen on syyt\u00e4 j\u00e4tt\u00e4\u00e4 poliisille ja mahdollisista uhkailuista ja kostoaikeista pit\u00e4\u00e4 pid\u00e4tt\u00e4yty\u00e4.<\/p>\n<p class=\"article-body mb-nof-24 px-nof-16\">\u201dPoliisi puuttuu niihin tiukasti\u201d, Malmberg sanoo tiedotteessa.<\/p>\n<p class=\"article-body mb-nof-24 px-nof-16\">\u201dTutkinnasta vastaa esitutkintaviranomainen, ei kaverit.\u201d<\/p>\n<p class=\"article-body mb-nof-24 px-nof-16\">Poliisi jatkaa esitutkintaa sek\u00e4 siihen liittyvi\u00e4 selvitys- ja j\u00e4lkit\u00f6it\u00e4 yhdess\u00e4 koulun kanssa. Poliisin mukaan kouluun on turvallista tulla.<\/p>\n<p class=\"article-body mb-nof-24 px-nof-16\">Nummenpakan koulun perusopetuksen rehtori <a class=\"article-personlink\" href=\"https:\/\/www.hs.fi\/haku\/?query=Jukka%20Laine\" rel=\"nofollow noopener\" target=\"_blank\">Jukka Laine<\/a> kertoo saaneensa tiedon tapahtumista poliisilta aamup\u00e4iv\u00e4ll\u00e4. Laineen mukaan yhteenotto tapahtui oppilaiden koulumatkalla ennen koulup\u00e4iv\u00e4n alkua.<\/p>\n<p class=\"article-body mb-nof-24 px-nof-16\">Yhteenoton molemmat osapuolet olivat koulun oppilaita, rehtori kertoo.<\/p>\n<p class=\"article-body mb-nof-24 px-nof-16\">Poliisin ensimm\u00e4isen yhteydenoton j\u00e4lkeen Laine tiedotti tapahtuneesta oppilaita ja vanhempia. Oppilaille h\u00e4n muistutti erikseen rehtorin kuulutuksella, ett\u00e4 jos joku olisi ottanut tapahtumista kuvia tai videoita, niiden levitt\u00e4minen voi olla rikos.<\/p>\n<p class=\"article-body mb-nof-24 px-nof-16\">T\u00e4m\u00e4n j\u00e4lkeen koulup\u00e4iv\u00e4 jatkui muuten normaalisti lukuun ottamatta sit\u00e4, ett\u00e4 p\u00e4iv\u00e4n ensimm\u00e4iset v\u00e4litunnit vietettiin poliisin kehotuksesta sis\u00e4ll\u00e4. My\u00f6hemmin p\u00e4iv\u00e4ll\u00e4 tuli lupa siirty\u00e4 normaaleihin ulkov\u00e4litunteihin.<\/p>\n<p class=\"article-body mb-nof-24 px-nof-16\">Laineelta l\u00e4hti viel\u00e4 kello 20 oppilaille ja vanhemmille Wilma-viesti, jonka otsikkona oli Laineen mukaan \u201dKouluun on turvallista tulla huomennakin\u201d. Viestiss\u00e4 ei erikseen muistuteta siit\u00e4, mist\u00e4 poliisi omassa tiedotteessaan kertoo, eli siit\u00e4, ett\u00e4 oppilaiden on syyt\u00e4 j\u00e4tt\u00e4\u00e4 tapauksen selvittely viranomaisille.<\/p>\n<p class=\"article-body mb-nof-24 px-nof-16\">\u201dMutta viesti on sama ja Wilma-viestiss\u00e4 on linkki poliisin tiedotteeseen\u201d, Laine sanoo.<\/p>\n<p class=\"article-body mb-nof-24 px-nof-16\">Nummenpakan koulussa on luokat 1.\u20139. ja yhteens\u00e4 noin 850 oppilasta. Yksik\u00f6it\u00e4 on kolme: Aurajoen ja Nummen yksik\u00f6t vastakkaisilla puolin katua sek\u00e4 Halisten yksikk\u00f6 noin kilometrin p\u00e4\u00e4ss\u00e4 Aurajoen toisella puolen.<\/p>\n","protected":false},"excerpt":{"rendered":"Turku|Ep\u00e4ilty rikos tapahtui keskiviikkoaamuna Turun Nummessa. Kavereiden ei ole syyt\u00e4 sekaantua asian selvitt\u00e4miseen, poliisi painottaa. 10.12. 19:41 |&hellip;\n","protected":false},"author":2,"featured_media":96697,"comment_status":"","ping_status":"","sticky":false,"template":"","format":"standard","meta":{"footnotes":""},"categories":[5],"tags":[22,23,26,27,33,31,30,17,46,24,25,28,29,15,18,21,32,19,20,16],"class_list":{"0":"post-113225","1":"post","2":"type-post","3":"status-publish","4":"format-standard","5":"has-post-thumbnail","7":"category-otsikot","8":"tag-breaking-news","9":"tag-breakingnews","10":"tag-featured-news","11":"tag-featurednews","12":"tag-fi","13":"tag-finland","14":"tag-finnish","15":"tag-headlines","16":"tag-helsingin-sanomat","17":"tag-latest-news","18":"tag-latestnews","19":"tag-main-news","20":"tag-mainnews","21":"tag-news","22":"tag-otsikot","23":"tag-paauutiset","24":"tag-suomi","25":"tag-top-stories","26":"tag-topstories","27":"tag-uutiset"},"share_on_mastodon":{"url":"https:\/\/pubeurope.com\/@fi\/115698676719569716","error":""},"_links":{"self":[{"href":"https:\/\/www.europesays.com\/fi\/wp-json\/wp\/v2\/posts\/113225","targetHints":{"allow":["GET"]}}],"collection":[{"href":"https:\/\/www.europesays.com\/fi\/wp-json\/wp\/v2\/posts"}],"about":[{"href":"https:\/\/www.europesays.com\/fi\/wp-json\/wp\/v2\/types\/post"}],"author":[{"embeddable":true,"href":"https:\/\/www.europesays.com\/fi\/wp-json\/wp\/v2\/users\/2"}],"replies":[{"embeddable":true,"href":"https:\/\/www.europesays.com\/fi\/wp-json\/wp\/v2\/comments?post=113225"}],"version-history":[{"count":0,"href":"https:\/\/www.europesays.com\/fi\/wp-json\/wp\/v2\/posts\/113225\/revisions"}],"wp:featuredmedia":[{"embeddable":true,"href":"https:\/\/www.europesays.com\/fi\/wp-json\/wp\/v2\/media\/96697"}],"wp:attachment":[{"href":"https:\/\/www.europesays.com\/fi\/wp-json\/wp\/v2\/media?parent=113225"}],"wp:term":[{"taxonomy":"category","embeddable":true,"href":"https:\/\/www.europesays.com\/fi\/wp-json\/wp\/v2\/categories?post=113225"},{"taxonomy":"post_tag","embeddable":true,"href":"https:\/\/www.europesays.com\/fi\/wp-json\/wp\/v2\/tags?post=113225"}],"curies":[{"name":"wp","href":"https:\/\/api.w.org\/{rel}","templated":true}]}}