{"id":113240,"date":"2025-12-11T03:32:12","date_gmt":"2025-12-11T03:32:12","guid":{"rendered":"https:\/\/www.europesays.com\/fi\/113240\/"},"modified":"2025-12-11T03:32:12","modified_gmt":"2025-12-11T03:32:12","slug":"janni-hussi-esittelee-seiskalle-uutta-kotiaan-josta-loytyy-kolme-kerrosta-ja-runsaasti-tilaa","status":"publish","type":"post","link":"https:\/\/www.europesays.com\/fi\/113240\/","title":{"rendered":"Janni Hussi esittelee Seiskalle uutta kotiaan, josta l\u00f6ytyy kolme kerrosta ja runsaasti tilaa"},"content":{"rendered":"<p>            Timo Korhonen\n        <\/p>\n<p class=\"subtitle \">Rallikartturi maksoi pitk\u00e4n pennin hulppeasta sinkkukodistaan.<\/p>\n<p class=\"article-content article-content-width !bg-background\">Sinkkumarkkinoille vapautunut somepersoona ja rallikartturi , 34, on vihdoin l\u00f6yt\u00e4nyt uuden kodin.<\/p>\n<p class=\"font-weight-bold m-font-weight-bold article-content article-content-width !bg-background\">Videolla Janni Hussin sinkkutilitys uudessa \u00f6kykodissa:<\/p>\n<p class=\"article-content article-content-width !bg-background\">Jannin kolmekerroksinen omakotitalo Helsingiss\u00e4 on viimeist\u00e4 huutoa ja huomattavan komea arkkitehtuuriltaan.<\/p>\n<p class=\"article-content article-content-width !bg-background\">Jylh\u00e4 portti ja lukuisat valvontakamerat vihjaavat, ett\u00e4 asiattomilta on t\u00e4nne p\u00e4\u00e4sy kielletty.<\/p>\n<p class=\"article-content article-content-width !bg-background\">Mutta Seiskan reportteri ja kuvaaja ovat l\u00e4mpim\u00e4sti tervetulleita.<\/p>\n<p class=\"article-content article-content-width !bg-background\">\u2013 Termos termos! Peremm\u00e4lle vaan, hyv\u00e4ntuulinen Janni huikkaa ovensuusta.<\/p>\n<p>        <a itemprop=\"url\" href=\"https:\/\/www.seiska.fi\/vain-seiskassa\/no-nyt-janni-hussi-loysi-uuden-kodin-tanne-han-muuttaa\/1948874\" rel=\"nofollow noopener\" target=\"_blank\"><\/p>\n<p>\nUusi koti!\n<\/p>\n<p class=\"section-date\">\n        <strong class=\"article-section\" data-section=\"vain seiskassa\"><br \/>\n            vain seiskassa<br \/>\n        <\/strong><br \/>\n        3.10. 05:00\n    <\/p>\n<p>No nyt! Janni Hussi l\u00f6ysi uuden kodin \u2013 t\u00e4nne h\u00e4n muuttaa\n    <\/p>\n<p itemprop=\"description\" class=\"subtitle \">\n    Joel Harkimosta eroava rallikartturi k\u00e4\u00e4nt\u00e4\u00e4 el\u00e4m\u00e4ss\u00e4\u00e4n uuden sivun.\n<\/p>\n<p>        <\/a><\/p>\n<p>                <img decoding=\"async\" src=\"https:\/\/www.europesays.com\/fi\/wp-content\/uploads\/2025\/12\/2011231.webp\" width=\"576\" height=\"720\" alt=\"Janni Hussi on asunut muutaman kuukauden uudessa omakotitalossaan, josta l\u00f6ytyy kolme kerrosta.\" loading=\"lazy\" \/>            <\/p>\n<p>\n            Janni Hussi on asunut muutaman kuukauden uudessa omakotitalossaan, josta l\u00f6ytyy kolme kerrosta.<br \/>\n            Timo Korhonen\n        <\/p>\n<p>Valtava hirsilukaali<\/p>\n<p class=\"article-content article-content-width !bg-background\">Janni johdattaa vieraansa peremm\u00e4lle kotiinsa, johon mahtuisi kevyesti isompikin poppoo. H\u00e4n kuitenkin asuttaa lukaaliaan yksin Harri-koiransa kanssa.<\/p>\n<p class=\"article-content article-content-width !bg-background\">\u2013 Arvostan tilaa. T\u00e4nne pystyy kivasti majoittamaan vaikka yst\u00e4vi\u00e4 ja sukulaisia kyl\u00e4\u00e4n, h\u00e4n tuumii.<\/p>\n<p class=\"article-content article-content-width !bg-background\">\u2013 Tykk\u00e4\u00e4n siit\u00e4, ett\u00e4 l\u00f6ytyy erikseen ty\u00f6huone ja v\u00e4h\u00e4n harrastustilaakin.<\/p>\n<p>        <a itemprop=\"url\" href=\"https:\/\/www.seiska.fi\/urheilu\/jari-matti-latvalalla-herkka-hetki-nain-janni-hussi-reagoi\/1991379\" rel=\"nofollow noopener\" target=\"_blank\"><\/p>\n<p>\nN\u00e4in Janni reagoi\n<\/p>\n<p class=\"section-date\">\n        <strong class=\"article-section\" data-section=\"urheilu\"><br \/>\n            urheilu<br \/>\n        <\/strong><br \/>\n        13.11. 07:00\n    <\/p>\n<p>Jari-Matti Latvalalla herkk\u00e4 hetki \u2013 n\u00e4in Janni Hussi reagoi\n    <\/p>\n<p itemprop=\"description\" class=\"subtitle \">\n    Rallit\u00e4hti tekee bilepaljastuksen ja avaa tunteikasta tilannettaan Seiskalle.\n<\/p>\n<p>        <\/a><\/p>\n<p>                <img decoding=\"async\" src=\"https:\/\/www.europesays.com\/fi\/wp-content\/uploads\/2025\/12\/2011260.webp\" width=\"576\" height=\"322\" alt=\"Hirsitalon kellarikerroksesta l\u00f6ytyy huippuvarusteltu kuntosali sek\u00e4 viimeisen p\u00e4\u00e4lle saunaosasto.\" loading=\"lazy\" \/>            <\/p>\n<p>\n            Hirsitalon kellarikerroksesta l\u00f6ytyy huippuvarusteltu kuntosali sek\u00e4 viimeisen p\u00e4\u00e4lle saunaosasto.<br \/>\n            Timo Korhonen\n        <\/p>\n<p>Yksi huone tyhjill\u00e4\u00e4n<\/p>\n<p class=\"article-content article-content-width !bg-background\">\u201cV\u00e4h\u00e4n\u201d on toki suhteellinen k\u00e4site. Janni on n\u00e4et omistanut valtaosan kellarikerroksesta kuntosalille, josta l\u00f6ytyv\u00e4t kaikki treeniherkut.<\/p>\n<p class=\"article-content article-content-width !bg-background\">Kuntosalin viereinen saunaosasto design-kylpyammeineen on sekin kuin suoraan asuntomessujen mainoksesta.<\/p>\n<p class=\"article-content article-content-width !bg-background\">Ylemp\u00e4n\u00e4 keskikerroksessa sijaitsee vieras- ja kodinhoitohuone sek\u00e4 ty\u00f6huone, jonka hyllyt notkuvat rallipokaaleja. Yksi huone on viel\u00e4 kokonaan tyhjill\u00e4\u00e4n.<\/p>\n<p class=\"article-content article-content-width !bg-background\">\u2013 En ole oikein viel\u00e4 keksinyt, mit\u00e4 sinne laittaisin.<\/p>\n<p>        <a itemprop=\"url\" href=\"https:\/\/www.seiska.fi\/urheilu\/janni-hussi-ja-jari-matti-latvala-hammastyttivat-lahdessa-uutta-tietoa-kohuviikonlopusta\/1979880\" rel=\"nofollow noopener\" target=\"_blank\"><\/p>\n<p>\nH\u00e4mm\u00e4styttiv\u00e4t Lahdessa\n<\/p>\n<p class=\"section-date\">\n        <strong class=\"article-section\" data-section=\"urheilu\"><br \/>\n            urheilu<br \/>\n        <\/strong><br \/>\n        4.11. 06:00\n    <\/p>\n<p>Janni Hussi ja Jari-Matti Latvala h\u00e4mm\u00e4styttiv\u00e4t Lahdessa \u2013 uutta tietoa kohuviikonlopusta!\n    <\/p>\n<p itemprop=\"description\" class=\"subtitle \">\n    \u2013 Se oli kyll\u00e4 karvas pettymys, rallit\u00e4hti tilitt\u00e4\u00e4 Seiskalle.\n<\/p>\n<p>        <\/a><\/p>\n<p>                <img decoding=\"async\" src=\"https:\/\/www.europesays.com\/fi\/wp-content\/uploads\/2025\/12\/2011253.webp\" width=\"576\" height=\"720\" alt=\"Kovassa kunnossa oleva rallikartturi pit\u00e4\u00e4 itsens\u00e4 tikiss\u00e4 omalla kuntosalillaan.\" loading=\"lazy\" \/>            <\/p>\n<p>\n            Kovassa kunnossa oleva rallikartturi pit\u00e4\u00e4 itsens\u00e4 tikiss\u00e4 omalla kuntosalillaan.<br \/>\n            Timo Korhonen\n        <\/p>\n<p>Huimat merin\u00e4kym\u00e4t<\/p>\n<p class=\"article-content article-content-width !bg-background\">Kodin syd\u00e4n l\u00f6ytyy ylimm\u00e4st\u00e4 kerroksesta, josta avautuu henke\u00e4salpaava merimaisema.<\/p>\n<p class=\"article-content article-content-width !bg-background\">Kuin tilauksesta merikotka sy\u00f6ksyy nappaamaan saaliin reportterin ja kuvaajan ihmetelless\u00e4 hulppeaa ikkunan\u00e4kym\u00e4\u00e4.<\/p>\n<p class=\"article-content article-content-width !bg-background\">\u2013 Kai teille kahvi maistuu? Janni kys\u00e4isee ja painaa suuren kahvikoneen nappulaa.<\/p>\n<p>        <a itemprop=\"url\" href=\"https:\/\/www.seiska.fi\/urheilu\/no-nyt-tis-tuuliin-yhdistetty-jari-matti-latvala-kommentoi-janni-hussia-toivottavasti\/1983136\" rel=\"nofollow noopener\" target=\"_blank\"><\/p>\n<p>\nRallit\u00e4hti &amp; TIS-Tuuli!\n<\/p>\n<p class=\"section-date\">\n        <strong class=\"article-section\" data-section=\"urheilu\"><br \/>\n            urheilu<br \/>\n        <\/strong><br \/>\n        7.11. 07:00\n    <\/p>\n<p>No nyt! TIS-Tuuliin yhdistetty Jari-Matti Latvala kommentoi Janni Hussia: \u201dToivottavasti\u2026\u201d\n    <\/p>\n<p itemprop=\"description\" class=\"subtitle \">\n    Rallit\u00e4hden yksityisel\u00e4m\u00e4n sutinat eiv\u00e4t meinaa pysy\u00e4 piilossa.\n<\/p>\n<p>        <\/a><\/p>\n<p>                <img decoding=\"async\" src=\"https:\/\/www.europesays.com\/fi\/wp-content\/uploads\/2025\/12\/2011285.webp\" width=\"576\" height=\"720\" alt=\"\u2013 T\u00e4m\u00e4n talon rakennuttaja on miettinyt hienosti yksityiskohtia. Osaan arvostaa niit\u00e4 itsekin.\" loading=\"lazy\" \/>            <\/p>\n<p>\n            \u2013 T\u00e4m\u00e4n talon rakennuttaja on miettinyt hienosti yksityiskohtia. Osaan arvostaa niit\u00e4 itsekin.<br \/>\n            Timo Korhonen\n        <\/p>\n<p>                <img decoding=\"async\" src=\"https:\/\/www.europesays.com\/fi\/wp-content\/uploads\/2025\/12\/2011268.webp\" width=\"576\" height=\"322\" alt=\"Ylimm\u00e4st\u00e4 kerroksesta avautuu kaunis merimaisema.\" loading=\"lazy\" \/>            <\/p>\n<p>\n            Ylimm\u00e4st\u00e4 kerroksesta avautuu kaunis merimaisema.<br \/>\n            Timo Korhonen\n        <\/p>\n<p>T\u00e4ydellinen hiljaisuus<\/p>\n<p class=\"article-content article-content-width !bg-background\">Jannin sinkkuboksi on yhdistelm\u00e4 modernia nykyp\u00e4iv\u00e4n asumista ja loistohotellin luksusta. Silti hiljaisuus ja rauha ovat ne seikat, joita h\u00e4n arvostaa eniten.<\/p>\n<p class=\"article-content article-content-width !bg-background\">\u2013 T\u00e4m\u00e4 on oma rauhankeitaani. El\u00e4m\u00e4ni on nyky\u00e4\u00e4n niin hektist\u00e4, ett\u00e4 arvostan t\u00e4llaista rauhaa ja luonnonl\u00e4heisyytt\u00e4.<\/p>\n<p>\n            T\u00e4m\u00e4 on oma rauhankeitaani.\n            <\/p>\n<p class=\"article-content article-content-width !bg-background\">Ikkunan takana merikotkaa ei en\u00e4\u00e4 n\u00e4y. Puut huojuvat \u00e4\u00e4neti tuulessa.<\/p>\n<p class=\"article-content article-content-width !bg-background\">\u2013 T\u00e4m\u00e4 on akustiikkalevyill\u00e4 eristetty hirsitalo, joten onhan t\u00e4m\u00e4 my\u00f6s tosi hiljainen.<\/p>\n<p>                <img decoding=\"async\" src=\"https:\/\/www.europesays.com\/fi\/wp-content\/uploads\/2025\/12\/2011229.webp\" width=\"576\" height=\"720\" alt=\"Janni sanoo arvostavansa tilaa ja rauhaa.\" loading=\"lazy\" \/>            <\/p>\n<p>\n            Janni sanoo arvostavansa tilaa ja rauhaa.<br \/>\n            Timo Korhonen\n        <\/p>\n<p>Patalaiska kotikokki<\/p>\n<p class=\"article-content article-content-width !bg-background\">Keitti\u00f6ss\u00e4 Jannia alkaa naurattaa. H\u00e4n kuvailee olevansa \u201ctosi laiska kotikokki\u201d.<\/p>\n<p class=\"article-content article-content-width !bg-background\">\u2013 Ruoanlaitto ei ole suosikkipuuhani. Mieluummin vaikka imuroin, pesen pyykki\u00e4 tai teen mit\u00e4 tahansa muita kotiaskareita.<\/p>\n<p>\n            Kun innostun kokkaamaan, niin minusta tulee todellinen suurtalouskeitti\u00f6n em\u00e4nt\u00e4!\n            <\/p>\n<p class=\"article-content article-content-width !bg-background\">\u2013 Mutta sitten kun innostun kokkaamaan, niin minusta tulee todellinen suurtalouskeitti\u00f6n em\u00e4nt\u00e4! h\u00e4n innostuu.<\/p>\n<p class=\"article-content article-content-width !bg-background\">\u2013 Silloin teen siis kerralla j\u00e4ttim\u00e4isen satsin. Minua ei haittaa yht\u00e4\u00e4n sy\u00f6d\u00e4 vaikka koko viikko samaa ruokaa.<\/p>\n<p>                <img decoding=\"async\" src=\"https:\/\/www.europesays.com\/fi\/wp-content\/uploads\/2025\/12\/2011247.webp\" width=\"576\" height=\"620\" alt=\"Janni ei juurikaan h\u00e4\u00e4r\u00e4\u00e4 kietti\u00f6ss\u00e4. \u2013 V\u00e4h\u00e4n turhan laiska olen. Pit\u00e4isi skarpata.\" loading=\"lazy\" \/>            <\/p>\n<p>\n            Janni ei juurikaan h\u00e4\u00e4r\u00e4\u00e4 kietti\u00f6ss\u00e4. \u2013 V\u00e4h\u00e4n turhan laiska olen. Pit\u00e4isi skarpata.<\/p>\n<p>Koko ajan menossa<\/p>\n<p class=\"article-content article-content-width !bg-background\">Yl\u00e4kerroksessa keitti\u00f6 ja olohuone ovat samaa avointa tilaa. J\u00e4ttim\u00e4isen television edess\u00e4 komeileva suuri sohva on Jannin lempipaikka kodissa.<\/p>\n<p class=\"article-content article-content-width !bg-background\">\u2013 Siin\u00e4 me aika usein Harppuunan kanssa l\u00f6h\u00f6t\u00e4\u00e4n. Kun tulen jostain reissusta kotiin, on vaan ihana r\u00f6h\u00f6ht\u00e4\u00e4 sohvalle makaamaan.<\/p>\n<p class=\"article-content article-content-width !bg-background\">Sellaisia hetki\u00e4 ei ole liiaksi. Ralli-Jannille on kertynyt t\u00e4n\u00e4 vuonna pitk\u00e4lti toistasataa matkap\u00e4iv\u00e4\u00e4.<\/p>\n<p class=\"article-content article-content-width !bg-background\">\u2013 Marraskuussa ehdin olla alle viikon kotosalla. Onneksi loppuvuodeksi ei ole mit\u00e4\u00e4n sen kummempia suunnitelmia.<\/p>\n<p>                <img decoding=\"async\" src=\"https:\/\/www.europesays.com\/fi\/wp-content\/uploads\/2025\/12\/2011283.webp\" width=\"576\" height=\"322\" alt=\"Massiivinen sohva on Jannin lempipaikka kodissa.\" loading=\"lazy\" \/>            <\/p>\n<p>\n            Massiivinen sohva on Jannin lempipaikka kodissa.<br \/>\n            Timo Korhonen\n        <\/p>\n<p>Pulitti pitk\u00e4n pennin<\/p>\n<p class=\"article-content article-content-width !bg-background\">Jannin arvotalon sijainti j\u00e4\u00e4k\u00f6\u00f6n salaisuudeksi. Selv\u00e4\u00e4 on, ett\u00e4 siit\u00e4 on saanut pulittaa pitk\u00e4n pennin.<\/p>\n<p>\n            Kyll\u00e4 sit\u00e4 nyky\u00e4\u00e4n joka aamu muistaa, miksi tuli her\u00e4tty\u00e4 t\u00f6ihin.\n            <\/p>\n<p class=\"article-content article-content-width !bg-background\">Kauppasummista puhuminen saa Jannin kiusaantuneeksi.<\/p>\n<p class=\"article-content article-content-width !bg-background\">\u2013 No j\u00e4tet\u00e4\u00e4n se kertomatta. Mutta sanotaan n\u00e4in, ett\u00e4 kyll\u00e4 sit\u00e4 nyky\u00e4\u00e4n joka aamu muistaa, miksi tuli her\u00e4tty\u00e4 t\u00f6ihin.<\/p>\n<p>                <img decoding=\"async\" src=\"https:\/\/www.europesays.com\/fi\/wp-content\/uploads\/2025\/12\/2011272.webp\" width=\"576\" height=\"596\" alt=\"Janni on satsannut isosti sinkkukotiinsa.\" loading=\"lazy\" \/>            <\/p>\n<p>\n            Janni on satsannut isosti sinkkukotiinsa.<br \/>\n            Timo Korhonen\n        <\/p>\n<p>        J\u00e4re\u00e4t turvatoimet<\/p>\n<p>Jannin koti on valmistunut 2020-luvulla. Hulppeasta 3-kerroksisesta talosta ei l\u00f6ydy yht\u00e4\u00e4n nurkkaa, joka j\u00e4isi valvontakameroilta piiloon.<\/p>\n<p>My\u00f6s ulkosivu on ammuttu t\u00e4yteen valvontakameroita, joten t\u00e4htikartturin luulisi nukkuvan y\u00f6ns\u00e4 levollisesti.<\/p>\n<p>\u2013 Joo, kyll\u00e4. Arvostan turvallisuutta. Siksi t\u00e4\u00e4lt\u00e4 l\u00f6ytyy hyvinkin kattava turvaj\u00e4rjestelm\u00e4, Janni ny\u00f6kk\u00e4\u00e4.<\/p>\n<p>\u2013 Se oli t\u00e4\u00e4ll\u00e4 itse asiassa jo valmiina talon edellisen omistajana asentamana. Turvaj\u00e4rjestelyt olivat kauppoja tehdess\u00e4 kirsikka kakun p\u00e4\u00e4lle.<\/p>\n","protected":false},"excerpt":{"rendered":"Timo Korhonen Rallikartturi maksoi pitk\u00e4n pennin hulppeasta sinkkukodistaan. Sinkkumarkkinoille vapautunut somepersoona ja rallikartturi , 34, on vihdoin l\u00f6yt\u00e4nyt&hellip;\n","protected":false},"author":2,"featured_media":113241,"comment_status":"","ping_status":"","sticky":false,"template":"","format":"standard","meta":{"footnotes":""},"categories":[136],"tags":[542,407,137,33,31,30,7655,2597,408,9064,13057,17033,9739,20862,8803,10005,8193,2210,32,109],"class_list":{"0":"post-113240","1":"post","2":"type-post","3":"status-publish","4":"format-standard","5":"has-post-thumbnail","7":"category-julkkikset","8":"tag-asuminen","9":"tag-celebrities","10":"tag-entertainment","11":"tag-fi","12":"tag-finland","13":"tag-finnish","14":"tag-hirsitalo","15":"tag-janni-hussi","16":"tag-julkkikset","17":"tag-kartanlukija","18":"tag-kartturi","19":"tag-keittio","20":"tag-kotiesittely","21":"tag-kotikokki","22":"tag-kuntosali","23":"tag-omakotitalo","24":"tag-sinkku","25":"tag-somevaikuttaja","26":"tag-suomi","27":"tag-viihde"},"share_on_mastodon":{"url":"https:\/\/pubeurope.com\/@fi\/115698830712530690","error":""},"_links":{"self":[{"href":"https:\/\/www.europesays.com\/fi\/wp-json\/wp\/v2\/posts\/113240","targetHints":{"allow":["GET"]}}],"collection":[{"href":"https:\/\/www.europesays.com\/fi\/wp-json\/wp\/v2\/posts"}],"about":[{"href":"https:\/\/www.europesays.com\/fi\/wp-json\/wp\/v2\/types\/post"}],"author":[{"embeddable":true,"href":"https:\/\/www.europesays.com\/fi\/wp-json\/wp\/v2\/users\/2"}],"replies":[{"embeddable":true,"href":"https:\/\/www.europesays.com\/fi\/wp-json\/wp\/v2\/comments?post=113240"}],"version-history":[{"count":0,"href":"https:\/\/www.europesays.com\/fi\/wp-json\/wp\/v2\/posts\/113240\/revisions"}],"wp:featuredmedia":[{"embeddable":true,"href":"https:\/\/www.europesays.com\/fi\/wp-json\/wp\/v2\/media\/113241"}],"wp:attachment":[{"href":"https:\/\/www.europesays.com\/fi\/wp-json\/wp\/v2\/media?parent=113240"}],"wp:term":[{"taxonomy":"category","embeddable":true,"href":"https:\/\/www.europesays.com\/fi\/wp-json\/wp\/v2\/categories?post=113240"},{"taxonomy":"post_tag","embeddable":true,"href":"https:\/\/www.europesays.com\/fi\/wp-json\/wp\/v2\/tags?post=113240"}],"curies":[{"name":"wp","href":"https:\/\/api.w.org\/{rel}","templated":true}]}}