{"id":113242,"date":"2025-12-11T03:39:14","date_gmt":"2025-12-11T03:39:14","guid":{"rendered":"https:\/\/www.europesays.com\/fi\/113242\/"},"modified":"2025-12-11T03:39:14","modified_gmt":"2025-12-11T03:39:14","slug":"il-rikoksista-syytetyn-jari-matti-latvalan-tapauksessa-kaanne","status":"publish","type":"post","link":"https:\/\/www.europesays.com\/fi\/113242\/","title":{"rendered":"IL: Rikoksista syytetyn Jari-Matti Latvalan tapauksessa k\u00e4\u00e4nne"},"content":{"rendered":"<p>Ralli|Toyotan rallitallin p\u00e4\u00e4llikk\u00f6\u00e4 Jari-Matti Latvalaa syytet\u00e4\u00e4n t\u00f6rke\u00e4st\u00e4 veropetoksesta.<\/p>\n<p>10.12. 20:27<\/p>\n<p class=\"article-body mb-nof-24 px-nof-16\">Toyotan tallip\u00e4\u00e4llik\u00f6n ja historic-luokan Euroopan mestarin <a class=\"article-personlink\" href=\"https:\/\/www.hs.fi\/haku\/?query=Jari-Matti%20Latvalan\" rel=\"nofollow noopener\" target=\"_blank\">Jari-Matti Latvalan<\/a> joulukuulle m\u00e4\u00e4r\u00e4tyt oikeudenk\u00e4yntip\u00e4iv\u00e4t on peruttu, kertoo <a class=\"article-genericlink\" href=\"https:\/\/www.iltalehti.fi\/ralli\/a\/64b8a586-9e79-4e2c-a076-2762a75b9ae7\" rel=\"nofollow noopener\" target=\"_blank\">Iltalehti<\/a>.<\/p>\n<p class=\"article-body mb-nof-24 px-nof-16\">Latvalaa syytet\u00e4\u00e4n t\u00f6rke\u00e4st\u00e4 veropetoksesta.<\/p>\n<p class=\"article-body mb-nof-24 px-nof-16\">Syyte koskee verottajan kanssa k\u00e4yty\u00e4 kiistaa Latvalan verovelvollisuudesta vuosina 2015\u20132018. Latvala kiist\u00e4\u00e4 syyllistyneens\u00e4 rikokseen.<\/p>\n<p class=\"article-body mb-nof-24 px-nof-16\">Tapauksen k\u00e4sittelyn piti jatkua Helsingin k\u00e4r\u00e4j\u00e4oikeudessa ensi viikolla, mutta k\u00e4r\u00e4j\u00e4oikeudesta kerrottiin Iltalehdelle, ett\u00e4 k\u00e4sittelyp\u00e4iv\u00e4t on peruttu.<\/p>\n<p class=\"article-body mb-nof-24 px-nof-16\">Taustalla on korkeimmassa oikeudessa k\u00e4sitelt\u00e4v\u00e4 asia, jonka p\u00e4\u00e4t\u00f6ksen odotetaan tulevan l\u00e4hiviikkoina.<\/p>\n<p class=\"article-body mb-nof-24 px-nof-16\">\u201dKorkein oikeus antaa ratkaisun, jolla voi olla vaikutusta t\u00e4m\u00e4n tapauksen k\u00e4sittelyyn\u201d, k\u00e4r\u00e4j\u00e4oikeudesta kerrottiin Iltalehdelle.<\/p>\n<p class=\"article-body mb-nof-24 px-nof-16\">Iltalehden mukaan on jopa mahdollista, ett\u00e4 korkeimman oikeuden antaman ennakkop\u00e4\u00e4t\u00f6ksen my\u00f6t\u00e4 Latvalan tapaus voisi raueta.<\/p>\n<p class=\"article-body mb-nof-24 px-nof-16\">Latvalan ep\u00e4illyss\u00e4 rikoksessa on h\u00e4nen mukaansa kyse samasta asiasta, josta h\u00e4n on veroviranomaisten kanssa kiistellyt aiemminkin.<\/p>\n<p class=\"article-body mb-nof-24 px-nof-16\">Syyte tuli vireille Helsingin k\u00e4r\u00e4j\u00e4oikeudessa elokuussa. Rikoslain mukaan t\u00f6rke\u00e4st\u00e4 veropetoksesta voidaan tuomita v\u00e4hint\u00e4\u00e4n nelj\u00e4n kuukauden ja enint\u00e4\u00e4n nelj\u00e4n vuoden vankeuteen.<\/p>\n<p class=\"article-body mb-nof-24 px-nof-16\">\u201dTuntuu todella raskaalta. Harmittaa, ettei vanhaa asiaa ole n\u00e4emm\u00e4 viel\u00e4k\u00e4\u00e4n saatu verottajan kanssa maaliin\u201d, Latvala <a class=\"article-genericlink\" href=\"https:\/\/www.is.fi\/ralli\/art-2000011496861.html\" rel=\"nofollow noopener\" target=\"_blank\">kommentoi syyskuussa<\/a>.<\/p>\n<p class=\"article-body mb-nof-24 px-nof-16\">Monacossa yli kymmenen vuotta asunut rallikuski oli verottajan mukaan viett\u00e4nyt verotuksen kannalta liikaa p\u00e4ivi\u00e4 Suomessa vuosina 2014\u20132018.<\/p>\n<p class=\"article-body mb-nof-24 px-nof-16\">Verottajan mielest\u00e4 Latvala ei asunut ja tehnyt t\u00f6it\u00e4 riitt\u00e4v\u00e4sti Suomen ulkopuolella voidakseen olla Suomen ansiotuloverotuksen ulkopuolella.<\/p>\n<p class=\"article-body mb-nof-24 px-nof-16\">Latvala maksoi noin 4,5 miljoonan euron verovelat kokonaisuudessaan pois muutama vuosi sitten.<\/p>\n","protected":false},"excerpt":{"rendered":"Ralli|Toyotan rallitallin p\u00e4\u00e4llikk\u00f6\u00e4 Jari-Matti Latvalaa syytet\u00e4\u00e4n t\u00f6rke\u00e4st\u00e4 veropetoksesta. 10.12. 20:27 Toyotan tallip\u00e4\u00e4llik\u00f6n ja historic-luokan Euroopan mestarin Jari-Matti Latvalan&hellip;\n","protected":false},"author":2,"featured_media":113243,"comment_status":"","ping_status":"","sticky":false,"template":"","format":"standard","meta":{"footnotes":""},"categories":[158],"tags":[33,31,30,46,159,32,160],"class_list":{"0":"post-113242","1":"post","2":"type-post","3":"status-publish","4":"format-standard","5":"has-post-thumbnail","7":"category-urheilu","8":"tag-fi","9":"tag-finland","10":"tag-finnish","11":"tag-helsingin-sanomat","12":"tag-sports","13":"tag-suomi","14":"tag-urheilu"},"share_on_mastodon":{"url":"https:\/\/pubeurope.com\/@fi\/115698857851367155","error":""},"_links":{"self":[{"href":"https:\/\/www.europesays.com\/fi\/wp-json\/wp\/v2\/posts\/113242","targetHints":{"allow":["GET"]}}],"collection":[{"href":"https:\/\/www.europesays.com\/fi\/wp-json\/wp\/v2\/posts"}],"about":[{"href":"https:\/\/www.europesays.com\/fi\/wp-json\/wp\/v2\/types\/post"}],"author":[{"embeddable":true,"href":"https:\/\/www.europesays.com\/fi\/wp-json\/wp\/v2\/users\/2"}],"replies":[{"embeddable":true,"href":"https:\/\/www.europesays.com\/fi\/wp-json\/wp\/v2\/comments?post=113242"}],"version-history":[{"count":0,"href":"https:\/\/www.europesays.com\/fi\/wp-json\/wp\/v2\/posts\/113242\/revisions"}],"wp:featuredmedia":[{"embeddable":true,"href":"https:\/\/www.europesays.com\/fi\/wp-json\/wp\/v2\/media\/113243"}],"wp:attachment":[{"href":"https:\/\/www.europesays.com\/fi\/wp-json\/wp\/v2\/media?parent=113242"}],"wp:term":[{"taxonomy":"category","embeddable":true,"href":"https:\/\/www.europesays.com\/fi\/wp-json\/wp\/v2\/categories?post=113242"},{"taxonomy":"post_tag","embeddable":true,"href":"https:\/\/www.europesays.com\/fi\/wp-json\/wp\/v2\/tags?post=113242"}],"curies":[{"name":"wp","href":"https:\/\/api.w.org\/{rel}","templated":true}]}}