{"id":113250,"date":"2025-12-11T03:46:13","date_gmt":"2025-12-11T03:46:13","guid":{"rendered":"https:\/\/www.europesays.com\/fi\/113250\/"},"modified":"2025-12-11T03:46:13","modified_gmt":"2025-12-11T03:46:13","slug":"virkamiehet-vastustavat-karhun-ja-ilveksen-metsastyksen-laajennusta-hyvin-kyseenalaista","status":"publish","type":"post","link":"https:\/\/www.europesays.com\/fi\/113250\/","title":{"rendered":"Virkamiehet vastustavat karhun ja ilveksen mets\u00e4styksen laajennusta: &#8221;Hyvin kyseenalaista&#8221;"},"content":{"rendered":"<p>Eduskunta|Ministeri Sari Essayahin mukaan eduskunta s\u00e4\u00e4t\u00e4\u00e4 lait, ja taustalla on \u201dhuikean suuri\u201d enemmist\u00f6.<\/p>\n<p>10.12. 17:10<\/p>\n<p>Lue tiivistelm\u00e4<\/p>\n<p>Tiivistelm\u00e4 on teko\u00e4lyn tekem\u00e4 ja ihmisen tarkistama.<\/p>\n<p class=\"article-body mb-nof-24 px-nof-16 sndp-summary-bullet-point-font\">Maa- ja mets\u00e4talousministeri\u00f6n virkamiehet vastustavat eduskunnan maa- ja mets\u00e4talousvaliokunnan esityst\u00e4 laajentaa suurpetojen kiinti\u00f6mets\u00e4stys koskemaan suden lis\u00e4ksi my\u00f6s karhua ja ilvesta.<\/p>\n<p class=\"article-body mb-nof-24 px-nof-16 sndp-summary-bullet-point-font\">Virkamiesten mukaan karhu ja ilves ovat edelleen tiukasti suojeltuja lajeja EU:n luontodirektiiviss\u00e4, toisin kuin susi, jonka suojelustatus on muuttunut.<\/p>\n<p class=\"article-body mb-nof-24 px-nof-16 sndp-summary-bullet-point-font\">Maa- ja mets\u00e4talousministeri Sari Essayah korostaa, ett\u00e4 eduskunta s\u00e4\u00e4t\u00e4\u00e4 lait ja mietinn\u00f6n takana on huikean suuri enemmist\u00f6.<\/p>\n<p class=\"article-body mb-nof-24 px-nof-16\">Maa- ja mets\u00e4talousministeri\u00f6 ei ole innostunut siit\u00e4, ett\u00e4 eduskunnan maa- ja mets\u00e4talousvaliokunta aikoo ulottaa suurpetojen alueellisen kiinti\u00f6mets\u00e4styksen suden lis\u00e4ksi my\u00f6s karhuun ja ilvekseen.<\/p>\n<p class=\"article-body mb-nof-24 px-nof-16\">Valiokunta teki t\u00e4llaisen laajennuksen eduskunnassa. Alkuper\u00e4inen valiokuntaan tullut mets\u00e4styslain muutosesitys koski pelk\u00e4st\u00e4\u00e4n suden kiinti\u00f6mets\u00e4styst\u00e4.<\/p>\n<p class=\"article-body mb-nof-24 px-nof-16\">Oheistuotteena my\u00f6s saukon alueellinen kiinti\u00f6mets\u00e4stys on valiokunnan tekemien lakimuutosten j\u00e4lkeen teoriassa mahdollista.<\/p>\n<p class=\"article-body mb-nof-24 px-nof-16\">Ministeri\u00f6n virkamiesten nihke\u00e4 kanta k\u00e4y ilmi vastineesta, joka valiokunnalle toimitettiin. Neuvotteleva virkamies <a class=\"article-personlink\" href=\"https:\/\/www.hs.fi\/haku\/?query=Sami%20Niemi\" rel=\"nofollow noopener\" target=\"_blank\">Sami Niemi<\/a> ja lains\u00e4\u00e4d\u00e4nt\u00f6neuvos <a class=\"article-personlink\" href=\"https:\/\/www.hs.fi\/haku\/?query=Teemu%20Nikula\" rel=\"nofollow noopener\" target=\"_blank\">Teemu Nikula<\/a> huomauttavat, ett\u00e4 suden suojeluasema EU:n luontodirektiiviss\u00e4 on muuttunut: suden mets\u00e4stys on luontodirektiiviss\u00e4 hyv\u00e4ksytty menettely.<\/p>\n<p class=\"article-body mb-nof-24 px-nof-16\">Sen sijaan karhun ja ilveksen suojelustatus luontodirektiiviss\u00e4 ei ole muuttunut. Ne ovat edelleen tiukasti suojeltuja lajeja, joiden mets\u00e4stys perustuu poikkeusmenettelyyn.<\/p>\n<p class=\"article-body mb-nof-24 px-nof-16\">Mets\u00e4styslain muutoksen suden osalta oli virkamiesten mukaan tarkoitus olla tekninen lis\u00e4ys lakiin. Siksi \u201don hyvin kyseenalaista, olisiko t\u00e4llaista esityksen tosiasiallista laajennusta syyt\u00e4 tehd\u00e4\u201d eli ottaa mukaan my\u00f6s karhu ja ilves, virkamiehet kirjoittavat.<\/p>\n<p class=\"article-body mb-nof-24 px-nof-16\">Virkamiesten mukaan valiokunnan toiminta saattaa vaarantaa sivutuotteena karhun nykyisen mets\u00e4styksen poronhoitoalueella, jonka EU on hyv\u00e4ksynyt.<\/p>\n<p class=\"article-body mb-nof-24 px-nof-16\">Maa- ja mets\u00e4talousministeri <a class=\"article-personlink\" href=\"https:\/\/www.hs.fi\/haku\/?query=Sari%20Essayahin\" rel=\"nofollow noopener\" target=\"_blank\">Sari Essayahin<\/a> (kd) mukaan eduskunta s\u00e4\u00e4t\u00e4\u00e4 Suomessa lait, joten h\u00e4n ministerin\u00e4 ei ota kantaa siihen, miten maa- ja mets\u00e4talousvaliokunnassa toimittiin. Essayah huomauttaa HS:lle, ett\u00e4 mietinn\u00f6n taustalla on \u201dhuikean suuri\u201d enemmist\u00f6, koska hallituspuolueiden lis\u00e4ksi my\u00f6s keskusta ja Sdp kannattavat suden, karhun ja ilveksen kiinti\u00f6mets\u00e4styst\u00e4.<\/p>\n<p class=\"article-body mb-nof-24 px-nof-16\">Essayahin mukaan ministeri\u00f6n virkamiesten vastine on ymm\u00e4rrett\u00e4v\u00e4, koska virkamiesten t\u00e4ytyy virkavastuunsa takia ilmaista karhunmets\u00e4styksen laajennukseen liittyv\u00e4 riski sen jatkumisesta poronhoitoalueella.<\/p>\n<p class=\"article-body mb-nof-24 px-nof-16\">Essayahin mukaan Suomen karhu- ja ilveskanta ovat kasvaneet selv\u00e4sti.<\/p>\n<p class=\"article-body mb-nof-24 px-nof-16\">\u201dMik\u00e4\u00e4n suurpedoistamme ei ole uhanalainen laji, ei edes silm\u00e4ll\u00e4pidon alainen laji.\u201d<\/p>\n<p class=\"article-body mb-nof-24 px-nof-16\">Jos lainmuutos tulee voimaan, mets\u00e4styksen aloittamiseen tarvitaan viel\u00e4 erikseen ministeri\u00f6ss\u00e4 valmisteltavat asetukset. Essayahin mukaan ministeri\u00f6n on ne valmisteltava, jos eduskunta siihen velvoittaa.<\/p>\n<p class=\"article-body mb-nof-24 px-nof-16\">Eduskunta k\u00e4vi maa- ja mets\u00e4talousvaliokunnan mietinn\u00f6n pohjalta keskiviikkona tiukan keskustelun, jossa kansanedustajien jakolinjat n\u00e4kyiv\u00e4t.<\/p>\n<p class=\"article-body mb-nof-24 px-nof-16\">Vasemmistoliitto ja vihre\u00e4t kritisoivat sis\u00e4ll\u00f6n lis\u00e4ksi menettelytapaa eli sit\u00e4, ett\u00e4 valiokunta ujutti karhun, ilveksen ja saukon suden rinnalle. Kummankin puolueen edustajat kyseliv\u00e4t, eik\u00f6 hallituspuolueita h\u00e4vet\u00e4, ja ep\u00e4iliv\u00e4t petovihan ja \u201djahtihupien\u201d ohjanneen toimintaa.<\/p>\n<p class=\"article-body mb-nof-24 px-nof-16\">\u201dPaitsi ett\u00e4 hallituksen esitys on sis\u00e4ll\u00f6llisesti surkea, lainvalmistelun perusedellytykset laiminly\u00f6v\u00e4 raakile, sen k\u00e4sittely on alusta loppuun ollut tarkoitushakuisesti hutiloitua, kiirehditty\u00e4 ja pakolla l\u00e4pirunnottua\u201d, vasemmistoliiton <a class=\"article-personlink\" href=\"https:\/\/www.hs.fi\/haku\/?query=Veronika%20Honkasalo\" rel=\"nofollow noopener\" target=\"_blank\">Veronika Honkasalo<\/a> ry\u00f6pytti.<\/p>\n<p class=\"article-body mb-nof-24 px-nof-16\">\u201dEi ollut muuta vaihtoehtoa kuin toimia n\u00e4in, vaikka en pysty siit\u00e4 tyylipisteit\u00e4 antamaan\u201d, puolusti keskustan <a class=\"article-personlink\" href=\"https:\/\/www.hs.fi\/haku\/?query=Anne%20Kalmari\" rel=\"nofollow noopener\" target=\"_blank\">Anne Kalmari<\/a>. Keskusta kannattaa mets\u00e4styksen laajennusta.<\/p>\n<p class=\"article-body mb-nof-24 px-nof-16\">Lainmuutoksen puolustajat korostivat puheissaan erityisesti suurpetojen aiheuttamia vahinkoja muun muassa kotiel\u00e4imille.<\/p>\n","protected":false},"excerpt":{"rendered":"Eduskunta|Ministeri Sari Essayahin mukaan eduskunta s\u00e4\u00e4t\u00e4\u00e4 lait, ja taustalla on \u201dhuikean suuri\u201d enemmist\u00f6. 10.12. 17:10 Lue tiivistelm\u00e4 Tiivistelm\u00e4&hellip;\n","protected":false},"author":2,"featured_media":113251,"comment_status":"","ping_status":"","sticky":false,"template":"","format":"standard","meta":{"footnotes":""},"categories":[5],"tags":[22,23,26,27,33,31,30,17,46,24,25,28,29,15,18,21,32,19,20,16],"class_list":{"0":"post-113250","1":"post","2":"type-post","3":"status-publish","4":"format-standard","5":"has-post-thumbnail","7":"category-otsikot","8":"tag-breaking-news","9":"tag-breakingnews","10":"tag-featured-news","11":"tag-featurednews","12":"tag-fi","13":"tag-finland","14":"tag-finnish","15":"tag-headlines","16":"tag-helsingin-sanomat","17":"tag-latest-news","18":"tag-latestnews","19":"tag-main-news","20":"tag-mainnews","21":"tag-news","22":"tag-otsikot","23":"tag-paauutiset","24":"tag-suomi","25":"tag-top-stories","26":"tag-topstories","27":"tag-uutiset"},"share_on_mastodon":{"url":"https:\/\/pubeurope.com\/@fi\/115698885136563426","error":""},"_links":{"self":[{"href":"https:\/\/www.europesays.com\/fi\/wp-json\/wp\/v2\/posts\/113250","targetHints":{"allow":["GET"]}}],"collection":[{"href":"https:\/\/www.europesays.com\/fi\/wp-json\/wp\/v2\/posts"}],"about":[{"href":"https:\/\/www.europesays.com\/fi\/wp-json\/wp\/v2\/types\/post"}],"author":[{"embeddable":true,"href":"https:\/\/www.europesays.com\/fi\/wp-json\/wp\/v2\/users\/2"}],"replies":[{"embeddable":true,"href":"https:\/\/www.europesays.com\/fi\/wp-json\/wp\/v2\/comments?post=113250"}],"version-history":[{"count":0,"href":"https:\/\/www.europesays.com\/fi\/wp-json\/wp\/v2\/posts\/113250\/revisions"}],"wp:featuredmedia":[{"embeddable":true,"href":"https:\/\/www.europesays.com\/fi\/wp-json\/wp\/v2\/media\/113251"}],"wp:attachment":[{"href":"https:\/\/www.europesays.com\/fi\/wp-json\/wp\/v2\/media?parent=113250"}],"wp:term":[{"taxonomy":"category","embeddable":true,"href":"https:\/\/www.europesays.com\/fi\/wp-json\/wp\/v2\/categories?post=113250"},{"taxonomy":"post_tag","embeddable":true,"href":"https:\/\/www.europesays.com\/fi\/wp-json\/wp\/v2\/tags?post=113250"}],"curies":[{"name":"wp","href":"https:\/\/api.w.org\/{rel}","templated":true}]}}