{"id":113260,"date":"2025-12-11T04:10:16","date_gmt":"2025-12-11T04:10:16","guid":{"rendered":"https:\/\/www.europesays.com\/fi\/113260\/"},"modified":"2025-12-11T04:10:16","modified_gmt":"2025-12-11T04:10:16","slug":"syyttaja-mies-murhasi-sangylla-maanneen-veljensa-veitsella-ahvenanmaan-heinakuinen-henkirikos-karajilla-kotimaa","status":"publish","type":"post","link":"https:\/\/www.europesays.com\/fi\/113260\/","title":{"rendered":"Syytt\u00e4j\u00e4: Mies murhasi s\u00e4ngyll\u00e4 maanneen veljens\u00e4 veitsell\u00e4 \u2013 Ahvenanmaan hein\u00e4kuinen henkirikos k\u00e4r\u00e4jill\u00e4 | Kotimaa"},"content":{"rendered":"<p class=\"aw-1gybjub aw-5vja16 kEtdKx kmuxyA yle__article__paragraph\">\u00c5R:n mukaan nelikymppinen mies on todettu mielentilatutkimuksissa syyntakeettomaksi. <\/p>\n<p><img decoding=\"async\" alt=\"Maarianhaminan poliisitalo.\" src=\"https:\/\/www.europesays.com\/fi\/wp-content\/uploads\/2025\/12\/39-96912362a6dcfee5e89.jpeg\" class=\"aw-1l9m598 hKVVvP\"\/><\/p>\n<p>Avaa kuvien katselu<\/p>\n<p>Maarianhaminan poliisilaitos. Arkistokuva. Kuva: Lassi L\u00e4hteenm\u00e4ki \/ Yle<\/p>\n<p>10.12. 11:51\u2022P\u00e4ivitetty 10.12. 13:37<\/p>\n<p class=\"aw-1gybjub aw-1p7kakr kEtdKx cEmitX yle__article__paragraph\">Ahvenanmaan k\u00e4r\u00e4j\u00e4oikeus alkoi keskiviikkona k\u00e4sitell\u00e4<a class=\"aw-iao6s4 iHOxEa yle__article__link\" href=\"https:\/\/yle.fi\/a\/74-20173180\" role=\"link\" rel=\"nofollow noopener\" target=\"_blank\"> Lumparlandissa hein\u00e4kuussa tapahtunutta henkirikosta<\/a>.<\/p>\n<p class=\"aw-1gybjub aw-1p7kakr kEtdKx cEmitX yle__article__paragraph\">Syytt\u00e4j\u00e4 vaatii elinkautista vankeusrangaistusta nelikymppiselle miehelle murhasta. Uhri oli syytetyn miehen veli.<\/p>\n<p class=\"aw-1gybjub aw-1p7kakr kEtdKx cEmitX yle__article__paragraph\">Haastehakemuksen mukaan mies on kiist\u00e4nyt rikoksen.<\/p>\n<p class=\"aw-1gybjub aw-1p7kakr kEtdKx cEmitX yle__article__paragraph\">Teko tapahtui y\u00f6aikaan Lumparlandin Komman\u00e4sv\u00e4genill\u00e4 sijaitsevalla kes\u00e4m\u00f6kill\u00e4. Syytt\u00e4j\u00e4n mukaan uhri makasi vuoteessaan, kun syytetty hy\u00f6kk\u00e4si t\u00e4m\u00e4n kimppuun puukon kanssa. Uhri sai tilanteessa useita kymmeni\u00e4 pisto- ja viiltohaavoja.<\/p>\n<p class=\"aw-1gybjub aw-1p7kakr kEtdKx cEmitX yle__article__paragraph\">Uhri huusi apua, mik\u00e4 her\u00e4tti viereisess\u00e4 huoneessa nukkuneet kaksi henkil\u00f6\u00e4. He yrittiv\u00e4t est\u00e4\u00e4 miest\u00e4 puukottamasta. T\u00e4ss\u00e4 yhteydess\u00e4 molemmat saivat veitsest\u00e4 vammoja.<\/p>\n<p class=\"aw-1gybjub aw-1p7kakr kEtdKx cEmitX yle__article__paragraph\"><a class=\"aw-iao6s4 iHOxEa yle__article__link\" href=\"https:\/\/alandsradio.ax\/nyheter\/mordatalad-nekar-fortsatt-till-brott-jag-minns-inte\" role=\"link\" rel=\"nofollow noopener\" target=\"_blank\">\u00c5lands Radion<\/a> mukaan v\u00e4liin tulleet olivat veljesten vanhemmat.<\/p>\n<p class=\"aw-1gybjub aw-1p7kakr kEtdKx cEmitX yle__article__paragraph\">Vastaaja haki syytt\u00e4j\u00e4n mukaan keitti\u00f6st\u00e4 uuden veitsen ja yritti jatkaa tekoaan, mutta uhria auttanut mies sai raahattua syytetyn hiuksista kiinni pit\u00e4en pois.<\/p>\n<p class=\"aw-1gybjub aw-1p7kakr kEtdKx cEmitX yle__article__paragraph\">Paikalle h\u00e4lytettiin naapurin avustuksella poliisi ja pelastushenkil\u00f6kuntaa. Uhri kuljetettiin helikopterilla Maarianhaminaan, miss\u00e4 h\u00e4nt\u00e4 yritettiin elvytt\u00e4\u00e4 tuloksetta. Ep\u00e4ilty otettiin kiinni tapahtumapaikalla.<\/p>\n<p>\u00c5R: mies oli syyntakeeton<\/p>\n<p class=\"aw-1gybjub aw-1p7kakr kEtdKx cEmitX yle__article__paragraph\">\u00c5R:n mukaan syytetty mies oli jo ennen oikeudenk\u00e4ynti\u00e4 ollut mielentilatutkimuksessa, jossa todettiin, ett\u00e4 h\u00e4n oli tekoaikaan syyntakeeton. Mies on sek\u00e4 kiinniotettaessa ett\u00e4 mielentilatutkimuksen aikana ilmoittanut, ettei h\u00e4nell\u00e4 ole velje\u00e4.<\/p>\n<p class=\"aw-1gybjub aw-1p7kakr kEtdKx cEmitX yle__article__paragraph\">Teko tehtiin syytt\u00e4j\u00e4n mielest\u00e4 erityisen julmalla tavalla, koska veli oli puolustuskyvyt\u00f6n maatessaan vuoteella. Veljen kerrotaan sy\u00f6neen l\u00e4\u00e4kkeit\u00e4 ennen nukkumaanmenoa, mik\u00e4 yleens\u00e4 sai t\u00e4m\u00e4n nukkumaan sike\u00e4sti.<\/p>\n<p class=\"aw-1gybjub aw-1p7kakr kEtdKx cEmitX yle__article__paragraph\">Syytt\u00e4j\u00e4 pit\u00e4\u00e4 tekoa harkittuna, koska vastaaja oli tuonut tekoaseen laukussaan m\u00f6kille. H\u00e4n oli my\u00f6s pukeutunut peitt\u00e4v\u00e4\u00e4n asuun ja k\u00e4ytt\u00e4nyt k\u00e4sineit\u00e4. Syytt\u00e4j\u00e4n mukaan miehen tekem\u00e4t muistiinpanot osoittivat h\u00e4nen harkinneen tekoa etuk\u00e4teen.<\/p>\n<p class=\"aw-1gybjub aw-1p7kakr kEtdKx cEmitX yle__article__paragraph\">Miest\u00e4 syytet\u00e4\u00e4n murhan lis\u00e4ksi kahdesta vammantuottamuksesta, kun uhria auttaneet henkil\u00f6t loukkaantuivat. N\u00e4m\u00e4kin syytteet mies kiist\u00e4\u00e4.<\/p>\n<p class=\"aw-1gybjub aw-1p7kakr kEtdKx cEmitX yle__article__paragraph\">Lumparland on pieni, alle 400 asukkaan kunta Ahvenanmaalla. Poliisi kertoi kes\u00e4ll\u00e4, ett\u00e4 kaikki osalliset asuivat Ruotsissa.<\/p>\n<p class=\"aw-1gybjub aw-1p7kakr kEtdKx cEmitX yle__article__paragraph\">Ingressi\u00e4 ja juttua p\u00e4ivitetty klo 13.36: \u00c5R kertoo loukkaantuneiden henkil\u00f6iden olleen veljesten vanhemmat. Syytetty on todettu \u00c5R:n mukaan mielentilatutkimuksissa tekohetkell\u00e4 syyntakeettomaksi.<\/p>\n","protected":false},"excerpt":{"rendered":"\u00c5R:n mukaan nelikymppinen mies on todettu mielentilatutkimuksissa syyntakeettomaksi. Avaa kuvien katselu Maarianhaminan poliisilaitos. Arkistokuva. Kuva: Lassi L\u00e4hteenm\u00e4ki \/&hellip;\n","protected":false},"author":2,"featured_media":113261,"comment_status":"","ping_status":"","sticky":false,"template":"","format":"standard","meta":{"footnotes":""},"categories":[14],"tags":[8741,22,23,26,27,33,31,30,17,2455,4918,71,683,24,25,28,29,1252,15,2098,18,21,1282,581,32,19,20,56,16,37,663,59,60,61],"class_list":{"0":"post-113260","1":"post","2":"type-post","3":"status-publish","4":"format-standard","5":"has-post-thumbnail","7":"category-ulkomaat","8":"tag-ahvenanmaa","9":"tag-breaking-news","10":"tag-breakingnews","11":"tag-featured-news","12":"tag-featurednews","13":"tag-fi","14":"tag-finland","15":"tag-finnish","16":"tag-headlines","17":"tag-hengenvaara-ja-loukkaantuminen","18":"tag-henkirikokset","19":"tag-kotimaa","20":"tag-kuolema","21":"tag-latest-news","22":"tag-latestnews","23":"tag-main-news","24":"tag-mainnews","25":"tag-murha","26":"tag-news","27":"tag-oikeudenkaynnit","28":"tag-otsikot","29":"tag-paauutiset","30":"tag-puukotus","31":"tag-rikokset","32":"tag-suomi","33":"tag-top-stories","34":"tag-topstories","35":"tag-ulkomaat","36":"tag-uutiset","37":"tag-vakivaltarikokset","38":"tag-varsinais-suomi","39":"tag-world","40":"tag-world-news","41":"tag-worldnews"},"share_on_mastodon":{"url":"","error":"Validation failed: Text character limit of 500 exceeded"},"_links":{"self":[{"href":"https:\/\/www.europesays.com\/fi\/wp-json\/wp\/v2\/posts\/113260","targetHints":{"allow":["GET"]}}],"collection":[{"href":"https:\/\/www.europesays.com\/fi\/wp-json\/wp\/v2\/posts"}],"about":[{"href":"https:\/\/www.europesays.com\/fi\/wp-json\/wp\/v2\/types\/post"}],"author":[{"embeddable":true,"href":"https:\/\/www.europesays.com\/fi\/wp-json\/wp\/v2\/users\/2"}],"replies":[{"embeddable":true,"href":"https:\/\/www.europesays.com\/fi\/wp-json\/wp\/v2\/comments?post=113260"}],"version-history":[{"count":0,"href":"https:\/\/www.europesays.com\/fi\/wp-json\/wp\/v2\/posts\/113260\/revisions"}],"wp:featuredmedia":[{"embeddable":true,"href":"https:\/\/www.europesays.com\/fi\/wp-json\/wp\/v2\/media\/113261"}],"wp:attachment":[{"href":"https:\/\/www.europesays.com\/fi\/wp-json\/wp\/v2\/media?parent=113260"}],"wp:term":[{"taxonomy":"category","embeddable":true,"href":"https:\/\/www.europesays.com\/fi\/wp-json\/wp\/v2\/categories?post=113260"},{"taxonomy":"post_tag","embeddable":true,"href":"https:\/\/www.europesays.com\/fi\/wp-json\/wp\/v2\/tags?post=113260"}],"curies":[{"name":"wp","href":"https:\/\/api.w.org\/{rel}","templated":true}]}}